{"id":22158,"date":"2019-06-25T09:39:38","date_gmt":"2019-06-25T07:39:38","guid":{"rendered":"http:\/\/www.rwg-bayreuth.de\/home\/?p=22158"},"modified":"2019-08-07T14:15:20","modified_gmt":"2019-08-07T12:15:20","slug":"barockes-weltkulturerbe-zum-anfassen","status":"publish","type":"post","link":"https:\/\/www.rwg-bayreuth.de\/home\/?p=22158","title":{"rendered":"Barockes Weltkulturerbe zum Anfassen"},"content":{"rendered":"<div id=\"attachment_22160\" style=\"width: 460px\" class=\"wp-caption aligncenter\"><a href=\"https:\/\/www.rwg-bayreuth.de\/home\/wp-content\/uploads\/2019\/06\/18-19-Deutsch-Die-Klase-8c-vor-der-F\u00fcrstenloge-im-Opernhaus.jpg\"><img loading=\"lazy\" decoding=\"async\" aria-describedby=\"caption-attachment-22160\" src=\"https:\/\/www.rwg-bayreuth.de\/home\/wp-content\/uploads\/2019\/06\/18-19-Deutsch-Die-Klase-8c-vor-der-F\u00fcrstenloge-im-Opernhaus-450x254.jpg\" alt=\"\" width=\"450\" height=\"254\" class=\"size-medium wp-image-22160\" srcset=\"https:\/\/www.rwg-bayreuth.de\/home\/wp-content\/uploads\/2019\/06\/18-19-Deutsch-Die-Klase-8c-vor-der-F\u00fcrstenloge-im-Opernhaus-450x254.jpg 450w, https:\/\/www.rwg-bayreuth.de\/home\/wp-content\/uploads\/2019\/06\/18-19-Deutsch-Die-Klase-8c-vor-der-F\u00fcrstenloge-im-Opernhaus-768x433.jpg 768w, https:\/\/www.rwg-bayreuth.de\/home\/wp-content\/uploads\/2019\/06\/18-19-Deutsch-Die-Klase-8c-vor-der-F\u00fcrstenloge-im-Opernhaus.jpg 1024w, https:\/\/www.rwg-bayreuth.de\/home\/wp-content\/uploads\/2019\/06\/18-19-Deutsch-Die-Klase-8c-vor-der-F\u00fcrstenloge-im-Opernhaus-250x141.jpg 250w, https:\/\/www.rwg-bayreuth.de\/home\/wp-content\/uploads\/2019\/06\/18-19-Deutsch-Die-Klase-8c-vor-der-F\u00fcrstenloge-im-Opernhaus-800x450.jpg 800w\" sizes=\"(max-width: 450px) 100vw, 450px\" \/><\/a><p id=\"caption-attachment-22160\" class=\"wp-caption-text\">Die Klasse 8c vor der F\u00fcrstenloge im Opernhaus<\/p><\/div>\n<p>Als Sch\u00fcler\/in eines Bayreuther Gymnasiums sollte man bis zur 8. Klasse zumindest einmal im Opernhaus gewesen sein! Zu dieser Ansicht sollte zwar nicht nur ein (Deutsch)lehrer kommen \u2013 immerhin ist das Markgr\u00e4fliche Opernhaus seit 2012 Weltkulturerbe! \u2013 , aus Sicht des Deutschkollegen bietet sich hier allerdings ein Lernort der besonderen Art.<\/p>\n<p>Somit machte sich die Klasse 8c an einem sommerlichen Vormittag vor den Pfingstferien mit ihrer Deutschlehrerin Frau Track auf den kurzen Fu\u00dfmarsch vom RWG durch die Stadt: Ziel der Exkursion im Rahmen des Literaturunterrichts im Fach Deutsch war das Markgr\u00e4fliche Opernhaus als besterhaltenes Beispiel eines freistehenden barocken Hoftheaters.<\/p>\n<p>Was im Unterricht w\u00e4hrend der Epochenbetrachtung des Barock bislang lediglich in der Theorie behandelt werden konnte, sollte nun in der Praxis f\u00fcr alle greifbar vor Augen gef\u00fchrt werden.<br \/>\nAngekommen vor der wohlbekannten Fassade \u2013 gestaltet durch den Hofarchitekten Joseph St. Pierre \u2013 warteten die Sch\u00fcler\/innen gespannt auf den Einlass; es stellte sich im Vorfeld n\u00e4mlich tats\u00e4chlich heraus, dass die allerwenigsten von ihnen bislang das Opernhaus besichtigt hatten! <\/p>\n<p>Umso imposanter muss dann der erste Eindruck gewesen sein, der sich dem Betrachter mit dem Betreten des Innenraumes bietet!<br \/>\nNach einer kurzen Einstimmungsphase, bei der flei\u00dfig Fotos gemacht werden durften, nahmen alle im Parkett Platz; dort wurde ein kurzer Einf\u00fchrungsfilm gezeigt, der den Besucher mit auf eine Art Zeitreise nimmt und eintauchen l\u00e4sst in die Gegebenheiten und das Umfeld des <em>theatrum mundi<\/em>, des barocken Welttheaters. Vom Typus dem italienischen Logentheater angelehnt, war die Architektur des Markgr\u00e4flichen Opernhauses zum Spiegel der h\u00f6fischen Repr\u00e4sentation der damaligen Zeit geworden. <\/p>\n<p>In einem an die Filmsequenz anschlie\u00dfenden Vortrag durch eine Mitarbeiterin wurden weitere Eckdaten zur Entstehungsgeschichte, der Auftraggeberin Markgr\u00e4fin Wilhelmine von Brandenburg-Bayreuth, dem Architekten Giuseppe Galli Bibiena, dem architektonischen Aufbau sowie der barocken Illusionskunst gegeben.<br \/>\nAls Erinnerung entstand zudem ein Gruppenfoto der Klasse 8c mit Blick Richtung F\u00fcrstenloge.<\/p>\n<p><a href=\"https:\/\/www.rwg-bayreuth.de\/home\/wp-content\/uploads\/2019\/06\/18-19-Deutsch-Opernhaus-Abschlussfoto-mit-Eis.jpg\"><img loading=\"lazy\" decoding=\"async\" src=\"https:\/\/www.rwg-bayreuth.de\/home\/wp-content\/uploads\/2019\/06\/18-19-Deutsch-Opernhaus-Abschlussfoto-mit-Eis-450x253.jpg\" alt=\"\" width=\"450\" height=\"253\" class=\"alignright size-medium wp-image-22159\" srcset=\"https:\/\/www.rwg-bayreuth.de\/home\/wp-content\/uploads\/2019\/06\/18-19-Deutsch-Opernhaus-Abschlussfoto-mit-Eis-450x253.jpg 450w, https:\/\/www.rwg-bayreuth.de\/home\/wp-content\/uploads\/2019\/06\/18-19-Deutsch-Opernhaus-Abschlussfoto-mit-Eis-768x432.jpg 768w, https:\/\/www.rwg-bayreuth.de\/home\/wp-content\/uploads\/2019\/06\/18-19-Deutsch-Opernhaus-Abschlussfoto-mit-Eis.jpg 1024w, https:\/\/www.rwg-bayreuth.de\/home\/wp-content\/uploads\/2019\/06\/18-19-Deutsch-Opernhaus-Abschlussfoto-mit-Eis-250x141.jpg 250w, https:\/\/www.rwg-bayreuth.de\/home\/wp-content\/uploads\/2019\/06\/18-19-Deutsch-Opernhaus-Abschlussfoto-mit-Eis-800x450.jpg 800w\" sizes=\"(max-width: 450px) 100vw, 450px\" \/><\/a>Mit vielen neuen Eindrucken versammelte sich die Gruppe vor dem R\u00fcckweg wieder vor dem Wittels&shy;bacher&shy;brunnen gegen\u00fcber des Opernhauses \u2013 nicht ohne zuvor noch schnell einen Abstecher in die unweit gelegene Eisdiele vorzunehmen, denn ein Unterrichtsgang rund um das Thema Barock hat schlie\u00dflich auch etwas mit Schlemmen und Genie\u00dfen zu tun, oder?<\/p>\n<p><em>S. Track<\/em><\/p>\n","protected":false},"excerpt":{"rendered":"<p>Als Sch\u00fcler\/in eines Bayreuther Gymnasiums sollte man bis zur 8. Klasse zumindest einmal im Opernhaus gewesen sein! Zu dieser Ansicht sollte zwar nicht nur ein (Deutsch)lehrer kommen \u2013 immerhin ist das Markgr\u00e4fliche Opernhaus seit 2012 Weltkulturerbe! \u2013 , aus Sicht des Deutschkollegen bietet sich hier allerdings ein Lernort der besonderen Art. Somit machte sich die&hellip;<\/p>\n","protected":false},"author":11,"featured_media":22378,"comment_status":"closed","ping_status":"closed","sticky":false,"template":"","format":"standard","meta":{"footnotes":""},"categories":[1],"tags":[59,51],"_links":{"self":[{"href":"https:\/\/www.rwg-bayreuth.de\/home\/index.php?rest_route=\/wp\/v2\/posts\/22158"}],"collection":[{"href":"https:\/\/www.rwg-bayreuth.de\/home\/index.php?rest_route=\/wp\/v2\/posts"}],"about":[{"href":"https:\/\/www.rwg-bayreuth.de\/home\/index.php?rest_route=\/wp\/v2\/types\/post"}],"author":[{"embeddable":true,"href":"https:\/\/www.rwg-bayreuth.de\/home\/index.php?rest_route=\/wp\/v2\/users\/11"}],"replies":[{"embeddable":true,"href":"https:\/\/www.rwg-bayreuth.de\/home\/index.php?rest_route=%2Fwp%2Fv2%2Fcomments&post=22158"}],"version-history":[{"count":2,"href":"https:\/\/www.rwg-bayreuth.de\/home\/index.php?rest_route=\/wp\/v2\/posts\/22158\/revisions"}],"predecessor-version":[{"id":22162,"href":"https:\/\/www.rwg-bayreuth.de\/home\/index.php?rest_route=\/wp\/v2\/posts\/22158\/revisions\/22162"}],"wp:featuredmedia":[{"embeddable":true,"href":"https:\/\/www.rwg-bayreuth.de\/home\/index.php?rest_route=\/wp\/v2\/media\/22378"}],"wp:attachment":[{"href":"https:\/\/www.rwg-bayreuth.de\/home\/index.php?rest_route=%2Fwp%2Fv2%2Fmedia&parent=22158"}],"wp:term":[{"taxonomy":"category","embeddable":true,"href":"https:\/\/www.rwg-bayreuth.de\/home\/index.php?rest_route=%2Fwp%2Fv2%2Fcategories&post=22158"},{"taxonomy":"post_tag","embeddable":true,"href":"https:\/\/www.rwg-bayreuth.de\/home\/index.php?rest_route=%2Fwp%2Fv2%2Ftags&post=22158"}],"curies":[{"name":"wp","href":"https:\/\/api.w.org\/{rel}","templated":true}]}}