{"id":22149,"date":"2019-06-16T14:38:37","date_gmt":"2019-06-16T12:38:37","guid":{"rendered":"http:\/\/www.rwg-bayreuth.de\/home\/?p=22149"},"modified":"2019-06-18T10:37:05","modified_gmt":"2019-06-18T08:37:05","slug":"beim-verlag-hinter-die-kulissen-geschaut","status":"publish","type":"post","link":"https:\/\/www.rwg-bayreuth.de\/home\/?p=22149","title":{"rendered":"Beim Verlag hinter die Kulissen geschaut&#8230;"},"content":{"rendered":"<p><a href=\"https:\/\/www.rwg-bayreuth.de\/home\/wp-content\/uploads\/2019\/06\/18-19-Deutsch-HURRA-Neuer-Lesestoff-f\u00fcr-alle.jpg\"><img loading=\"lazy\" decoding=\"async\" src=\"https:\/\/www.rwg-bayreuth.de\/home\/wp-content\/uploads\/2019\/06\/18-19-Deutsch-HURRA-Neuer-Lesestoff-f\u00fcr-alle-450x253.jpg\" alt=\"\" width=\"450\" height=\"253\" class=\"aligncenter size-medium wp-image-22153\" srcset=\"https:\/\/www.rwg-bayreuth.de\/home\/wp-content\/uploads\/2019\/06\/18-19-Deutsch-HURRA-Neuer-Lesestoff-f\u00fcr-alle-450x253.jpg 450w, https:\/\/www.rwg-bayreuth.de\/home\/wp-content\/uploads\/2019\/06\/18-19-Deutsch-HURRA-Neuer-Lesestoff-f\u00fcr-alle-768x431.jpg 768w, https:\/\/www.rwg-bayreuth.de\/home\/wp-content\/uploads\/2019\/06\/18-19-Deutsch-HURRA-Neuer-Lesestoff-f\u00fcr-alle.jpg 1024w, https:\/\/www.rwg-bayreuth.de\/home\/wp-content\/uploads\/2019\/06\/18-19-Deutsch-HURRA-Neuer-Lesestoff-f\u00fcr-alle-250x140.jpg 250w, https:\/\/www.rwg-bayreuth.de\/home\/wp-content\/uploads\/2019\/06\/18-19-Deutsch-HURRA-Neuer-Lesestoff-f\u00fcr-alle-800x450.jpg 800w\" sizes=\"(max-width: 450px) 100vw, 450px\" \/><\/a><\/p>\n<p>Beim Tag der offenen T\u00fcr beim Loewe-Verlag am 09. Mai nutzte auch die Klasse 5c im Rahmen des Literaturunterrichts die exklusive Gelegenheit, mehr \u00fcber die Entstehung eines Buches zu erfahren: Da sich das Verlagshaus des bekannten Kinder- und Jugendbuchverlags lediglich ein paar Kilometer von der Schule entfernt in Bindlach befindet, machte sich die Klasse zusammen mit Frau Track und Herrn Mehl bequem mit dem Stadtbus zu einer kurzweiligen Exkursion auf.<\/p>\n<p>In freudiger Erwartung auf das, was wohl geboten sein w\u00fcrde, stellten sich die Sch\u00fcler auf den Vormittag ein: Bereits im Bus konnte man erahnen, wer dort als Klasse unterwegs war, denn die Sch\u00fcler\/innen stimmten eigenm\u00e4chtig und sehr textsicher die Schulhymne an: &#8218;Wir sind das RWG&hellip;!&#8216;<br \/>\nAngekommen in Bindlach wurden wir von Herrn N\u00fcse-Lorenz in Empfang genommen, der die Gruppe in einem der Konferenzr\u00e4ume des Verlagshauses zusammen mit noch einer weiteren Sch\u00fclergruppe willkommen hie\u00df. Auch f\u00fcr eine kleine St\u00e4rkung sowie ein kleines Pr\u00e4sent zum Mitnehmen war bestens gesorgt.<br \/>\nDie Veranstaltung er\u00f6ffnete offiziell der Verlagsinhaber des Familienunternehmens, Herr Christoph Gondrom; er erl\u00e4uterte einige Fakten zur Geschichte des Verlags sowie zur didaktisch-p\u00e4dagogischen Positionierung der Kinder- und Jungendb\u00fccher des Loewe-Verlags.<br \/>\nInsbesondere standen jedoch auch folgende Fragen im Mittelpunkt der Veranstaltung: <em>Wie entsteht eigentlich ein Buch? Wie ist der Buchmarkt aufgebaut? Und wie sieht der Alltag in einem Kinder- und Jugendbuchverlag aus?<\/em><\/p>\n<p><a href=\"https:\/\/www.rwg-bayreuth.de\/home\/wp-content\/uploads\/2019\/06\/18-19-Deutsch-beim-Loewe-Verlag.jpg\"><img loading=\"lazy\" decoding=\"async\" src=\"https:\/\/www.rwg-bayreuth.de\/home\/wp-content\/uploads\/2019\/06\/18-19-Deutsch-beim-Loewe-Verlag-450x254.jpg\" alt=\"\" width=\"450\" height=\"254\" class=\"alignright size-medium wp-image-22151\" srcset=\"https:\/\/www.rwg-bayreuth.de\/home\/wp-content\/uploads\/2019\/06\/18-19-Deutsch-beim-Loewe-Verlag-450x254.jpg 450w, https:\/\/www.rwg-bayreuth.de\/home\/wp-content\/uploads\/2019\/06\/18-19-Deutsch-beim-Loewe-Verlag-768x433.jpg 768w, https:\/\/www.rwg-bayreuth.de\/home\/wp-content\/uploads\/2019\/06\/18-19-Deutsch-beim-Loewe-Verlag.jpg 1024w, https:\/\/www.rwg-bayreuth.de\/home\/wp-content\/uploads\/2019\/06\/18-19-Deutsch-beim-Loewe-Verlag-250x141.jpg 250w, https:\/\/www.rwg-bayreuth.de\/home\/wp-content\/uploads\/2019\/06\/18-19-Deutsch-beim-Loewe-Verlag-800x450.jpg 800w\" sizes=\"(max-width: 450px) 100vw, 450px\" \/><\/a>Hierzu waren einige Mitarbei&shy;terinnen und Mitarbeiter aus dem Loewe-Verlags anwesend, die reihum die Arbeit in den Abteilungen, f\u00fcr die sie jeweils zust\u00e4ndig sind, aufzeigten und den Sch\u00fclern geduldig Rede und Antwort standen auf ihre zahlreichen Fragen:<br \/>\nEs ging dabei mit den Bereichen der Redaktion und Herstellung einerseits um Aufgabenfelder, die vor dem Erscheinen eines gedruckten Buches eine Rolle spielen; andererseits wurden mit den Sparten des Vertriebs sowie der PR- und Lizenzabteilung Bereiche und Arbeitsfelder thematisiert, die auf den Absatzmarkt der B\u00fccher zielen. Auch der Beruf des Lektors, der die B\u00fccher mehrfach Korrektur liest, oder aber des Illustrators\u2013 des k\u00fcnstlerischen Gestalters \u2013 konnte den Kindern anschaulich erkl\u00e4rt werden. <\/p>\n<p><a href=\"https:\/\/www.rwg-bayreuth.de\/home\/wp-content\/uploads\/2019\/06\/18-19-Deutsch-Preise-aus-der-Marketing-Abteilung.jpg\"><img loading=\"lazy\" decoding=\"async\" src=\"https:\/\/www.rwg-bayreuth.de\/home\/wp-content\/uploads\/2019\/06\/18-19-Deutsch-Preise-aus-der-Marketing-Abteilung-450x252.jpg\" alt=\"\" width=\"450\" height=\"252\" class=\"alignleft size-medium wp-image-22150\" srcset=\"https:\/\/www.rwg-bayreuth.de\/home\/wp-content\/uploads\/2019\/06\/18-19-Deutsch-Preise-aus-der-Marketing-Abteilung-450x252.jpg 450w, https:\/\/www.rwg-bayreuth.de\/home\/wp-content\/uploads\/2019\/06\/18-19-Deutsch-Preise-aus-der-Marketing-Abteilung-768x431.jpg 768w, https:\/\/www.rwg-bayreuth.de\/home\/wp-content\/uploads\/2019\/06\/18-19-Deutsch-Preise-aus-der-Marketing-Abteilung.jpg 1024w, https:\/\/www.rwg-bayreuth.de\/home\/wp-content\/uploads\/2019\/06\/18-19-Deutsch-Preise-aus-der-Marketing-Abteilung-250x140.jpg 250w, https:\/\/www.rwg-bayreuth.de\/home\/wp-content\/uploads\/2019\/06\/18-19-Deutsch-Preise-aus-der-Marketing-Abteilung-800x450.jpg 800w\" sizes=\"(max-width: 450px) 100vw, 450px\" \/><\/a>Sichtlich Eindruck bei den F\u00fcnft&shy;kl\u00e4sslern machte v.a. auch der aufw\u00e4ndige Her&shy;stellungs&shy;prozess, bei dem zun\u00e4chst eine \u00fcbergro\u00dfe, noch nicht gefaltete Buchfahne entsteht \u2013 ein langer Weg also, bis wir das gedruckte Buch im uns vertrauten Format in den H\u00e4nden halten k\u00f6nnen!<br \/>\nHoch motiviert und konzentriert bei der Sache waren die Sch\u00fcler\/innen zudem bei der Pr\u00e4sentation der Marketing-Abteilung: Standesgem\u00e4\u00df wurden hier n\u00e4mlich Preise f\u00fcr die passenden Antworten vergeben, die durch geschicktes Kombinieren und Nachdenken ausnahmslos unsere RWG-Sch\u00fcler\/innen mit nach Hause nehmen konnten! <\/p>\n<p><a href=\"https:\/\/www.rwg-bayreuth.de\/home\/wp-content\/uploads\/2019\/06\/18-19-Deutsch-B\u00fccher-aus-der-gro\u00dfen-Ausschuss-Kiste.jpg\"><img loading=\"lazy\" decoding=\"async\" src=\"https:\/\/www.rwg-bayreuth.de\/home\/wp-content\/uploads\/2019\/06\/18-19-Deutsch-B\u00fccher-aus-der-gro\u00dfen-Ausschuss-Kiste-253x450.jpg\" alt=\"\" width=\"253\" height=\"450\" class=\"alignright size-medium wp-image-22152\" srcset=\"https:\/\/www.rwg-bayreuth.de\/home\/wp-content\/uploads\/2019\/06\/18-19-Deutsch-B\u00fccher-aus-der-gro\u00dfen-Ausschuss-Kiste-253x450.jpg 253w, https:\/\/www.rwg-bayreuth.de\/home\/wp-content\/uploads\/2019\/06\/18-19-Deutsch-B\u00fccher-aus-der-gro\u00dfen-Ausschuss-Kiste.jpg 576w, https:\/\/www.rwg-bayreuth.de\/home\/wp-content\/uploads\/2019\/06\/18-19-Deutsch-B\u00fccher-aus-der-gro\u00dfen-Ausschuss-Kiste-250x444.jpg 250w\" sizes=\"(max-width: 253px) 100vw, 253px\" \/><\/a>Und noch eine weitere \u00dcberraschung f\u00fcr die Kinder hatte sich der Verlag ausgedacht: Am Ende der Veranstaltung wurden wir in eine Lagerhalle gef\u00fchrt, die bis unter die Decke mit B\u00fcchern auf unz\u00e4hligen Palettenpl\u00e4tzen gef\u00fcllt war \u2013 alleine das war schon beeindruckend genug: \u201eSo viele B\u00fccher&hellip;\u00fcberall&hellip;Wahnsinn!\u201c, staunte dabei eine Sch\u00fclerin nicht schlecht, \u201ewenn man die alle lesen k\u00f6nnte, da w\u00fcsste ich gar nicht, wo ich anfangen soll&hellip;!\u201c<br \/>\nEine Entscheidung musste am Ende aber dann doch noch getroffen werden: In einer riesigen Kiste waren unz\u00e4hlige Ausschuss-B\u00fccher, sog. Remittenden, gesammelt, von denen sich jede\/r Sch\u00fcler\/in eines aussuchen durfte \u2013 ein tolles Highlight zum Schluss, das von den Kindern mit Begeisterung angenommen wurde!<\/p>\n<p>Der tolle Erfolg der Veranstaltung zeigte sich auf der R\u00fcckfahrt: Ein Gro\u00dfteil der Klasse sa\u00df versunken im Sitz des Busses \u2013 den Blick und die Gedanken gerichtet auf den neuen Lesestoff!<\/p>\n<p>Vielen Dank an dieser Stelle noch einmal an alle Mitarbeiter des Loewe-Verlags, die dieses sch\u00f6ne Erlebnis m\u00f6glich gemacht haben! Wir kommen gerne wieder!<\/p>\n<p><em>S. Track<\/em><\/p>\n","protected":false},"excerpt":{"rendered":"<p>Beim Tag der offenen T\u00fcr beim Loewe-Verlag am 09. Mai nutzte auch die Klasse 5c im Rahmen des Literaturunterrichts die exklusive Gelegenheit, mehr \u00fcber die Entstehung eines Buches zu erfahren: Da sich das Verlagshaus des bekannten Kinder- und Jugendbuchverlags lediglich ein paar Kilometer von der Schule entfernt in Bindlach befindet, machte sich die Klasse zusammen&hellip;<\/p>\n","protected":false},"author":11,"featured_media":22153,"comment_status":"closed","ping_status":"closed","sticky":false,"template":"","format":"standard","meta":{"footnotes":""},"categories":[1],"tags":[59,51],"_links":{"self":[{"href":"https:\/\/www.rwg-bayreuth.de\/home\/index.php?rest_route=\/wp\/v2\/posts\/22149"}],"collection":[{"href":"https:\/\/www.rwg-bayreuth.de\/home\/index.php?rest_route=\/wp\/v2\/posts"}],"about":[{"href":"https:\/\/www.rwg-bayreuth.de\/home\/index.php?rest_route=\/wp\/v2\/types\/post"}],"author":[{"embeddable":true,"href":"https:\/\/www.rwg-bayreuth.de\/home\/index.php?rest_route=\/wp\/v2\/users\/11"}],"replies":[{"embeddable":true,"href":"https:\/\/www.rwg-bayreuth.de\/home\/index.php?rest_route=%2Fwp%2Fv2%2Fcomments&post=22149"}],"version-history":[{"count":7,"href":"https:\/\/www.rwg-bayreuth.de\/home\/index.php?rest_route=\/wp\/v2\/posts\/22149\/revisions"}],"predecessor-version":[{"id":22166,"href":"https:\/\/www.rwg-bayreuth.de\/home\/index.php?rest_route=\/wp\/v2\/posts\/22149\/revisions\/22166"}],"wp:featuredmedia":[{"embeddable":true,"href":"https:\/\/www.rwg-bayreuth.de\/home\/index.php?rest_route=\/wp\/v2\/media\/22153"}],"wp:attachment":[{"href":"https:\/\/www.rwg-bayreuth.de\/home\/index.php?rest_route=%2Fwp%2Fv2%2Fmedia&parent=22149"}],"wp:term":[{"taxonomy":"category","embeddable":true,"href":"https:\/\/www.rwg-bayreuth.de\/home\/index.php?rest_route=%2Fwp%2Fv2%2Fcategories&post=22149"},{"taxonomy":"post_tag","embeddable":true,"href":"https:\/\/www.rwg-bayreuth.de\/home\/index.php?rest_route=%2Fwp%2Fv2%2Ftags&post=22149"}],"curies":[{"name":"wp","href":"https:\/\/api.w.org\/{rel}","templated":true}]}}