{"id":22138,"date":"2019-06-10T20:30:20","date_gmt":"2019-06-10T18:30:20","guid":{"rendered":"http:\/\/www.rwg-bayreuth.de\/home\/?p=22138"},"modified":"2019-06-10T22:05:33","modified_gmt":"2019-06-10T20:05:33","slug":"ich-schenk-dir-eine-geschichte","status":"publish","type":"post","link":"https:\/\/www.rwg-bayreuth.de\/home\/?p=22138","title":{"rendered":"Ich schenk\u00b4 dir eine Geschichte!"},"content":{"rendered":"<p><a href=\"https:\/\/www.rwg-bayreuth.de\/home\/wp-content\/uploads\/2019\/06\/18-19-Deutsch-Allerhand-zum-Staunen-in-den-B\u00fcchern.jpg\"><img loading=\"lazy\" decoding=\"async\" class=\"aligncenter size-medium wp-image-22139\" src=\"https:\/\/www.rwg-bayreuth.de\/home\/wp-content\/uploads\/2019\/06\/18-19-Deutsch-Allerhand-zum-Staunen-in-den-B\u00fcchern-450x253.jpg\" alt=\"\" width=\"450\" height=\"253\" srcset=\"https:\/\/www.rwg-bayreuth.de\/home\/wp-content\/uploads\/2019\/06\/18-19-Deutsch-Allerhand-zum-Staunen-in-den-B\u00fcchern-450x253.jpg 450w, https:\/\/www.rwg-bayreuth.de\/home\/wp-content\/uploads\/2019\/06\/18-19-Deutsch-Allerhand-zum-Staunen-in-den-B\u00fcchern-768x431.jpg 768w, https:\/\/www.rwg-bayreuth.de\/home\/wp-content\/uploads\/2019\/06\/18-19-Deutsch-Allerhand-zum-Staunen-in-den-B\u00fcchern.jpg 1024w, https:\/\/www.rwg-bayreuth.de\/home\/wp-content\/uploads\/2019\/06\/18-19-Deutsch-Allerhand-zum-Staunen-in-den-B\u00fcchern-250x140.jpg 250w, https:\/\/www.rwg-bayreuth.de\/home\/wp-content\/uploads\/2019\/06\/18-19-Deutsch-Allerhand-zum-Staunen-in-den-B\u00fcchern-800x450.jpg 800w\" sizes=\"(max-width: 450px) 100vw, 450px\" \/><\/a><\/p>\n<p><em>Ich schenk\u00b4\u00a0 dir eine Geschichte&#8230;<\/em> unter diesem Motto steht der allj\u00e4hrliche Welttag des Buches, der jedes Jahr am 23.04. gefeiert wird. Da der Tag dieses Jahr auf die Osterferien fiel, fieberten unsere Sch\u00fcler\/innen der 5. Klassen schon den Monaten Mai und Juni entgegen, in denen sie sich die beliebten Buch-Gutscheine in einer ihrer Wunschbuchhandlungen abholen konnten.<\/p>\n<p>Seinen Ursprung hat der Tag eigentlich in einer regionalen Tradition, die zu einem internationalen Ereignis geworden ist. 1995 wurde der 23. April von der UNESCO zum weltweiten Feiertag f\u00fcr das Lesen, f\u00fcr B\u00fccher und die Rechte der Autoren. Als Inspiration diente ein katalanischer Brauch, bei dem in Barcelona zum Namenstag des Volksheiligen St. Jordi (St. Georg) Rosen und B\u00fccher verschenkt werden.<\/p>\n<p>Mittlerweile ist es am RWG l\u00e4ngst zu einer festen Tradition geworden, im Rahmen des Welttags des Buches gemeinsam mit der Klasse eine Buchhandlung zu besuchen.<br \/>\nVielfach hatten sich die Kinder im Unterricht mit der Entstehung und Bedeutung des Tags befasst. Au\u00dferdem hatten sie in der Klasse zusammengetragen, welche B\u00fccher derzeit von F\u00fcnftkl\u00e4sslern gerne gelesen werden und ihre eigenen Lieblingsb\u00fccher genannt.<\/p>\n<p>Die Klasse 5c erhielt dabei noch eine besondere \u00dcberraschung, denn alle Kinder der Klasse bekamen je eine eigene Buchempfehlung als Anregung zum Lesen \u00fcberreicht: Entworfen und verfasst sowie h\u00fcbsch gestaltet und verziert waren diese Empfehlungen in Buchform zum Aufklappen von \u00e4lteren Sch\u00fclern (vielen Dank hierbei nochmals an die Klasse 7c, deren Arbeiten nun die F\u00fcnftkl\u00e4ssler zum Lesen animieren konnten!).<\/p>\n<p><a href=\"https:\/\/www.rwg-bayreuth.de\/home\/wp-content\/uploads\/2019\/06\/18-19-Deutsch-Unmengen-an-Lesestoff.jpg\"><img loading=\"lazy\" decoding=\"async\" class=\"alignright size-medium wp-image-22140\" src=\"https:\/\/www.rwg-bayreuth.de\/home\/wp-content\/uploads\/2019\/06\/18-19-Deutsch-Unmengen-an-Lesestoff-450x253.jpg\" alt=\"\" width=\"450\" height=\"253\" srcset=\"https:\/\/www.rwg-bayreuth.de\/home\/wp-content\/uploads\/2019\/06\/18-19-Deutsch-Unmengen-an-Lesestoff-450x253.jpg 450w, https:\/\/www.rwg-bayreuth.de\/home\/wp-content\/uploads\/2019\/06\/18-19-Deutsch-Unmengen-an-Lesestoff-768x432.jpg 768w, https:\/\/www.rwg-bayreuth.de\/home\/wp-content\/uploads\/2019\/06\/18-19-Deutsch-Unmengen-an-Lesestoff.jpg 1024w, https:\/\/www.rwg-bayreuth.de\/home\/wp-content\/uploads\/2019\/06\/18-19-Deutsch-Unmengen-an-Lesestoff-250x141.jpg 250w, https:\/\/www.rwg-bayreuth.de\/home\/wp-content\/uploads\/2019\/06\/18-19-Deutsch-Unmengen-an-Lesestoff-800x450.jpg 800w\" sizes=\"(max-width: 450px) 100vw, 450px\" \/><\/a>Somit konnte man sich insgesamt nun gut ger\u00fcstet auf den kurzen Fu\u00dfweg von der Schule zur Buchhandlung machen, in Ruhe in einzelnen B\u00fcchern st\u00f6bern und es sich auch f\u00fcr eine kurze Leseprobe auf der Couch oder anderen gem\u00fctlichen Sitzgelegenheiten bequem machen. Zum Abschluss bekam jede\/r Sch\u00fcler\/in f\u00fcr den mitgebrachten Gutschein das Buch \u201eDer geheime Kontinent\u201c von dem Kinder- und Jugendbuchautor ThiLO.<\/p>\n<p>Bevor die Gruppe wieder ans RWG zur\u00fcckkehrte, wurde schlie\u00dflich noch ein gemeinsames Gruppenfoto mit dem neuen Lese&#8217;futter&#8216; gemacht.<br \/>\nEin herzlicher Dank ergeht an dieser Stelle auch an Frau Kraus von der Buchhandlung Rupprecht, die auf sehr anschauliche und ansprechende Weise unseren RWG-Sch\u00fcler(inne)n einen Einblick in die vielf\u00e4ltige Welt der B\u00fccher bieten konnte. Unsere Sch\u00fcler\/innen erfuhren dabei auch viel zum Hintergrund rund um die Berufe eines Schriftstellers bzw. eines Buchh\u00e4ndlers, es wurde gemeinsam der Sache auf den Grund gegangen, wie der Buchmarkt funktioniert und was eigentlich &#8218;hinter den Kulissen&#8216; alles passiert, bis sich ein Buch zum Kauf in den Buchhandlungsregalen wiederfindet \u2013 ein interessanter und lehrreicher Vormittag au\u00dferhalb des Klassenzimmers, der sicherlich nicht nur Leseratten begeistern konnte!<\/p>\n<p><em>S. Track<\/em><\/p>\n","protected":false},"excerpt":{"rendered":"<p>Ich schenk\u00b4\u00a0 dir eine Geschichte&#8230; unter diesem Motto steht der allj\u00e4hrliche Welttag des Buches, der jedes Jahr am 23.04. gefeiert wird. Da der Tag dieses Jahr auf die Osterferien fiel, fieberten unsere Sch\u00fcler\/innen der 5. Klassen schon den Monaten Mai und Juni entgegen, in denen sie sich die beliebten Buch-Gutscheine in einer ihrer Wunschbuchhandlungen abholen&hellip;<\/p>\n","protected":false},"author":11,"featured_media":22139,"comment_status":"closed","ping_status":"closed","sticky":false,"template":"","format":"standard","meta":{"footnotes":""},"categories":[1],"tags":[59,51],"_links":{"self":[{"href":"https:\/\/www.rwg-bayreuth.de\/home\/index.php?rest_route=\/wp\/v2\/posts\/22138"}],"collection":[{"href":"https:\/\/www.rwg-bayreuth.de\/home\/index.php?rest_route=\/wp\/v2\/posts"}],"about":[{"href":"https:\/\/www.rwg-bayreuth.de\/home\/index.php?rest_route=\/wp\/v2\/types\/post"}],"author":[{"embeddable":true,"href":"https:\/\/www.rwg-bayreuth.de\/home\/index.php?rest_route=\/wp\/v2\/users\/11"}],"replies":[{"embeddable":true,"href":"https:\/\/www.rwg-bayreuth.de\/home\/index.php?rest_route=%2Fwp%2Fv2%2Fcomments&post=22138"}],"version-history":[{"count":4,"href":"https:\/\/www.rwg-bayreuth.de\/home\/index.php?rest_route=\/wp\/v2\/posts\/22138\/revisions"}],"predecessor-version":[{"id":22144,"href":"https:\/\/www.rwg-bayreuth.de\/home\/index.php?rest_route=\/wp\/v2\/posts\/22138\/revisions\/22144"}],"wp:featuredmedia":[{"embeddable":true,"href":"https:\/\/www.rwg-bayreuth.de\/home\/index.php?rest_route=\/wp\/v2\/media\/22139"}],"wp:attachment":[{"href":"https:\/\/www.rwg-bayreuth.de\/home\/index.php?rest_route=%2Fwp%2Fv2%2Fmedia&parent=22138"}],"wp:term":[{"taxonomy":"category","embeddable":true,"href":"https:\/\/www.rwg-bayreuth.de\/home\/index.php?rest_route=%2Fwp%2Fv2%2Fcategories&post=22138"},{"taxonomy":"post_tag","embeddable":true,"href":"https:\/\/www.rwg-bayreuth.de\/home\/index.php?rest_route=%2Fwp%2Fv2%2Ftags&post=22138"}],"curies":[{"name":"wp","href":"https:\/\/api.w.org\/{rel}","templated":true}]}}