{"id":22065,"date":"2019-06-04T16:37:22","date_gmt":"2019-06-04T14:37:22","guid":{"rendered":"http:\/\/www.rwg-bayreuth.de\/home\/?p=22065"},"modified":"2020-02-16T17:10:11","modified_gmt":"2020-02-16T16:10:11","slug":"prag-eine-stadt-zum-verlieben","status":"publish","type":"post","link":"https:\/\/www.rwg-bayreuth.de\/home\/?p=22065","title":{"rendered":"Prag &#8211; eine Stadt zum Verlieben"},"content":{"rendered":"<p><a href=\"https:\/\/www.rwg-bayreuth.de\/home\/wp-content\/uploads\/2019\/06\/18-19-Prag1.jpg\"><img loading=\"lazy\" decoding=\"async\" class=\"aligncenter size-medium wp-image-22066\" src=\"https:\/\/www.rwg-bayreuth.de\/home\/wp-content\/uploads\/2019\/06\/18-19-Prag1-450x334.jpg\" alt=\"\" width=\"450\" height=\"334\" srcset=\"https:\/\/www.rwg-bayreuth.de\/home\/wp-content\/uploads\/2019\/06\/18-19-Prag1-450x334.jpg 450w, https:\/\/www.rwg-bayreuth.de\/home\/wp-content\/uploads\/2019\/06\/18-19-Prag1-768x571.jpg 768w, https:\/\/www.rwg-bayreuth.de\/home\/wp-content\/uploads\/2019\/06\/18-19-Prag1.jpg 1024w, https:\/\/www.rwg-bayreuth.de\/home\/wp-content\/uploads\/2019\/06\/18-19-Prag1-250x186.jpg 250w\" sizes=\"(max-width: 450px) 100vw, 450px\" \/><\/a><\/p>\n<p>Die malerische Stadt war ein wichtiger Teil unseres Reiseziels im Rahmen des Pragaustausches. Hier haben wir noch ein wenig mehr Land und Leute und ganz besonders unsere Tauschpartner kennengelernt.<\/p>\n<p>Ein umfangreiches Programm erwartete uns gleich nach der fr\u00fchen Ankunft gegen acht Uhr am Morgen. Uns stand dann ein ganzes Wochenende mit Aktivit\u00e4ten in der Familie zur Verf\u00fcgung, bei der jeder etwas anderes erleben konnte. Bei der Schulbesichtigung am Montagmorgen wurden uns viele Klassenzimmer gezeigt. Auch wenn Unterricht stattfand, durften wir uns dort umsehen. Zugleich hatten wir auch die zweite Sprachanimation, bei der wir weitere wichtige Ausdr\u00fccke und Kenntnisse der tschechischen Sprache erwerben konnten. An diesem Tag wurde uns auch die Prager Burg gezeigt, die das gr\u00f6\u00dfte geschlossene Burgareal der Welt bildet und auf dem Hradschin, dem Berg in der Stadt, liegt. Wir liefen im Rahmen des Stadtspaziergangs au\u00dferdem zum Petrin, einem Aussichtsturm, der dem Eiffelturm nachempfunden ist, spielten im Spiegelkabinett und fuhren mit der Seilbahn zur\u00fcck in die Stadt. Ein Highlight war das von den Prager Sch\u00fclern organisierte Lasertag, das uns allen sehr viel Spa\u00df gemacht hat.<a href=\"https:\/\/www.rwg-bayreuth.de\/home\/wp-content\/uploads\/2019\/06\/18-19-Prag2.jpg\"><img loading=\"lazy\" decoding=\"async\" class=\"alignright size-medium wp-image-22067\" src=\"https:\/\/www.rwg-bayreuth.de\/home\/wp-content\/uploads\/2019\/06\/18-19-Prag2-450x338.jpg\" alt=\"\" width=\"450\" height=\"338\" srcset=\"https:\/\/www.rwg-bayreuth.de\/home\/wp-content\/uploads\/2019\/06\/18-19-Prag2-450x338.jpg 450w, https:\/\/www.rwg-bayreuth.de\/home\/wp-content\/uploads\/2019\/06\/18-19-Prag2-768x576.jpg 768w, https:\/\/www.rwg-bayreuth.de\/home\/wp-content\/uploads\/2019\/06\/18-19-Prag2.jpg 1024w, https:\/\/www.rwg-bayreuth.de\/home\/wp-content\/uploads\/2019\/06\/18-19-Prag2-250x188.jpg 250w\" sizes=\"(max-width: 450px) 100vw, 450px\" \/><\/a> Der Dienstag war ein sehr verregneter Tag, an dem wir die Prager Kleinseite mit ihren pittoresken Ecken und die Karlsbr\u00fccke mit ihren Artisten kennenlernten. Einen sch\u00f6nen sonnigen Ausflug unternahmen wir am Mittwoch, da ging es zur Burg Karlstejn. Mit Schnitzel und Pommes gest\u00e4rkt gelang uns der Aufstieg leicht. Manch einer von uns besuchte am Abend noch eine Kinovorstellung oder unternahm andere Dinge in der Familie. Am letzten Tag haben wir dann f\u00fcr zwei Stunden am Unterricht teilgenommen. Wer im Deutsch- oder Englischunterricht teilnahm hatte Gl\u00fcck, denn da war die Verst\u00e4ndigung ein \u201eKlacks\u201c. Der sch\u00f6nste und sonnigste Ausflug war der in den Zoo. Schon fr\u00fch erreichten wir die Tore des bekannten Tierparks mit beeindruckend vielen Tieren und einer wundervollen Gartenanlage, der sogar einen Sessellift besitzt. Sp\u00e4ter ging es auf der Moldau ca. zwei Stunden flussaufw\u00e4rts zur vierten Br\u00fccke, wo wir gut gebr\u00e4unt ausstiegen. Ein Konzertbesuch am fr\u00fchen Abend bei einer Harfe spielenden Sch\u00fclerin stand f\u00fcr einige von uns noch auf dem Programm, bevor wir am sp\u00e4ten Abend abfuhren. Wir haben uns gut mit unseren Tauschpartnern verstanden, demzufolge war der Abschied dann auch nicht so leicht.<\/p>\n<p><em>L. P\u00fcrckhauer und A. Gerdes<\/em><\/p>\n","protected":false},"excerpt":{"rendered":"<p>Die malerische Stadt war ein wichtiger Teil unseres Reiseziels im Rahmen des Pragaustausches. Hier haben wir noch ein wenig mehr Land und Leute und ganz besonders unsere Tauschpartner kennengelernt. Ein umfangreiches Programm erwartete uns gleich nach der fr\u00fchen Ankunft gegen acht Uhr am Morgen. Uns stand dann ein ganzes Wochenende mit Aktivit\u00e4ten in der Familie&hellip;<\/p>\n","protected":false},"author":11,"featured_media":24144,"comment_status":"closed","ping_status":"closed","sticky":false,"template":"","format":"standard","meta":{"footnotes":""},"categories":[1],"tags":[68,51,108],"_links":{"self":[{"href":"https:\/\/www.rwg-bayreuth.de\/home\/index.php?rest_route=\/wp\/v2\/posts\/22065"}],"collection":[{"href":"https:\/\/www.rwg-bayreuth.de\/home\/index.php?rest_route=\/wp\/v2\/posts"}],"about":[{"href":"https:\/\/www.rwg-bayreuth.de\/home\/index.php?rest_route=\/wp\/v2\/types\/post"}],"author":[{"embeddable":true,"href":"https:\/\/www.rwg-bayreuth.de\/home\/index.php?rest_route=\/wp\/v2\/users\/11"}],"replies":[{"embeddable":true,"href":"https:\/\/www.rwg-bayreuth.de\/home\/index.php?rest_route=%2Fwp%2Fv2%2Fcomments&post=22065"}],"version-history":[{"count":5,"href":"https:\/\/www.rwg-bayreuth.de\/home\/index.php?rest_route=\/wp\/v2\/posts\/22065\/revisions"}],"predecessor-version":[{"id":22076,"href":"https:\/\/www.rwg-bayreuth.de\/home\/index.php?rest_route=\/wp\/v2\/posts\/22065\/revisions\/22076"}],"wp:featuredmedia":[{"embeddable":true,"href":"https:\/\/www.rwg-bayreuth.de\/home\/index.php?rest_route=\/wp\/v2\/media\/24144"}],"wp:attachment":[{"href":"https:\/\/www.rwg-bayreuth.de\/home\/index.php?rest_route=%2Fwp%2Fv2%2Fmedia&parent=22065"}],"wp:term":[{"taxonomy":"category","embeddable":true,"href":"https:\/\/www.rwg-bayreuth.de\/home\/index.php?rest_route=%2Fwp%2Fv2%2Fcategories&post=22065"},{"taxonomy":"post_tag","embeddable":true,"href":"https:\/\/www.rwg-bayreuth.de\/home\/index.php?rest_route=%2Fwp%2Fv2%2Ftags&post=22065"}],"curies":[{"name":"wp","href":"https:\/\/api.w.org\/{rel}","templated":true}]}}