{"id":22046,"date":"2019-06-04T09:57:19","date_gmt":"2019-06-04T07:57:19","guid":{"rendered":"http:\/\/www.rwg-bayreuth.de\/home\/?p=22046"},"modified":"2019-06-04T10:04:26","modified_gmt":"2019-06-04T08:04:26","slug":"europa-seminar-der-9-klassen-auf-schloss-schney","status":"publish","type":"post","link":"https:\/\/www.rwg-bayreuth.de\/home\/?p=22046","title":{"rendered":"Europa-Seminar der 9. Klassen auf Schloss Schney"},"content":{"rendered":"<p><a href=\"https:\/\/www.rwg-bayreuth.de\/home\/wp-content\/uploads\/2019\/06\/18-19-Sozi-Schney.jpg\"><img loading=\"lazy\" decoding=\"async\" src=\"https:\/\/www.rwg-bayreuth.de\/home\/wp-content\/uploads\/2019\/06\/18-19-Sozi-Schney-450x300.jpg\" alt=\"\" width=\"450\" height=\"338\" class=\"aligncenter size-medium wp-image-22047\" \/><\/a><\/p>\n<p>Vom 13.5. -15.5.2019 waren die beiden Sozialkundeklassen der 9.&nbsp;Jahrgangsstufe mit Frau Steininger und Frau Herrmann-Maier in der Franken-Akademie auf Schloss Schney.<\/p>\n<p>Nach der Anreise mit dem Zug kamen wir gleich in den Genuss eines leckeren Mittagessens. Danach wurden wir in zwei Gruppen aufgeteilt, die 9a in eine Gruppe und 9bc in die andere und begannen mit dem Bildungsseminar. Hierzu hielten die beiden Referenten einen Vortrag \u00fcber die Strukturen der EU und die Geschichte Europas. Unterbrochen wurde die Veranstaltung durch eine kleine Kaffee- und Kuchenpause.<br \/>\nDer n\u00e4chste Teil des Seminars, mit dem wir am zweiten Tag unseres Aufenthaltes begannen, bestand aus Gruppenarbeiten. Bei diesen besch\u00e4ftigte sich jede Gruppe mit einem bestimmten Thema der EU wie beispielsweise der Fl\u00fcchtlingskrise. Als die Gruppen am Nachmittag ihre Pr\u00e4sentationen fertig vorbereitet hatten, begannen wir unsere Arbeiten vorzutragen, wobei wir gefilmt wurden. Sp\u00e4ter werteten wir die Aufnahmen nach bestimmten Kriterien hinsichtlich eines guten Vortrags aus. Da wir am Dienstag damit nicht fertig wurden, machten wir am n\u00e4chsten Tag weiter. <\/p>\n<p>Danach besch\u00e4ftigten wir uns in einer spannenden Debatte mit dem Thema \u201eBrauchen wir die EU eigentlich noch?\u201c. Schlie\u00dflich fuhren wir nach dem Mittagessen gest\u00e4rkt und mit vielen neuen Eindr\u00fccken und Informationen zu Europa mit dem Zug wieder zur\u00fcck nach Bayreuth.<\/p>\n<p><em>Elina Knoll<\/em><\/p>\n","protected":false},"excerpt":{"rendered":"<p>Vom 13.5. -15.5.2019 waren die beiden Sozialkundeklassen der 9.&nbsp;Jahrgangsstufe mit Frau Steininger und Frau Herrmann-Maier in der Franken-Akademie auf Schloss Schney. Nach der Anreise mit dem Zug kamen wir gleich in den Genuss eines leckeren Mittagessens. Danach wurden wir in zwei Gruppen aufgeteilt, die 9a in eine Gruppe und 9bc in die andere und begannen&hellip;<\/p>\n","protected":false},"author":11,"featured_media":22047,"comment_status":"closed","ping_status":"closed","sticky":false,"template":"","format":"standard","meta":{"footnotes":""},"categories":[1],"tags":[51,52],"_links":{"self":[{"href":"https:\/\/www.rwg-bayreuth.de\/home\/index.php?rest_route=\/wp\/v2\/posts\/22046"}],"collection":[{"href":"https:\/\/www.rwg-bayreuth.de\/home\/index.php?rest_route=\/wp\/v2\/posts"}],"about":[{"href":"https:\/\/www.rwg-bayreuth.de\/home\/index.php?rest_route=\/wp\/v2\/types\/post"}],"author":[{"embeddable":true,"href":"https:\/\/www.rwg-bayreuth.de\/home\/index.php?rest_route=\/wp\/v2\/users\/11"}],"replies":[{"embeddable":true,"href":"https:\/\/www.rwg-bayreuth.de\/home\/index.php?rest_route=%2Fwp%2Fv2%2Fcomments&post=22046"}],"version-history":[{"count":3,"href":"https:\/\/www.rwg-bayreuth.de\/home\/index.php?rest_route=\/wp\/v2\/posts\/22046\/revisions"}],"predecessor-version":[{"id":22063,"href":"https:\/\/www.rwg-bayreuth.de\/home\/index.php?rest_route=\/wp\/v2\/posts\/22046\/revisions\/22063"}],"wp:featuredmedia":[{"embeddable":true,"href":"https:\/\/www.rwg-bayreuth.de\/home\/index.php?rest_route=\/wp\/v2\/media\/22047"}],"wp:attachment":[{"href":"https:\/\/www.rwg-bayreuth.de\/home\/index.php?rest_route=%2Fwp%2Fv2%2Fmedia&parent=22046"}],"wp:term":[{"taxonomy":"category","embeddable":true,"href":"https:\/\/www.rwg-bayreuth.de\/home\/index.php?rest_route=%2Fwp%2Fv2%2Fcategories&post=22046"},{"taxonomy":"post_tag","embeddable":true,"href":"https:\/\/www.rwg-bayreuth.de\/home\/index.php?rest_route=%2Fwp%2Fv2%2Ftags&post=22046"}],"curies":[{"name":"wp","href":"https:\/\/api.w.org\/{rel}","templated":true}]}}