{"id":22040,"date":"2019-06-01T10:45:32","date_gmt":"2019-06-01T08:45:32","guid":{"rendered":"http:\/\/www.rwg-bayreuth.de\/home\/?p=22040"},"modified":"2019-06-01T10:45:32","modified_gmt":"2019-06-01T08:45:32","slug":"adam-ries-vierlaender-wettbewerb-mit-mathe-camp","status":"publish","type":"post","link":"https:\/\/www.rwg-bayreuth.de\/home\/?p=22040","title":{"rendered":"Adam-Ries-Vierl\u00e4nder-Wettbewerb mit Mathe-Camp"},"content":{"rendered":"<p><a href=\"https:\/\/www.rwg-bayreuth.de\/home\/wp-content\/uploads\/2019\/06\/Adam-Ries-runde-3-1.jpg\"><img loading=\"lazy\" decoding=\"async\" src=\"https:\/\/www.rwg-bayreuth.de\/home\/wp-content\/uploads\/2019\/06\/Adam-Ries-runde-3-1-338x450.jpg\" alt=\"\" width=\"338\" height=\"450\" class=\"alignright size-medium wp-image-22041\" srcset=\"https:\/\/www.rwg-bayreuth.de\/home\/wp-content\/uploads\/2019\/06\/Adam-Ries-runde-3-1-338x450.jpg 338w, https:\/\/www.rwg-bayreuth.de\/home\/wp-content\/uploads\/2019\/06\/Adam-Ries-runde-3-1-768x1024.jpg 768w, https:\/\/www.rwg-bayreuth.de\/home\/wp-content\/uploads\/2019\/06\/Adam-Ries-runde-3-1-250x333.jpg 250w, https:\/\/www.rwg-bayreuth.de\/home\/wp-content\/uploads\/2019\/06\/Adam-Ries-runde-3-1.jpg 1024w\" sizes=\"(max-width: 338px) 100vw, 338px\" \/><\/a>Im April qualifizierte sich Noah Bergmann aus der Klasse 5e f\u00fcr die dritte und damit l\u00e4nder\u00fcbergreifende Runde beim Adam-Ries-Wettbewerb. Damit wurde er zum Trainingscamp nach Hof und zum Wettkampf nach Annaberg-Buchholz eingeladen. <\/p>\n<p>In Hof trafen sich alle zehn oberfr\u00e4nkischen Teilnehmer zur Wettkampf-Vorbereitung: Es wurde viel ge\u00fcbt und gespielt und nach zwei Tagen f\u00fchlten sich alle stark genug, um gegen ihre Konkurrenten aus Sachsen, Th\u00fcringen und Tschechien anzutreten.<\/p>\n<p>Ein Wochenende sp\u00e4ter war es dann soweit:<br \/>\nAlle oberfr\u00e4nkischen Teilnehmer reisten nach Annaberg-Buchholz, dem Sterbeort von Adam Ries, und trafen dort auf ihre Kontrahenten aus den anderen Bundesl\u00e4ndern. Insgesamt 39 Kinder trafen sich in D\u00f6rfel in Sachsen in einem Naturschutzzentrum. Die acht oberfr\u00e4nkischen Jungen, durften gemeinsam einen Bungalow beziehen und lernten sich bei Spielen und Lagerfeuer besser kennen. Am Samstag wurde es dann ernst. In zwei mathematische Wettbewerbsrunden mussten sie ihr K\u00f6nnen unter Beweis stellen. Zum Gl\u00fcck gab es dazwischen ein leckeres Fr\u00fchst\u00fccksbuffet. Abgerundet wurde das Wochenende durch einen Besuch im Adam Ries Museum und die Erkundung eines Silberstollens.<br \/>\nBei der langersehnten Siegerehrung ging leider kein Preis nach Bayreuth. Einen Gewinn gab es trotzdem: Etliche sch\u00f6ne Erlebnisse, ein paar neue Rechentricks und viel Freude an der Mathematik. <\/p>\n<p><em>Christiane Wei\u00df<\/em><\/p>\n","protected":false},"excerpt":{"rendered":"<p>Im April qualifizierte sich Noah Bergmann aus der Klasse 5e f\u00fcr die dritte und damit l\u00e4nder\u00fcbergreifende Runde beim Adam-Ries-Wettbewerb. Damit wurde er zum Trainingscamp nach Hof und zum Wettkampf nach Annaberg-Buchholz eingeladen. In Hof trafen sich alle zehn oberfr\u00e4nkischen Teilnehmer zur Wettkampf-Vorbereitung: Es wurde viel ge\u00fcbt und gespielt und nach zwei Tagen f\u00fchlten sich alle&hellip;<\/p>\n","protected":false},"author":11,"featured_media":22042,"comment_status":"closed","ping_status":"closed","sticky":false,"template":"","format":"standard","meta":{"footnotes":""},"categories":[1],"tags":[106,51,70,96,71],"_links":{"self":[{"href":"https:\/\/www.rwg-bayreuth.de\/home\/index.php?rest_route=\/wp\/v2\/posts\/22040"}],"collection":[{"href":"https:\/\/www.rwg-bayreuth.de\/home\/index.php?rest_route=\/wp\/v2\/posts"}],"about":[{"href":"https:\/\/www.rwg-bayreuth.de\/home\/index.php?rest_route=\/wp\/v2\/types\/post"}],"author":[{"embeddable":true,"href":"https:\/\/www.rwg-bayreuth.de\/home\/index.php?rest_route=\/wp\/v2\/users\/11"}],"replies":[{"embeddable":true,"href":"https:\/\/www.rwg-bayreuth.de\/home\/index.php?rest_route=%2Fwp%2Fv2%2Fcomments&post=22040"}],"version-history":[{"count":1,"href":"https:\/\/www.rwg-bayreuth.de\/home\/index.php?rest_route=\/wp\/v2\/posts\/22040\/revisions"}],"predecessor-version":[{"id":22043,"href":"https:\/\/www.rwg-bayreuth.de\/home\/index.php?rest_route=\/wp\/v2\/posts\/22040\/revisions\/22043"}],"wp:featuredmedia":[{"embeddable":true,"href":"https:\/\/www.rwg-bayreuth.de\/home\/index.php?rest_route=\/wp\/v2\/media\/22042"}],"wp:attachment":[{"href":"https:\/\/www.rwg-bayreuth.de\/home\/index.php?rest_route=%2Fwp%2Fv2%2Fmedia&parent=22040"}],"wp:term":[{"taxonomy":"category","embeddable":true,"href":"https:\/\/www.rwg-bayreuth.de\/home\/index.php?rest_route=%2Fwp%2Fv2%2Fcategories&post=22040"},{"taxonomy":"post_tag","embeddable":true,"href":"https:\/\/www.rwg-bayreuth.de\/home\/index.php?rest_route=%2Fwp%2Fv2%2Ftags&post=22040"}],"curies":[{"name":"wp","href":"https:\/\/api.w.org\/{rel}","templated":true}]}}