{"id":22030,"date":"2019-05-31T14:27:00","date_gmt":"2019-05-31T12:27:00","guid":{"rendered":"http:\/\/www.rwg-bayreuth.de\/home\/?p=22030"},"modified":"2019-05-31T16:41:48","modified_gmt":"2019-05-31T14:41:48","slug":"demokratie-am-rwg-eu-juniorwahlen-2019","status":"publish","type":"post","link":"https:\/\/www.rwg-bayreuth.de\/home\/?p=22030","title":{"rendered":"DEMOKRATIE AM RWG \u2013 EU-Juniorwahlen 2019"},"content":{"rendered":"<p><a href=\"https:\/\/www.rwg-bayreuth.de\/home\/wp-content\/uploads\/2019\/05\/RWG-Wahl.jpg\"><img loading=\"lazy\" decoding=\"async\" src=\"https:\/\/www.rwg-bayreuth.de\/home\/wp-content\/uploads\/2019\/05\/RWG-Wahl-450x301.jpg\" alt=\"\" width=\"450\" height=\"301\" class=\"aligncenter size-medium wp-image-22035\" srcset=\"https:\/\/www.rwg-bayreuth.de\/home\/wp-content\/uploads\/2019\/05\/RWG-Wahl-450x301.jpg 450w, https:\/\/www.rwg-bayreuth.de\/home\/wp-content\/uploads\/2019\/05\/RWG-Wahl-768x513.jpg 768w, https:\/\/www.rwg-bayreuth.de\/home\/wp-content\/uploads\/2019\/05\/RWG-Wahl.jpg 1024w, https:\/\/www.rwg-bayreuth.de\/home\/wp-content\/uploads\/2019\/05\/RWG-Wahl-250x167.jpg 250w\" sizes=\"(max-width: 450px) 100vw, 450px\" \/><\/a><\/p>\n<p>R\u00fcckblick: Juniorwahl, Herbst 2018 &#8211; ein gro\u00dfer Erfolg, vor allem f\u00fcr die Sch\u00fclerinnen und Sch\u00fcler der 8. bis 12. Jahrgangsstufe, die sich freuten, schon vor der offiziellen Wahlberechtigung im Rahmen der Juniorwahl ihre Meinung zu vertreten. Die R\u00fcckmeldungen waren dementsprechend sehr positiv, was die engagierte Lehrerin Frau Herrmann-Maier dazu veranlasste, unsere Schule am Anfang dieses Jahres direkt f\u00fcr die bevorstehende EU-Juniorwahl anzumelden.<\/p>\n<p>Die Sozialkundelehrer machten es sich zur Aufgabe, sich mit ihren Sch\u00fclern intensiv \u00fcber das Thema EU zu informieren. Dazu wurden viele Plakate zu den einzelnen Parteien gestaltet und anschlie\u00dfend in der oberen Pausenhalle aufgeh\u00e4ngt &#8211; an dem Ort, der am Tag der Wahl das Wahllokal ist.<\/p>\n<p>W\u00e4hrend sich die Sch\u00fcler des RWGs in ihrer Freizeit \u00fcber das Internet, in der Zeitung, bei politischen Debatten in der Universit\u00e4t oder bei Infost\u00e4nden der einzelnen Parteien \u00fcber das Wahlkampfgeschehen informierten, konzentrierten sich die Sch\u00fclerinnen der Sozialkundeklasse 10ae und ihre Lehrerin zus\u00e4tzlich auf die Organisation der Juniorwahl.<\/p>\n<p>Am Tag der Wahl &#8211; 7:45 Uhr &#8211; ist daher alles ist vorbereitet, \u00fcberall im Schulhaus h\u00e4ngen EU- Flaggen, Sticker oder Plakate, die \u00fcber die Juniorwahl informieren. Das Wahllokal samt Wahlkabinen und der Wahlurne ist in der Pausenhalle aufgebaut und auch die W\u00e4hlerverzeichnisse liegen schon bereit zum Abhaken. Fast schon feierlich l\u00e4sst Frau Herrmann-Maier die f\u00fcnf Mitglieder des Wahlvorstands in die Wahlurne blicken, um sicher zu gehen, dass diese leer ist. Die Wahlurne wird nun versiegelt und die Wahl kann beginnen.<\/p>\n<p>Die ersten Sch\u00fcler dr\u00e4ngen sich in das &#8222;Wahllokal&#8220;, wo sie ihre Wahlbenachrichtigung abgeben und ihr Ausweis kontrolliert wird. Kurz darauf gehen sie mit einem Stimmzettel in eine der Wahlkabinen, um dort geheim eine der 41 Parteien zu w\u00e4hlen. Dann wird der Stimmzettel zweimal gefaltet und ist auch schon in der Wahlurne verschwunden. So bekommt auch jeder W\u00e4hler die Chance, an dem EU-Quiz der Klasse 10e teilzunehmen. Gewinner wird einer derjenigen, der die Fragen richtig beantwortet hat. Dieser darf sich \u00fcber einen Kinogutschein freuen.<\/p>\n<p>Alle sind gut besch\u00e4ftigt, Frau Herrmann-Maier unterh\u00e4lt sich mit jedem, die Sch\u00fcler suchen gemeinsam L\u00f6sungen f\u00fcr das EU-Quiz und vorbeigehende Lehrer bleiben interessiert stehen und fragen, wie es l\u00e4uft. Die Wahl l\u00e4uft reibungslos ab und alle Beteiligten sind sich einig, dass sich die M\u00fche gelohnt hat und sie sich schon auf die n\u00e4chste Juniorwahl und vor allem auf ihre erste richtige Wahl freuen.<br \/>\nPunkt 14.00 Uhr wird dann die versiegelte Wahlurne ge\u00f6ffnet und die Stimmzettel werden ausgewertet.<\/p>\n<p>Swantje R\u00fcschen <\/p>\n<ul class=\"linkliste\">\n<li Class=\"top\"><a href=\"https:\/\/www.rwg-bayreuth.de\/home\/wp-content\/uploads\/2019\/05\/Ergebnis-Europawahl-RWG2019.pdf\">Ergebnis Juniorwahl 2019 am RWG<\/a><\/li>\n<li><a href=\"https:\/\/www.rwg-bayreuth.de\/home\/wp-content\/uploads\/2019\/05\/Ergebnisgrafik-Europawahl-D.pdf\">Ergebnis Juniorwahl 2019 &#8211; Deutschland<\/a><\/li>\n<\/ul>\n","protected":false},"excerpt":{"rendered":"<p>R\u00fcckblick: Juniorwahl, Herbst 2018 &#8211; ein gro\u00dfer Erfolg, vor allem f\u00fcr die Sch\u00fclerinnen und Sch\u00fcler der 8. bis 12. Jahrgangsstufe, die sich freuten, schon vor der offiziellen Wahlberechtigung im Rahmen der Juniorwahl ihre Meinung zu vertreten. Die R\u00fcckmeldungen waren dementsprechend sehr positiv, was die engagierte Lehrerin Frau Herrmann-Maier dazu veranlasste, unsere Schule am Anfang dieses&hellip;<\/p>\n","protected":false},"author":11,"featured_media":22035,"comment_status":"closed","ping_status":"closed","sticky":false,"template":"","format":"standard","meta":{"footnotes":""},"categories":[1],"tags":[51,52],"_links":{"self":[{"href":"https:\/\/www.rwg-bayreuth.de\/home\/index.php?rest_route=\/wp\/v2\/posts\/22030"}],"collection":[{"href":"https:\/\/www.rwg-bayreuth.de\/home\/index.php?rest_route=\/wp\/v2\/posts"}],"about":[{"href":"https:\/\/www.rwg-bayreuth.de\/home\/index.php?rest_route=\/wp\/v2\/types\/post"}],"author":[{"embeddable":true,"href":"https:\/\/www.rwg-bayreuth.de\/home\/index.php?rest_route=\/wp\/v2\/users\/11"}],"replies":[{"embeddable":true,"href":"https:\/\/www.rwg-bayreuth.de\/home\/index.php?rest_route=%2Fwp%2Fv2%2Fcomments&post=22030"}],"version-history":[{"count":6,"href":"https:\/\/www.rwg-bayreuth.de\/home\/index.php?rest_route=\/wp\/v2\/posts\/22030\/revisions"}],"predecessor-version":[{"id":22039,"href":"https:\/\/www.rwg-bayreuth.de\/home\/index.php?rest_route=\/wp\/v2\/posts\/22030\/revisions\/22039"}],"wp:featuredmedia":[{"embeddable":true,"href":"https:\/\/www.rwg-bayreuth.de\/home\/index.php?rest_route=\/wp\/v2\/media\/22035"}],"wp:attachment":[{"href":"https:\/\/www.rwg-bayreuth.de\/home\/index.php?rest_route=%2Fwp%2Fv2%2Fmedia&parent=22030"}],"wp:term":[{"taxonomy":"category","embeddable":true,"href":"https:\/\/www.rwg-bayreuth.de\/home\/index.php?rest_route=%2Fwp%2Fv2%2Fcategories&post=22030"},{"taxonomy":"post_tag","embeddable":true,"href":"https:\/\/www.rwg-bayreuth.de\/home\/index.php?rest_route=%2Fwp%2Fv2%2Ftags&post=22030"}],"curies":[{"name":"wp","href":"https:\/\/api.w.org\/{rel}","templated":true}]}}