{"id":22006,"date":"2019-05-27T09:06:09","date_gmt":"2019-05-27T07:06:09","guid":{"rendered":"http:\/\/www.rwg-bayreuth.de\/home\/?p=22006"},"modified":"2019-05-27T09:06:09","modified_gmt":"2019-05-27T07:06:09","slug":"hochschulinformationstag-an-der-universitaet-bayreuth-2","status":"publish","type":"post","link":"https:\/\/www.rwg-bayreuth.de\/home\/?p=22006","title":{"rendered":"Hochschulinformationstag an der Universit\u00e4t Bayreuth"},"content":{"rendered":"<p><a href=\"https:\/\/www.rwg-bayreuth.de\/home\/wp-content\/uploads\/2014\/07\/Logo-Uni-Bayreuth.png\"><img loading=\"lazy\" decoding=\"async\" src=\"https:\/\/www.rwg-bayreuth.de\/home\/wp-content\/uploads\/2014\/07\/Logo-Uni-Bayreuth-450x139.png\" alt=\"\" width=\"450\" height=\"139\" class=\"alignleft size-medium wp-image-3807\" srcset=\"https:\/\/www.rwg-bayreuth.de\/home\/wp-content\/uploads\/2014\/07\/Logo-Uni-Bayreuth-450x139.png 450w, https:\/\/www.rwg-bayreuth.de\/home\/wp-content\/uploads\/2014\/07\/Logo-Uni-Bayreuth-250x77.png 250w, https:\/\/www.rwg-bayreuth.de\/home\/wp-content\/uploads\/2014\/07\/Logo-Uni-Bayreuth-600x186.png 600w, https:\/\/www.rwg-bayreuth.de\/home\/wp-content\/uploads\/2014\/07\/Logo-Uni-Bayreuth.png 640w\" sizes=\"(max-width: 450px) 100vw, 450px\" \/><\/a>\u201eErst mal mach\u2018 ich mein Abitur und dann seh\u2018 ich weiter\u2026 ist ja noch gen\u00fcgend Zeit!\u201c. Ein Satz, den man h\u00e4ufig von vielen Sch\u00fclern h\u00f6rt, die ihrem Schulabschluss mit jedem Schuljahr einen Schritt n\u00e4her kommen. Doch damit keine Ratlosigkeit in Sachen Studien- oder Berufswahl aufkommt, sobald die Abiturzeugnisse in den H\u00e4nden gehalten werden, gibt es f\u00fcr die elften Klassen des RWG die sogenannte \u201eBerufs- und Studienorientierungsphase\u201c.<\/p>\n<p>Hinsichtlich des BuS-Programms besuchte also die Q11 am 21.02.2019 den Hochschulinformationstag an der Uni Bayreuth. Die Sch\u00fcler hatten an diesem Tag die Chance sich Probevorlesungen anzuh\u00f6ren, Einblicke in Inhalte einzelner Studieng\u00e4nge zu erhalten und die Atmosph\u00e4re auf dem Campus der Universit\u00e4t kennenzulernen. Ich pers\u00f6nlich war zuerst beim Vortrag \u201eEthnologie und Religionswissenschaft\u201c, vorgestellt von Dr. Barbara Polak, wo wir Einblicke in die Tiefen der Ethnologie erhielten, was leichter als ich dachte zu verstehen war. Danach stand f\u00fcr mich und weitere Mitsch\u00fcler die Vorlesung bei Prof. Dr. Jeanne Cortiel \u201eAnglistik und Amerikanistik\u201c an, wo uns die Literaturen und Kulturen der englischsprachigen Welt seit dem 16. Jahrhundert bis hinein in die globalisierte Welt des 21. Jahrhunderts und die verschiedenen Kernbereiche n\u00e4her gebracht wurden. Nach der Mittagspause sah ich mir die Vorstellung von Prof. Dr. Wolfgang Buskies \u00fcber \u201eSport\u00f6konomie\u201c im Audimax an. Hier erhielten wir allgemeine Informationen \u00fcber die Sport\u00f6konomie. Eine vielseitige sportpraktische Ausbildung rundet das betont f\u00e4cher\u00fcbergreifende Studienprofil ab, wozu vor allem wir als Besucher sehr viele Fragen stellen durften.<\/p>\n<p>Insgesamt war der Tag \u00e4u\u00dferst informativ und aufschlussreich und hat es einigen Sch\u00fclern tats\u00e4chlich leichter gemacht sich f\u00fcr bestimmte Fachrichtungen und Studieng\u00e4nge zu entscheiden. Eventuell waren ja ein paar Studieng\u00e4nge f\u00fcr den einen oder anderen dabei, bei denen sie gar nicht dachten, dass sie sich doch sehr daf\u00fcr interessieren.<\/p>\n<p><em>Madeleine Sonntag, Q11<\/em><\/p>\n","protected":false},"excerpt":{"rendered":"<p>\u201eErst mal mach\u2018 ich mein Abitur und dann seh\u2018 ich weiter\u2026 ist ja noch gen\u00fcgend Zeit!\u201c. Ein Satz, den man h\u00e4ufig von vielen Sch\u00fclern h\u00f6rt, die ihrem Schulabschluss mit jedem Schuljahr einen Schritt n\u00e4her kommen. Doch damit keine Ratlosigkeit in Sachen Studien- oder Berufswahl aufkommt, sobald die Abiturzeugnisse in den H\u00e4nden gehalten werden, gibt es&hellip;<\/p>\n","protected":false},"author":11,"featured_media":3807,"comment_status":"closed","ping_status":"closed","sticky":false,"template":"","format":"standard","meta":{"footnotes":""},"categories":[1],"tags":[37,51],"_links":{"self":[{"href":"https:\/\/www.rwg-bayreuth.de\/home\/index.php?rest_route=\/wp\/v2\/posts\/22006"}],"collection":[{"href":"https:\/\/www.rwg-bayreuth.de\/home\/index.php?rest_route=\/wp\/v2\/posts"}],"about":[{"href":"https:\/\/www.rwg-bayreuth.de\/home\/index.php?rest_route=\/wp\/v2\/types\/post"}],"author":[{"embeddable":true,"href":"https:\/\/www.rwg-bayreuth.de\/home\/index.php?rest_route=\/wp\/v2\/users\/11"}],"replies":[{"embeddable":true,"href":"https:\/\/www.rwg-bayreuth.de\/home\/index.php?rest_route=%2Fwp%2Fv2%2Fcomments&post=22006"}],"version-history":[{"count":1,"href":"https:\/\/www.rwg-bayreuth.de\/home\/index.php?rest_route=\/wp\/v2\/posts\/22006\/revisions"}],"predecessor-version":[{"id":22007,"href":"https:\/\/www.rwg-bayreuth.de\/home\/index.php?rest_route=\/wp\/v2\/posts\/22006\/revisions\/22007"}],"wp:featuredmedia":[{"embeddable":true,"href":"https:\/\/www.rwg-bayreuth.de\/home\/index.php?rest_route=\/wp\/v2\/media\/3807"}],"wp:attachment":[{"href":"https:\/\/www.rwg-bayreuth.de\/home\/index.php?rest_route=%2Fwp%2Fv2%2Fmedia&parent=22006"}],"wp:term":[{"taxonomy":"category","embeddable":true,"href":"https:\/\/www.rwg-bayreuth.de\/home\/index.php?rest_route=%2Fwp%2Fv2%2Fcategories&post=22006"},{"taxonomy":"post_tag","embeddable":true,"href":"https:\/\/www.rwg-bayreuth.de\/home\/index.php?rest_route=%2Fwp%2Fv2%2Ftags&post=22006"}],"curies":[{"name":"wp","href":"https:\/\/api.w.org\/{rel}","templated":true}]}}