{"id":21945,"date":"2018-05-22T17:42:21","date_gmt":"2018-05-22T15:42:21","guid":{"rendered":"http:\/\/www.rwg-bayreuth.de\/home\/?p=21945"},"modified":"2019-05-22T17:51:44","modified_gmt":"2019-05-22T15:51:44","slug":"chemieexperten-am-rwg","status":"publish","type":"post","link":"https:\/\/www.rwg-bayreuth.de\/home\/?p=21945","title":{"rendered":"Chemieexperten am RWG"},"content":{"rendered":"<p><a href=\"https:\/\/www.rwg-bayreuth.de\/home\/wp-content\/uploads\/2019\/05\/17-18-Chemieexperten.jpg\"><img loading=\"lazy\" decoding=\"async\" src=\"https:\/\/www.rwg-bayreuth.de\/home\/wp-content\/uploads\/2019\/05\/17-18-Chemieexperten-450x298.jpg\" alt=\"\" width=\"450\" height=\"298\" class=\"aligncenter size-medium wp-image-21948\" srcset=\"https:\/\/www.rwg-bayreuth.de\/home\/wp-content\/uploads\/2019\/05\/17-18-Chemieexperten-450x298.jpg 450w, https:\/\/www.rwg-bayreuth.de\/home\/wp-content\/uploads\/2019\/05\/17-18-Chemieexperten-768x509.jpg 768w, https:\/\/www.rwg-bayreuth.de\/home\/wp-content\/uploads\/2019\/05\/17-18-Chemieexperten.jpg 1024w, https:\/\/www.rwg-bayreuth.de\/home\/wp-content\/uploads\/2019\/05\/17-18-Chemieexperten-250x166.jpg 250w\" sizes=\"(max-width: 450px) 100vw, 450px\" \/><\/a><\/p>\n<p>Besonders begabte Sch\u00fclerinnen und Sch\u00fcler der Jahrgangsstufen 7 mit 10 erhalten in der regionalen Begabtenf\u00f6rderung Oberfrankens ihrem Leistungsprofil entsprechend eine zus\u00e4tzliche individuelle F\u00f6rderung. Diese F\u00f6rderung ist systematisch, sch\u00fcler- und begabungsgerecht, ergebnisorientiert und nachhaltig. Dar\u00fcber hinaus werden soziale und personale Kompetenzen geschult sowie insgesamt Eigeninitiative und Selbstt\u00e4tigkeit gef\u00f6rdert.<\/p>\n<p><a href=\"https:\/\/www.rwg-bayreuth.de\/home\/wp-content\/uploads\/2019\/05\/17-18-Forschen-und-Recherche.jpg\"><img loading=\"lazy\" decoding=\"async\" src=\"https:\/\/www.rwg-bayreuth.de\/home\/wp-content\/uploads\/2019\/05\/17-18-Forschen-und-Recherche-300x450.jpg\" alt=\"\" width=\"300\" height=\"450\" class=\"alignright size-medium wp-image-21946\" srcset=\"https:\/\/www.rwg-bayreuth.de\/home\/wp-content\/uploads\/2019\/05\/17-18-Forschen-und-Recherche-300x450.jpg 300w, https:\/\/www.rwg-bayreuth.de\/home\/wp-content\/uploads\/2019\/05\/17-18-Forschen-und-Recherche.jpg 682w, https:\/\/www.rwg-bayreuth.de\/home\/wp-content\/uploads\/2019\/05\/17-18-Forschen-und-Recherche-250x375.jpg 250w\" sizes=\"(max-width: 300px) 100vw, 300px\" \/><\/a>Am RWG wird dieses F\u00f6rderprojekt im naturwissenschaftlichen Kurs \u201eChemieexperten\u201c umgesetzt, der bereits im zehnten Jahr durch die Kursleiterin Frau Fr\u00f6ber ausgerichtet wird. 16 Sch\u00fclerinnen und Sch\u00fcler, davon 11 vom RWG, wurden im Schuljahr 2017\/18 in den Kurs aufgenommen. Auch in dem Schuljahr war es den Teilnehmern zum Einen m\u00f6glich ihre Ideen zu einem Jugend Forscht Projekt weiter zu entwickeln, um am Regionalwettbewerb \u201eJugend forscht\u201c teil zu nehmen. An den Kurstagen wurde in den Laborr\u00e4umen des RWG intensiv geforscht, Experimente durchgef\u00fchrt und die Ergebnisse mit der Kursleiterin besprochen. Dass einige Forschungsans\u00e4tze auch misslingen k\u00f6nnen oder wieder verworfen werden m\u00fcssen, geh\u00f6rt da auch mit dazu. Die Sch\u00fcler t\u00fcftelten auch eifrig zu Hause weiter oder bekamen von Wissenschaftlern der Uni Bayreuth hilfreiche Unterst\u00fctzung. So f\u00fchrte der Weg eines Forscherteams jeden Donnerstag nach der Schule noch an die Universit\u00e4t Bayreuth oder die Ferien wurden zum Experimentieren im Labor genutzt. Ein gro\u00dfes Dankesch\u00f6n an dieser Stelle an den Lehrstuhl der Makromolekularen Chemie&nbsp;I mit Prof. Thelakkat und Herrn Reichstein und an Herrn Dr. Ehmann von der Didaktik der Informatik f\u00fcr ihren Einsatz f\u00fcr unsere Jungforscher. <\/p>\n<p><a href=\"https:\/\/www.rwg-bayreuth.de\/home\/wp-content\/uploads\/2019\/05\/17-18-VersuchzuMilch.jpg\"><img loading=\"lazy\" decoding=\"async\" src=\"https:\/\/www.rwg-bayreuth.de\/home\/wp-content\/uploads\/2019\/05\/17-18-VersuchzuMilch-450x298.jpg\" alt=\"\" width=\"450\" height=\"298\" class=\"alignleft size-medium wp-image-21947\" srcset=\"https:\/\/www.rwg-bayreuth.de\/home\/wp-content\/uploads\/2019\/05\/17-18-VersuchzuMilch-450x298.jpg 450w, https:\/\/www.rwg-bayreuth.de\/home\/wp-content\/uploads\/2019\/05\/17-18-VersuchzuMilch-768x509.jpg 768w, https:\/\/www.rwg-bayreuth.de\/home\/wp-content\/uploads\/2019\/05\/17-18-VersuchzuMilch.jpg 1024w, https:\/\/www.rwg-bayreuth.de\/home\/wp-content\/uploads\/2019\/05\/17-18-VersuchzuMilch-250x166.jpg 250w\" sizes=\"(max-width: 450px) 100vw, 450px\" \/><\/a>Zum Anderen konnten die restlichen Kursteilnehmer ihre Arbeitstechniken beim Experimentieren weiter schulen und ausbauen, ihre intellektuelle Leistungsf\u00e4higkeit und fachliche Qualifikation steigern. Wie im letzten Jahr stand dabei die Lebensmittelchemie im Fokus. Die Sch\u00fclerinnen und Sch\u00fcler nahmen die Zutatenlisten auf Lebensmittelverpackungen genauer unter die Lupe und recherchierten zu bestimmten Zusatzstoffen, wie z.B. Geschmacksverst\u00e4rker, Zuckeraustauschstoffe und Antioxidantien. An einem Kurstag versetzten sich die Teilnehmer in die Rolle eines Mitarbeiters in einer Forschungsabteilung einer Firma, um ein S\u00fc\u00dfungsmittel f\u00fcr einen Low-Carb-Fitnessriegel zu pr\u00fcfen und seine Eignung zu bewerten. An einem weiteren Kurstag wurde das Lebensmittel Milch und diverse Milchprodukte auf Inhaltsstoffe untersucht und miteinander verglichen. <\/p>\n<p>Neben diesen experimentell ausgerichteten Kurstagen k\u00f6nnen sich die Teilnehmer des Begabtenkurses auch f\u00fcr besondere Fortbildungen bewerben. So wurden in diesem Schuljahr z.B. Fortbildungen zu neuen Organisationsformen, Marketingstrategien oder Umgangsformen im Netz angeboten.<\/p>\n<p>Am 09. Juli 2018 nimmt der Begabtenkurs \u201eChemieexperten\u201c am gro\u00dfen Tag der Begabtenf\u00f6rderung auf Kloster Banz teil. Dort stellen die Sch\u00fclerinnen und Sch\u00fcler nochmal ihr eigenes Kursprogramm durch eine Posterpr\u00e4sentation vor und tauschen sich mit anderen Teilnehmern von Begabtenf\u00f6rderkursen aus. Zus\u00e4tzlich warten an diesem Tag besondere Workshopangebote und ein wissenschaftlicher Vortrag auf die Teilnehmer des Begabtentages.<\/p>\n<p>Finanzielle Unterst\u00fctzung bekommt das Begabtenf\u00f6rderprogramm der Gymnasien Oberfrankens durch die Karin- Sch\u00f6pf-Stiftung und die Oberfranken-Stiftung. <\/p>\n","protected":false},"excerpt":{"rendered":"<p>Besonders begabte Sch\u00fclerinnen und Sch\u00fcler der Jahrgangsstufen 7 mit 10 erhalten in der regionalen Begabtenf\u00f6rderung Oberfrankens ihrem Leistungsprofil entsprechend eine zus\u00e4tzliche individuelle F\u00f6rderung. Diese F\u00f6rderung ist systematisch, sch\u00fcler- und begabungsgerecht, ergebnisorientiert und nachhaltig. Dar\u00fcber hinaus werden soziale und personale Kompetenzen geschult sowie insgesamt Eigeninitiative und Selbstt\u00e4tigkeit gef\u00f6rdert. Am RWG wird dieses F\u00f6rderprojekt im naturwissenschaftlichen Kurs&hellip;<\/p>\n","protected":false},"author":11,"featured_media":21948,"comment_status":"closed","ping_status":"closed","sticky":false,"template":"","format":"standard","meta":{"footnotes":""},"categories":[1],"tags":[101,51,96],"_links":{"self":[{"href":"https:\/\/www.rwg-bayreuth.de\/home\/index.php?rest_route=\/wp\/v2\/posts\/21945"}],"collection":[{"href":"https:\/\/www.rwg-bayreuth.de\/home\/index.php?rest_route=\/wp\/v2\/posts"}],"about":[{"href":"https:\/\/www.rwg-bayreuth.de\/home\/index.php?rest_route=\/wp\/v2\/types\/post"}],"author":[{"embeddable":true,"href":"https:\/\/www.rwg-bayreuth.de\/home\/index.php?rest_route=\/wp\/v2\/users\/11"}],"replies":[{"embeddable":true,"href":"https:\/\/www.rwg-bayreuth.de\/home\/index.php?rest_route=%2Fwp%2Fv2%2Fcomments&post=21945"}],"version-history":[{"count":1,"href":"https:\/\/www.rwg-bayreuth.de\/home\/index.php?rest_route=\/wp\/v2\/posts\/21945\/revisions"}],"predecessor-version":[{"id":21949,"href":"https:\/\/www.rwg-bayreuth.de\/home\/index.php?rest_route=\/wp\/v2\/posts\/21945\/revisions\/21949"}],"wp:featuredmedia":[{"embeddable":true,"href":"https:\/\/www.rwg-bayreuth.de\/home\/index.php?rest_route=\/wp\/v2\/media\/21948"}],"wp:attachment":[{"href":"https:\/\/www.rwg-bayreuth.de\/home\/index.php?rest_route=%2Fwp%2Fv2%2Fmedia&parent=21945"}],"wp:term":[{"taxonomy":"category","embeddable":true,"href":"https:\/\/www.rwg-bayreuth.de\/home\/index.php?rest_route=%2Fwp%2Fv2%2Fcategories&post=21945"},{"taxonomy":"post_tag","embeddable":true,"href":"https:\/\/www.rwg-bayreuth.de\/home\/index.php?rest_route=%2Fwp%2Fv2%2Ftags&post=21945"}],"curies":[{"name":"wp","href":"https:\/\/api.w.org\/{rel}","templated":true}]}}