{"id":21647,"date":"2019-05-09T10:59:35","date_gmt":"2019-05-09T08:59:35","guid":{"rendered":"http:\/\/www.rwg-bayreuth.de\/home\/?p=21647"},"modified":"2022-10-03T21:55:43","modified_gmt":"2022-10-03T19:55:43","slug":"rwg-mountainbiker-auf-platz-1","status":"publish","type":"post","link":"https:\/\/www.rwg-bayreuth.de\/home\/?p=21647","title":{"rendered":"RWG-Mountainbiker auf Platz&nbsp;1"},"content":{"rendered":"<p><a href=\"https:\/\/www.rwg-bayreuth.de\/home\/wp-content\/uploads\/2019\/05\/19-20-RWG_MTB_BezFinale.jpg\"><img loading=\"lazy\" decoding=\"async\" src=\"https:\/\/www.rwg-bayreuth.de\/home\/wp-content\/uploads\/2019\/05\/19-20-RWG_MTB_BezFinale-450x300.jpg\" alt=\"\" width=\"450\" height=\"300\" class=\"aligncenter size-medium wp-image-21648\" srcset=\"https:\/\/www.rwg-bayreuth.de\/home\/wp-content\/uploads\/2019\/05\/19-20-RWG_MTB_BezFinale-450x300.jpg 450w, https:\/\/www.rwg-bayreuth.de\/home\/wp-content\/uploads\/2019\/05\/19-20-RWG_MTB_BezFinale-768x512.jpg 768w, https:\/\/www.rwg-bayreuth.de\/home\/wp-content\/uploads\/2019\/05\/19-20-RWG_MTB_BezFinale.jpg 1024w, https:\/\/www.rwg-bayreuth.de\/home\/wp-content\/uploads\/2019\/05\/19-20-RWG_MTB_BezFinale-250x167.jpg 250w\" sizes=\"(max-width: 450px) 100vw, 450px\" \/><\/a><\/p>\n<p>Beachtlicher Erfolg der Sch\u00fclerinnen und Sch\u00fcler des RWG beim Bezirksentscheid Mountainbiken f\u00fcr Ober- und Unterfranken.<\/p>\n<p>Am 03.05. fand in Baunach bei Bamberg der Bezirksentscheid Mountainbiken f\u00fcr Ober- und Unterfranken im Mountainbiken statt. Die M\u00e4dchen und Jungs des RWG sicherten sich einen beachtlichen Erfolg und den Einzug ins Landesfinale.<!--more--><\/p>\n<p>Bei dem Wettkampf, an dem insgesamt mehr als 300 Sch\u00fcler teilnahmen, musste zuerst ein Technikparcours gemeistert werden. Falls hier Fehler gemacht wurden, erhielt man einen Zeitzuschlag f\u00fcr das anschlie\u00dfende Rundkursrennen, das aus Wiesen-, Schotter- und Trailabschnitten bestand.<\/p>\n<p>Je nach Altersklasse musste zwischen zwei bis vier Runden auf dem 2,5 km langen Kurs absolviert werden. Die Gesamtleistung der Mannschaft entschied letztendlich hinsichtlich der Qualifikation f\u00fcr das Bayerische Landesfinale.<\/p>\n<p>Das RWG, das zum ersten Mal an diesem Wettkampf teilnahm, startet in der Altersklasse Mixed IV (Jahrgang 2007 und 2008). Amelie Knauer, Emma Heinrich, Sarah Str\u00f6hla, Laura Popp und Marlon P\u00f6hner zeigten als j\u00fcngste Teilnehmer sowohl in der Technikpr\u00fcfung als auch im Rennen tolle Leistungen und sicherten sich souver\u00e4n den Sieg in ihrer Altersklasse.<\/p>\n<p>Das Landesfinale findet am 05.07. in Rappertshausen, Unterfranken statt. Hier geht es dann um die Qualifikation f\u00fcr das Bundesfinale.<\/p>\n","protected":false},"excerpt":{"rendered":"<p>Beachtlicher Erfolg der Sch\u00fclerinnen und Sch\u00fcler des RWG beim Bezirksentscheid Mountainbiken f\u00fcr Ober- und Unterfranken. Am 03.05. fand in Baunach bei Bamberg der Bezirksentscheid Mountainbiken f\u00fcr Ober- und Unterfranken im Mountainbiken statt. Die M\u00e4dchen und Jungs des RWG sicherten sich einen beachtlichen Erfolg und den Einzug ins Landesfinale.<\/p>\n","protected":false},"author":11,"featured_media":21648,"comment_status":"closed","ping_status":"closed","sticky":false,"template":"","format":"standard","meta":{"footnotes":""},"categories":[1],"tags":[51,135,63,71],"_links":{"self":[{"href":"https:\/\/www.rwg-bayreuth.de\/home\/index.php?rest_route=\/wp\/v2\/posts\/21647"}],"collection":[{"href":"https:\/\/www.rwg-bayreuth.de\/home\/index.php?rest_route=\/wp\/v2\/posts"}],"about":[{"href":"https:\/\/www.rwg-bayreuth.de\/home\/index.php?rest_route=\/wp\/v2\/types\/post"}],"author":[{"embeddable":true,"href":"https:\/\/www.rwg-bayreuth.de\/home\/index.php?rest_route=\/wp\/v2\/users\/11"}],"replies":[{"embeddable":true,"href":"https:\/\/www.rwg-bayreuth.de\/home\/index.php?rest_route=%2Fwp%2Fv2%2Fcomments&post=21647"}],"version-history":[{"count":2,"href":"https:\/\/www.rwg-bayreuth.de\/home\/index.php?rest_route=\/wp\/v2\/posts\/21647\/revisions"}],"predecessor-version":[{"id":21650,"href":"https:\/\/www.rwg-bayreuth.de\/home\/index.php?rest_route=\/wp\/v2\/posts\/21647\/revisions\/21650"}],"wp:featuredmedia":[{"embeddable":true,"href":"https:\/\/www.rwg-bayreuth.de\/home\/index.php?rest_route=\/wp\/v2\/media\/21648"}],"wp:attachment":[{"href":"https:\/\/www.rwg-bayreuth.de\/home\/index.php?rest_route=%2Fwp%2Fv2%2Fmedia&parent=21647"}],"wp:term":[{"taxonomy":"category","embeddable":true,"href":"https:\/\/www.rwg-bayreuth.de\/home\/index.php?rest_route=%2Fwp%2Fv2%2Fcategories&post=21647"},{"taxonomy":"post_tag","embeddable":true,"href":"https:\/\/www.rwg-bayreuth.de\/home\/index.php?rest_route=%2Fwp%2Fv2%2Ftags&post=21647"}],"curies":[{"name":"wp","href":"https:\/\/api.w.org\/{rel}","templated":true}]}}