{"id":21541,"date":"2019-04-28T15:10:13","date_gmt":"2019-04-28T13:10:13","guid":{"rendered":"http:\/\/www.rwg-bayreuth.de\/home\/?p=21541"},"modified":"2020-02-20T18:20:16","modified_gmt":"2020-02-20T17:20:16","slug":"in-memoriam-klaus-hertel","status":"publish","type":"post","link":"https:\/\/www.rwg-bayreuth.de\/home\/?p=21541","title":{"rendered":"In memoriam Klaus Hertel"},"content":{"rendered":"<p style=\"text-align: center;\"><a href=\"https:\/\/www.rwg-bayreuth.de\/home\/wp-content\/uploads\/2019\/04\/Hertel_Klaus2.jpg\"><img loading=\"lazy\" decoding=\"async\" width=\"489\" height=\"732\" class=\"aligncenter size-full wp-image-21505\" src=\"https:\/\/www.rwg-bayreuth.de\/home\/wp-content\/uploads\/2019\/04\/Hertel_Klaus2.jpg\" alt=\"\" style=\"max-width: 350px\" srcset=\"https:\/\/www.rwg-bayreuth.de\/home\/wp-content\/uploads\/2019\/04\/Hertel_Klaus2.jpg 489w, https:\/\/www.rwg-bayreuth.de\/home\/wp-content\/uploads\/2019\/04\/Hertel_Klaus2-301x450.jpg 301w, https:\/\/www.rwg-bayreuth.de\/home\/wp-content\/uploads\/2019\/04\/Hertel_Klaus2-250x374.jpg 250w, https:\/\/www.rwg-bayreuth.de\/home\/wp-content\/uploads\/2019\/04\/Hertel_Klaus2-401x600.jpg 401w\" sizes=\"(max-width: 489px) 100vw, 489px\" \/><\/a><br \/>\nMit gro\u00dfer Best\u00fcrzung und Trauer nehmen die Mitglieder der Schulfamilie des Richard-Wagner-Gymnasiums Abschied von Herrn Studiendirektor<\/p>\n<p style=\"text-align: center;\"><strong><big>Klaus Hertel<\/big><\/strong><\/p>\n<p style=\"text-align: center;\">Klaus Hertel unterrichtete \u00fcber 30 Jahre lang Deutsch und Englisch an unserer Schule. Er war Seminarlehrer f\u00fcr Deutsch sowie Stellvertretender Seminarvorstand. Als \u00fcberzeugter und \u00fcberzeugender P\u00e4dagoge pr\u00e4gte er zahlreiche Sch\u00fclergenerationen.<!--more--> F\u00fcr die von ihm ausgebildeten Referendare war er ein gro\u00dfes Vorbild. In vielen Bereichen hat er das Schulleben des RWG, das ihm sehr am Herzen lag, ganz entscheidend mitgestaltet. Er genoss bei Kollegen und Sch\u00fclern hohes Ansehen und gro\u00dfe Wertsch\u00e4tzung.<\/p>\n<p style=\"text-align: center;\">Wir werden ihn sehr vermissen und in bester Erinnerung behalten.<\/p>\n<p style=\"text-align: center;\"><strong>Schulleitung, Kollegium und Verwaltung des<br \/>\nRichard-Wagner-Gymnasiums<\/strong><\/p>\n<p style=\"text-align: center;\"><strong>Elternbeirat und Verein der Freunde des<br \/>\nRichard-Wagner-Gymnasiums<\/strong><\/p>\n","protected":false},"excerpt":{"rendered":"<p>Mit gro\u00dfer Best\u00fcrzung und Trauer nehmen die Mitglieder der Schulfamilie<br \/>\ndes Richard-Wagner-Gymnasiums Abschied von Herrn Studiendirektor<\/p>\n<p style=\"text-align: center;\"><strong><big>Klaus Hertel<\/big><\/strong><\/p>\n<p><span style=\"text-align: right;\"><\/p>\n","protected":false},"author":11,"featured_media":21543,"comment_status":"closed","ping_status":"closed","sticky":false,"template":"","format":"standard","meta":{"footnotes":""},"categories":[1],"tags":[51],"_links":{"self":[{"href":"https:\/\/www.rwg-bayreuth.de\/home\/index.php?rest_route=\/wp\/v2\/posts\/21541"}],"collection":[{"href":"https:\/\/www.rwg-bayreuth.de\/home\/index.php?rest_route=\/wp\/v2\/posts"}],"about":[{"href":"https:\/\/www.rwg-bayreuth.de\/home\/index.php?rest_route=\/wp\/v2\/types\/post"}],"author":[{"embeddable":true,"href":"https:\/\/www.rwg-bayreuth.de\/home\/index.php?rest_route=\/wp\/v2\/users\/11"}],"replies":[{"embeddable":true,"href":"https:\/\/www.rwg-bayreuth.de\/home\/index.php?rest_route=%2Fwp%2Fv2%2Fcomments&post=21541"}],"version-history":[{"count":13,"href":"https:\/\/www.rwg-bayreuth.de\/home\/index.php?rest_route=\/wp\/v2\/posts\/21541\/revisions"}],"predecessor-version":[{"id":24331,"href":"https:\/\/www.rwg-bayreuth.de\/home\/index.php?rest_route=\/wp\/v2\/posts\/21541\/revisions\/24331"}],"wp:featuredmedia":[{"embeddable":true,"href":"https:\/\/www.rwg-bayreuth.de\/home\/index.php?rest_route=\/wp\/v2\/media\/21543"}],"wp:attachment":[{"href":"https:\/\/www.rwg-bayreuth.de\/home\/index.php?rest_route=%2Fwp%2Fv2%2Fmedia&parent=21541"}],"wp:term":[{"taxonomy":"category","embeddable":true,"href":"https:\/\/www.rwg-bayreuth.de\/home\/index.php?rest_route=%2Fwp%2Fv2%2Fcategories&post=21541"},{"taxonomy":"post_tag","embeddable":true,"href":"https:\/\/www.rwg-bayreuth.de\/home\/index.php?rest_route=%2Fwp%2Fv2%2Ftags&post=21541"}],"curies":[{"name":"wp","href":"https:\/\/api.w.org\/{rel}","templated":true}]}}