{"id":21527,"date":"2019-05-02T11:07:48","date_gmt":"2019-05-02T09:07:48","guid":{"rendered":"http:\/\/www.rwg-bayreuth.de\/home\/?p=21527"},"modified":"2019-05-03T17:27:08","modified_gmt":"2019-05-03T15:27:08","slug":"mare-e-sole-la-spezia-austausch-2019","status":"publish","type":"post","link":"https:\/\/www.rwg-bayreuth.de\/home\/?p=21527","title":{"rendered":"Mare e sole &#8211; La Spezia Austausch 2019"},"content":{"rendered":"<div id=\"attachment_21529\" style=\"width: 460px\" class=\"wp-caption aligncenter\"><a href=\"https:\/\/www.rwg-bayreuth.de\/home\/wp-content\/uploads\/2019\/05\/2018-19-Italien-Florenz.jpg\"><img loading=\"lazy\" decoding=\"async\" aria-describedby=\"caption-attachment-21529\" src=\"https:\/\/www.rwg-bayreuth.de\/home\/wp-content\/uploads\/2019\/05\/2018-19-Italien-Florenz-450x275.jpg\" alt=\"\" width=\"450\" height=\"275\" class=\"size-medium wp-image-21529\" srcset=\"https:\/\/www.rwg-bayreuth.de\/home\/wp-content\/uploads\/2019\/05\/2018-19-Italien-Florenz-450x275.jpg 450w, https:\/\/www.rwg-bayreuth.de\/home\/wp-content\/uploads\/2019\/05\/2018-19-Italien-Florenz-768x470.jpg 768w, https:\/\/www.rwg-bayreuth.de\/home\/wp-content\/uploads\/2019\/05\/2018-19-Italien-Florenz.jpg 1024w, https:\/\/www.rwg-bayreuth.de\/home\/wp-content\/uploads\/2019\/05\/2018-19-Italien-Florenz-250x153.jpg 250w\" sizes=\"(max-width: 450px) 100vw, 450px\" \/><\/a><p id=\"caption-attachment-21529\" class=\"wp-caption-text\">Tagesausflug nach Florenz<\/p><\/div>\n<p>Am 06.04.2109 ging es f\u00fcr 22 Sch\u00fclerinnen und Sch\u00fcler der 10. Klassen auf nach Bella Italia. Nach ungef\u00e4hr 12 Stunden Fahrt wurden sie dann in der Hafenstadt in Ligurien herzlich von den Gastfamilien begr\u00fc\u00dft. Nach einem freien Sonntag trafen sich alle am Montag Morgen in der Schule<!--more-->, dem \u201eIstituto Tecnico Commerciale e Tecnologico A.Fossati &#8211; M.Da Passano\u201c, wo die Gruppe vom Preside Paolo Manfredini begr\u00fc\u00dft wurde. Das Programm war auch dieses Jahr wieder angef\u00fcllt mit Besichtigungen, Ausfl\u00fcgen und Unterricht. <!--more--><div id=\"attachment_21528\" style=\"width: 348px\" class=\"wp-caption alignright\"><a href=\"https:\/\/www.rwg-bayreuth.de\/home\/wp-content\/uploads\/2019\/05\/2018-19-Italien-Portovenere.jpg\"><img loading=\"lazy\" decoding=\"async\" aria-describedby=\"caption-attachment-21528\" src=\"https:\/\/www.rwg-bayreuth.de\/home\/wp-content\/uploads\/2019\/05\/2018-19-Italien-Portovenere-338x450.jpg\" alt=\"\" width=\"338\" height=\"450\" class=\"size-medium wp-image-21528\" srcset=\"https:\/\/www.rwg-bayreuth.de\/home\/wp-content\/uploads\/2019\/05\/2018-19-Italien-Portovenere-338x450.jpg 338w, https:\/\/www.rwg-bayreuth.de\/home\/wp-content\/uploads\/2019\/05\/2018-19-Italien-Portovenere.jpg 768w, https:\/\/www.rwg-bayreuth.de\/home\/wp-content\/uploads\/2019\/05\/2018-19-Italien-Portovenere-250x333.jpg 250w\" sizes=\"(max-width: 338px) 100vw, 338px\" \/><\/a><p id=\"caption-attachment-21528\" class=\"wp-caption-text\">In Portovenere. (v.l. ):Delia Baratti, Kurt Arzberger, Andrea R\u00fcger, Ursula Graf, Paolo Manfredini, Silvia Segalla<\/p><\/div> <\/p>\n<p>Unvergesslich bleiben wohl die Tagesfahrt nach Florenz, eine herrliche Bootsfahrt mit Umrundung der Insel Palmaria bei Sonnenschein und dann nat\u00fcrlich auch das Fest, das zu Ehren der deutschen Gastsch\u00fcler und einer Gruppe von Gastsch\u00fclern aus den Niederlanden in der Schule stattfand. Es wurde getanzt und gesungen und ein k\u00f6stliches Buffet sorgte f\u00fcr das leibliche Wohl. Von den Vorz\u00fcgen unserer Partnerstadt konnte sich diesmal auch Frau Graf \u00fcberzeugen. Sie traf am Mittwoch Abend p\u00fcnktlich zum Fest ein und nahm anschlie\u00dfend an allen Programmpunkten des Sch\u00fcleraustauschs teil.<\/p>\n<p>Am Freitag ging es nach 2 Stunden Unterricht noch zum Empfang im Rathaus, wo der B\u00fcrgermeister einige Worte an die G\u00e4ste aus Deutschland richtete. <\/p>\n<p>Um 13 Uhr hie\u00df es dann \u201aArrivederci\u2019 bis zum 01.06.2019, wenn die Italiener zum Gegenbesuch nach Bayreuth kommen.<\/p>\n<p><em>A. R\u00fcger, L. Trassl<\/em><\/p>\n","protected":false},"excerpt":{"rendered":"<p>Am 06.04.2109 ging es f\u00fcr 22 Sch\u00fclerinnen und Sch\u00fcler der 10. Klassen auf nach Bella Italia. Nach ungef\u00e4hr 12 Stunden Fahrt wurden sie dann in der Hafenstadt in Ligurien herzlich von den Gastfamilien begr\u00fc\u00dft. Nach einem freien Sonntag trafen sich alle am Montag Morgen in der Schule<\/p>\n","protected":false},"author":11,"featured_media":21529,"comment_status":"closed","ping_status":"closed","sticky":false,"template":"","format":"standard","meta":{"footnotes":""},"categories":[1],"tags":[68,51,69],"_links":{"self":[{"href":"https:\/\/www.rwg-bayreuth.de\/home\/index.php?rest_route=\/wp\/v2\/posts\/21527"}],"collection":[{"href":"https:\/\/www.rwg-bayreuth.de\/home\/index.php?rest_route=\/wp\/v2\/posts"}],"about":[{"href":"https:\/\/www.rwg-bayreuth.de\/home\/index.php?rest_route=\/wp\/v2\/types\/post"}],"author":[{"embeddable":true,"href":"https:\/\/www.rwg-bayreuth.de\/home\/index.php?rest_route=\/wp\/v2\/users\/11"}],"replies":[{"embeddable":true,"href":"https:\/\/www.rwg-bayreuth.de\/home\/index.php?rest_route=%2Fwp%2Fv2%2Fcomments&post=21527"}],"version-history":[{"count":10,"href":"https:\/\/www.rwg-bayreuth.de\/home\/index.php?rest_route=\/wp\/v2\/posts\/21527\/revisions"}],"predecessor-version":[{"id":21553,"href":"https:\/\/www.rwg-bayreuth.de\/home\/index.php?rest_route=\/wp\/v2\/posts\/21527\/revisions\/21553"}],"wp:featuredmedia":[{"embeddable":true,"href":"https:\/\/www.rwg-bayreuth.de\/home\/index.php?rest_route=\/wp\/v2\/media\/21529"}],"wp:attachment":[{"href":"https:\/\/www.rwg-bayreuth.de\/home\/index.php?rest_route=%2Fwp%2Fv2%2Fmedia&parent=21527"}],"wp:term":[{"taxonomy":"category","embeddable":true,"href":"https:\/\/www.rwg-bayreuth.de\/home\/index.php?rest_route=%2Fwp%2Fv2%2Fcategories&post=21527"},{"taxonomy":"post_tag","embeddable":true,"href":"https:\/\/www.rwg-bayreuth.de\/home\/index.php?rest_route=%2Fwp%2Fv2%2Ftags&post=21527"}],"curies":[{"name":"wp","href":"https:\/\/api.w.org\/{rel}","templated":true}]}}