{"id":21461,"date":"2019-04-11T07:46:55","date_gmt":"2019-04-11T05:46:55","guid":{"rendered":"http:\/\/www.rwg-bayreuth.de\/home\/?p=21461"},"modified":"2019-04-11T07:48:37","modified_gmt":"2019-04-11T05:48:37","slug":"flamenco-ole","status":"publish","type":"post","link":"https:\/\/www.rwg-bayreuth.de\/home\/?p=21461","title":{"rendered":"Flamenco &#8211; ol\u00e9!"},"content":{"rendered":"<div id=\"attachment_21462\" style=\"width: 460px\" class=\"wp-caption aligncenter\"><a href=\"https:\/\/www.rwg-bayreuth.de\/home\/wp-content\/uploads\/2019\/04\/18-19-Flamenco-450.jpg\"><img loading=\"lazy\" decoding=\"async\" aria-describedby=\"caption-attachment-21462\" src=\"https:\/\/www.rwg-bayreuth.de\/home\/wp-content\/uploads\/2019\/04\/18-19-Flamenco-450.jpg\" alt=\"\" width=\"450\" height=\"298\" class=\"size-full wp-image-21462\" srcset=\"https:\/\/www.rwg-bayreuth.de\/home\/wp-content\/uploads\/2019\/04\/18-19-Flamenco-450.jpg 450w, https:\/\/www.rwg-bayreuth.de\/home\/wp-content\/uploads\/2019\/04\/18-19-Flamenco-450-250x166.jpg 250w\" sizes=\"(max-width: 450px) 100vw, 450px\" \/><\/a><p id=\"caption-attachment-21462\" class=\"wp-caption-text\">Der Flamenco ist ein feueriger Tanz mit viel K\u00f6rpereinsatz.<\/p><\/div>\n<p>Lautes Stampfen und Klatschen war aus Zimmer 113 zu vernehmen, doch anders als es viele bef\u00fcrchteten, war es nicht die Decke, die am Einst\u00fcrzen war, sondern die Spanischlerner der 10. Klassen, die eine Schnupperstunde im Flamenco erhielten.<\/p>\n<p>Sibylle Kl\u00fcser von der Flamencoschule Adelante in Bayreuth war so freundlich, uns in die Grundlagen von palmeadas und zapateadas einzuweisen und erz\u00e4hlte uns auch vieles \u00fcber die Urspr\u00fcnge und verschiedenen Stile des Flamencos.<\/p>\n<p>Mit ihrer freundlich-resoluten Art zeigte sie uns, was K\u00f6rperhaltung und -spannung alles bewirken k\u00f6nnen, und f\u00fchrte uns in die Welt der gitano-T\u00e4nze ein. Nach nur einer Stunde konnten wir alle schon eine komplette Choreographie tanzen. Es war eine h\u00f6chst interessante, unterhaltsame und lehrreiche Stunde f\u00fcr uns alle \u2013 und sicherlich nicht das letzte Mal, dass wir uns mit dem Flamenco befassen. Ol\u00e9!<\/p>\n","protected":false},"excerpt":{"rendered":"<p>Lautes Stampfen und Klatschen war aus Zimmer 113 zu vernehmen, doch anders als es viele bef\u00fcrchteten, war es nicht die Decke, die am Einst\u00fcrzen war, sondern die Spanischlerner der 10. Klassen, die eine Schnupperstunde im Flamenco erhielten. Sibylle Kl\u00fcser von der Flamencoschule Adelante in Bayreuth war so freundlich, uns in die Grundlagen von palmeadas und&hellip;<\/p>\n","protected":false},"author":1,"featured_media":21462,"comment_status":"closed","ping_status":"closed","sticky":false,"template":"","format":"standard","meta":{"footnotes":""},"categories":[1],"tags":[51,97],"_links":{"self":[{"href":"https:\/\/www.rwg-bayreuth.de\/home\/index.php?rest_route=\/wp\/v2\/posts\/21461"}],"collection":[{"href":"https:\/\/www.rwg-bayreuth.de\/home\/index.php?rest_route=\/wp\/v2\/posts"}],"about":[{"href":"https:\/\/www.rwg-bayreuth.de\/home\/index.php?rest_route=\/wp\/v2\/types\/post"}],"author":[{"embeddable":true,"href":"https:\/\/www.rwg-bayreuth.de\/home\/index.php?rest_route=\/wp\/v2\/users\/1"}],"replies":[{"embeddable":true,"href":"https:\/\/www.rwg-bayreuth.de\/home\/index.php?rest_route=%2Fwp%2Fv2%2Fcomments&post=21461"}],"version-history":[{"count":2,"href":"https:\/\/www.rwg-bayreuth.de\/home\/index.php?rest_route=\/wp\/v2\/posts\/21461\/revisions"}],"predecessor-version":[{"id":21466,"href":"https:\/\/www.rwg-bayreuth.de\/home\/index.php?rest_route=\/wp\/v2\/posts\/21461\/revisions\/21466"}],"wp:featuredmedia":[{"embeddable":true,"href":"https:\/\/www.rwg-bayreuth.de\/home\/index.php?rest_route=\/wp\/v2\/media\/21462"}],"wp:attachment":[{"href":"https:\/\/www.rwg-bayreuth.de\/home\/index.php?rest_route=%2Fwp%2Fv2%2Fmedia&parent=21461"}],"wp:term":[{"taxonomy":"category","embeddable":true,"href":"https:\/\/www.rwg-bayreuth.de\/home\/index.php?rest_route=%2Fwp%2Fv2%2Fcategories&post=21461"},{"taxonomy":"post_tag","embeddable":true,"href":"https:\/\/www.rwg-bayreuth.de\/home\/index.php?rest_route=%2Fwp%2Fv2%2Ftags&post=21461"}],"curies":[{"name":"wp","href":"https:\/\/api.w.org\/{rel}","templated":true}]}}