{"id":21319,"date":"2019-03-20T10:38:05","date_gmt":"2019-03-20T09:38:05","guid":{"rendered":"http:\/\/www.rwg-bayreuth.de\/home\/?p=21319"},"modified":"2019-03-21T18:31:00","modified_gmt":"2019-03-21T17:31:00","slug":"40-millionen-fuer-eine-rundumerneuerung","status":"publish","type":"post","link":"https:\/\/www.rwg-bayreuth.de\/home\/?p=21319","title":{"rendered":"Das RWG soll rundum erneuert werden"},"content":{"rendered":"<div id=\"attachment_21320\" style=\"width: 1034px\" class=\"wp-caption aligncenter\"><a href=\"https:\/\/www.rwg-bayreuth.de\/home\/wp-content\/uploads\/2019\/03\/18-19-Umbau-Ensemble-1024.jpg\"><img loading=\"lazy\" decoding=\"async\" aria-describedby=\"caption-attachment-21320\" src=\"https:\/\/www.rwg-bayreuth.de\/home\/wp-content\/uploads\/2019\/03\/18-19-Umbau-Ensemble-1024.jpg\" alt=\"\" width=\"1024\" height=\"607\" class=\"size-full wp-image-21320\" \/><\/a><p id=\"caption-attachment-21320\" class=\"wp-caption-text\">Das RWG-Ensemble, wie man es kennt, soll bald ganz anders aussehen: Es ist ein gro\u00dfer Neubau \u00fcber der Umkleide an der Turnhalle geplant und auch der in die Jahre gekommene Mittelbau soll sich ver\u00e4ndern.<\/p><\/div>\n<p>Eine wichtige Entscheidung hat der Bauausschuss der Stadt Bayreuth getroffen, um eine gr\u00fcndliche Rundumerneuerung und eine Erweiterung unserer Schule auf den Weg zu bringen. Er hat dem Stadtrat empfohlen, daf\u00fcr 40 Millionen Euro bereitzustellen. Damit kann unsere Schulen k\u00fcnftig die modernste in Bayreuth werden.<\/p>\n<p>Die Ma\u00dfnahme ist weit umfassender als nur etwas neue Farbe an der Wand: In den bestehenden Geb\u00e4udeteilen soll eine v\u00f6llig neue Schule entstehen und nicht nur das: das RWG soll auch erweitert werden, um den tats\u00e4chlichen Platzbedarf der Sch\u00fcler Rechnung zu tragen. Dazu ist geplant, den Bereich der jetzigen Umkleiden an der Turnhalle aufzustocken. Wenn der Stadtrat zustimmt, kann dies die erste Bauma\u00dfnahme sein. <\/p>\n<div id=\"attachment_21321\" style=\"width: 460px\" class=\"wp-caption aligncenter\"><a href=\"https:\/\/www.rwg-bayreuth.de\/home\/wp-content\/uploads\/2019\/03\/18-190-Umbau-Fr\u00fchling-450jpg.jpg\"><img loading=\"lazy\" decoding=\"async\" aria-describedby=\"caption-attachment-21321\" src=\"https:\/\/www.rwg-bayreuth.de\/home\/wp-content\/uploads\/2019\/03\/18-190-Umbau-Fr\u00fchling-450jpg.jpg\" alt=\"\" width=\"450\" height=\"341\" class=\"size-full wp-image-21321\" srcset=\"https:\/\/www.rwg-bayreuth.de\/home\/wp-content\/uploads\/2019\/03\/18-190-Umbau-Fr\u00fchling-450jpg.jpg 450w, https:\/\/www.rwg-bayreuth.de\/home\/wp-content\/uploads\/2019\/03\/18-190-Umbau-Fr\u00fchling-450jpg-250x189.jpg 250w\" sizes=\"(max-width: 450px) 100vw, 450px\" \/><\/a><p id=\"caption-attachment-21321\" class=\"wp-caption-text\">Fr\u00fchling am RWG &#8211; ab 2020 soll das Geb\u00e4ude erneuert werden.<\/p><\/div>\n<p>Das hat den gro\u00dfen Vorteil, dass der Schulbetrieb nicht entscheidend gest\u00f6rt wird. Wenn der Anbau fertig ist, wird gen\u00fcgend Platz vorhanden sein, um hier den Unterricht hin zu verlagern, sodass dann St\u00fcck f\u00fcr St\u00fcck in drei weiteren Bauabschnitten der Rest der Schule auf Vordermann gebracht und umgestaltet werden kann. Deshalb werden keine Containerl\u00f6sungen notwendig werden. <\/p>\n<p>\u201eDie gesamte Planung ist so angelegt, dass der ganz normale Schulalltag weitergehen kann wie bisher, \u201c sagt Schulleiterin Ursula Graf dazu. \u201eWir werden nicht die ganze Schule auf einmal auf den Kopf stellen, sondern in kleinen Schritten vorgehen, sodass der Unterricht m\u00f6glichst wenig gest\u00f6rt wird und nat\u00fcrlich auch das gesamte Unterrichtsprogramm und das Zusatzangebot unserer Schule aufrecht erhalten werden kann.\u201c<\/p>\n<p>F\u00fcr den  bisherigen Neubau sieht die Planung nicht nur vor, mehr Licht in die G\u00e4nge zu bringen, sondern auch einen ger\u00e4umigen Bibliotheksbereich zu schaffen. V\u00f6llig umgestaltet wird der jetzige Mittelbau. Er soll in einen gro\u00dfz\u00fcgigen Eingangsbereich mit Pausenhallen umgewandelt werden. \u201eUnsere Schule bekommt dadurch einen zentralen Eingang\u201c, erkl\u00e4rt Ursula Graf.<\/p>\n<p>Auch im Altbau werden sich die Handwerker zu schaffen machen. Verschwinden sollen vor allem die unsch\u00f6nen, jetzt an der Geb\u00e4udeau\u00dfenseite angebrachten Behelfsfluchttreppen. Damit den Sicherheitsauflagen Gen\u00fcge getan wird, werden im Inneren neue Treppenh\u00e4user geschaffen. Es wird auch die Denkmalpfleger freuen, dass der Altbau dann wieder eine einheitliche Fassade erhalten wird.<\/p>\n<p>Die Planung und Ausf\u00fchrung der Ma\u00dfnahme liegt bei BAURCONSULT, einem Architekturb\u00fcro aus Ha\u00dffurt, das sehr viel Erfahrung mit Schulbauten und \u2013sanierungen hat. Das ganze RWG w\u00fcrde sich sehr freuen, wenn die gelungenen Planungen der Architekten auch den Stadtrat \u00fcberzeugen k\u00f6nnen: Er hat das letzte Wort, damit in den Sommerferien 2020 mit der Ma\u00dfnahme begonnen werden kann.<\/p>\n","protected":false},"excerpt":{"rendered":"<p>Eine wichtige Entscheidung hat der Bauausschuss der Stadt Bayreuth getroffen, um eine gr\u00fcndliche Rundumerneuerung und eine Erweiterung unserer Schule auf den Weg zu bringen. Er hat dem Stadtrat empfohlen, daf\u00fcr 40 Millionen Euro bereitzustellen. Damit kann unsere Schulen k\u00fcnftig die modernste in Bayreuth werden. Die Ma\u00dfnahme ist weit umfassender als nur etwas neue Farbe an&hellip;<\/p>\n","protected":false},"author":1,"featured_media":21320,"comment_status":"closed","ping_status":"closed","sticky":false,"template":"","format":"standard","meta":{"footnotes":""},"categories":[1],"tags":[51],"_links":{"self":[{"href":"https:\/\/www.rwg-bayreuth.de\/home\/index.php?rest_route=\/wp\/v2\/posts\/21319"}],"collection":[{"href":"https:\/\/www.rwg-bayreuth.de\/home\/index.php?rest_route=\/wp\/v2\/posts"}],"about":[{"href":"https:\/\/www.rwg-bayreuth.de\/home\/index.php?rest_route=\/wp\/v2\/types\/post"}],"author":[{"embeddable":true,"href":"https:\/\/www.rwg-bayreuth.de\/home\/index.php?rest_route=\/wp\/v2\/users\/1"}],"replies":[{"embeddable":true,"href":"https:\/\/www.rwg-bayreuth.de\/home\/index.php?rest_route=%2Fwp%2Fv2%2Fcomments&post=21319"}],"version-history":[{"count":7,"href":"https:\/\/www.rwg-bayreuth.de\/home\/index.php?rest_route=\/wp\/v2\/posts\/21319\/revisions"}],"predecessor-version":[{"id":21333,"href":"https:\/\/www.rwg-bayreuth.de\/home\/index.php?rest_route=\/wp\/v2\/posts\/21319\/revisions\/21333"}],"wp:featuredmedia":[{"embeddable":true,"href":"https:\/\/www.rwg-bayreuth.de\/home\/index.php?rest_route=\/wp\/v2\/media\/21320"}],"wp:attachment":[{"href":"https:\/\/www.rwg-bayreuth.de\/home\/index.php?rest_route=%2Fwp%2Fv2%2Fmedia&parent=21319"}],"wp:term":[{"taxonomy":"category","embeddable":true,"href":"https:\/\/www.rwg-bayreuth.de\/home\/index.php?rest_route=%2Fwp%2Fv2%2Fcategories&post=21319"},{"taxonomy":"post_tag","embeddable":true,"href":"https:\/\/www.rwg-bayreuth.de\/home\/index.php?rest_route=%2Fwp%2Fv2%2Ftags&post=21319"}],"curies":[{"name":"wp","href":"https:\/\/api.w.org\/{rel}","templated":true}]}}