{"id":21262,"date":"2019-03-16T15:12:44","date_gmt":"2019-03-16T14:12:44","guid":{"rendered":"http:\/\/www.rwg-bayreuth.de\/home\/?p=21262"},"modified":"2023-01-08T19:35:29","modified_gmt":"2023-01-08T18:35:29","slug":"gute-gruende-fuer-das-rwg","status":"publish","type":"post","link":"https:\/\/www.rwg-bayreuth.de\/home\/?p=21262","title":{"rendered":"Gute Gr\u00fcnde f\u00fcr das RWG &#8211; Infotag 2019"},"content":{"rendered":"<div id=\"attachment_21263\" style=\"width: 1034px\" class=\"wp-caption aligncenter\"><a href=\"https:\/\/www.rwg-bayreuth.de\/home\/wp-content\/uploads\/2019\/03\/18-19-Infotag-Turnahlle-1024.jpg\"><img loading=\"lazy\" decoding=\"async\" aria-describedby=\"caption-attachment-21263\" class=\"size-full wp-image-21263\" src=\"https:\/\/www.rwg-bayreuth.de\/home\/wp-content\/uploads\/2019\/03\/18-19-Infotag-Turnahlle-1024.jpg\" alt=\"\" width=\"1024\" height=\"584\" srcset=\"https:\/\/www.rwg-bayreuth.de\/home\/wp-content\/uploads\/2019\/03\/18-19-Infotag-Turnahlle-1024.jpg 1024w, https:\/\/www.rwg-bayreuth.de\/home\/wp-content\/uploads\/2019\/03\/18-19-Infotag-Turnahlle-1024-450x257.jpg 450w, https:\/\/www.rwg-bayreuth.de\/home\/wp-content\/uploads\/2019\/03\/18-19-Infotag-Turnahlle-1024-768x438.jpg 768w, https:\/\/www.rwg-bayreuth.de\/home\/wp-content\/uploads\/2019\/03\/18-19-Infotag-Turnahlle-1024-250x143.jpg 250w\" sizes=\"(max-width: 1024px) 100vw, 1024px\" \/><\/a><p id=\"caption-attachment-21263\" class=\"wp-caption-text\">Die bunten M\u00fctzen sorgten daf\u00fcr, dass jeder seine Gruppe leicht fand.<\/p><\/div>\n<p><a href=\"https:\/\/youtu.be\/uk1jbwOeCnU\"><img loading=\"lazy\" decoding=\"async\" class=\"alignleft size-full wp-image-18908\" src=\"https:\/\/www.rwg-bayreuth.de\/home\/wp-content\/uploads\/2018\/04\/Symbol-Kamera.jpg\" alt=\"\" width=\"25\" height=\"25\"> Schulsong &#8211; Wir sind das RWG&#8230;!<\/a><\/p>\n<p>Mit einem Info-Tag stellte sich das RWG den Viertkl\u00e4sslern und ihren Eltern vor. Im Mittelpunkt stand das Profilprogramm f\u00fcr die n\u00e4chsten f\u00fcnften Klassen. \u201eEntdecke, was in die steckt\u201c, hei\u00dft das Motto des Angebots \u2013 einer von zehn Gr\u00fcnden, die f\u00fcr das RWG sprechen.<\/p>\n<p>Schulleiterin Ursula Graf stellte den Eltern diese zehn Punkte vor, die das RWG als Schule im Herzen der Stadt auszeichnen. <strong> <a href=\"https:\/\/www.rwg-bayreuth.de\/home\/?page_id=24075\">[Zehn gute Gr\u00fcnde f\u00fcr das RWG\u2026]<\/a><\/strong><!--https:\/\/www.rwg-bayreuth.de\/home\/?page_id=24075--><\/p>\n<h6>Schulzweige<\/h6>\n<p>Bei der Info-Veranstaltung in der Turnhalle wurde ausf\u00fchrlich vorgestellt, was das Richard-Wagner-Gymnasium besonders macht. Das sind nicht nur der sprachliche, der sozialwissenschaftliche und der wirtschaftswissenschaftliche Schulzweig, die ab der achten Klasse besucht werden k\u00f6nnen. F\u00fcr die F\u00fcnftkl\u00e4ssler sind es vor allem das Profilangebot in den Bereichen Experimentieren und Forschen \u2013 Kreatives Gestalten &#8211; Sport \u2013 Tanz und Musik \u2013 Theater sowie das Programm KOMPASS, das beim Ankommen am Gymnasium helfen soll.<\/p>\n<div id=\"attachment_21270\" style=\"width: 460px\" class=\"wp-caption aligncenter\"><a href=\"https:\/\/www.rwg-bayreuth.de\/home\/wp-content\/uploads\/2019\/03\/18-19-Infotag-Experimentieren2-450.jpg\"><img loading=\"lazy\" decoding=\"async\" aria-describedby=\"caption-attachment-21270\" class=\"size-full wp-image-21270\" src=\"https:\/\/www.rwg-bayreuth.de\/home\/wp-content\/uploads\/2019\/03\/18-19-Infotag-Experimentieren2-450.jpg\" alt=\"\" width=\"450\" height=\"361\" srcset=\"https:\/\/www.rwg-bayreuth.de\/home\/wp-content\/uploads\/2019\/03\/18-19-Infotag-Experimentieren2-450.jpg 450w, https:\/\/www.rwg-bayreuth.de\/home\/wp-content\/uploads\/2019\/03\/18-19-Infotag-Experimentieren2-450-250x201.jpg 250w\" sizes=\"(max-width: 450px) 100vw, 450px\" \/><\/a><p id=\"caption-attachment-21270\" class=\"wp-caption-text\">Experimentieren ist einer der Profilschwerpunkte.<\/p><\/div>\n<h6>Profilf\u00e4cher<\/h6>\n<p>Die Profilf\u00e4cher werden f\u00fcr die f\u00fcnften Klassen in den Vormittagsunterricht integriert \u2013 es geht also ganz ohne Nachmittagsunterricht ab. Sie haben auch keinen Einfluss auf die Klassenbildung \u2013 selbstverst\u00e4ndlich sollen Freundschaften nicht zerrissen werden. Sie nutzen die M\u00f6glichkeiten des neuen G9, Freir\u00e4ume zu nutzen, die individuell gew\u00e4hlt werden k\u00f6nnen \u2013 ohne Notendruck, sondern zur Entwicklung der Pers\u00f6nlichkeit. <strong><a href=\"https:\/\/www.rwg-bayreuth.de\/home\/?page_id=29773\">[mehr zu den Profilf\u00e4chern der 5. Klassen&#8230;]<\/a>.<\/strong><\/p>\n<h6>KOMPASSprogramm<\/h6>\n<p>Im Programm KOMPASS lernen die F\u00fcnftkl\u00e4ssler, wie man richtig lernt, mit anderen umgeht, Konflikte l\u00f6st und das soziale Verhalten entwickelt. Es wurde von unserer Schule selbst entwickelt und gibt es so nur am RWG. <strong><a href=\"https:\/\/www.rwg-bayreuth.de\/home\/?page_id=8601\">[mehr zum Programm KOMPASS f\u00fcr die f\u00fcnften Klassen&#8230;]<\/a><\/strong><\/p>\n<div id=\"attachment_21273\" style=\"width: 460px\" class=\"wp-caption aligncenter\"><a href=\"https:\/\/www.rwg-bayreuth.de\/home\/wp-content\/uploads\/2019\/03\/jpg8-19-Infotag-boards-450.jpg\"><img loading=\"lazy\" decoding=\"async\" aria-describedby=\"caption-attachment-21273\" class=\"size-full wp-image-21273\" src=\"https:\/\/www.rwg-bayreuth.de\/home\/wp-content\/uploads\/2019\/03\/jpg8-19-Infotag-boards-450.jpg\" alt=\"\" width=\"450\" height=\"313\" srcset=\"https:\/\/www.rwg-bayreuth.de\/home\/wp-content\/uploads\/2019\/03\/jpg8-19-Infotag-boards-450.jpg 450w, https:\/\/www.rwg-bayreuth.de\/home\/wp-content\/uploads\/2019\/03\/jpg8-19-Infotag-boards-450-250x174.jpg 250w\" sizes=\"(max-width: 450px) 100vw, 450px\" \/><\/a><p id=\"caption-attachment-21273\" class=\"wp-caption-text\">Medienkompetenz ist heute wichtiger denn je.<\/p><\/div>\n<h6>Digitalisierung<\/h6>\n<p>Auch das Schlagwort von der \u201eDigitalisierung\u201c spielte bei der Vorstellung der Schule eine gro\u00dfe Rolle: Nat\u00fcrlich sollen die Sch\u00fcler im Umgang mit Ger\u00e4ten und Programmen fit gemacht werden, aber das hei\u00dft nicht, dass der ganze Unterricht auf Computer umgestellt wird, f\u00fcr die es gar nicht gen\u00fcgend sinnvolle Nutzungsm\u00f6glichkeiten gibt. Die modern ausgestatteten R\u00e4ume erlauben stattdessen einen auf die Unterrichtsituationen abgestimmten Einsatz. F\u00fcr ganz wichtig h\u00e4lt das RWG, dass Medienkompetenz auch eine Sensibilisierung f\u00fcr die heiklen Seiten der neuen digitalen Welt umfasst. Dazu wurde ein Medienkonzept erarbeitet, welches die Sch\u00fcler aktiv einbezieht: Als ausgebildete Medienscouts sollen Sch\u00fcler ihre Mitsch\u00fcler \u00fcber die Gefahren und die rechtlichen Aspekte der digitalen Welt aufkl\u00e4ren.<\/p>\n<h6>Workshops<\/h6>\n<p>Die Sch\u00fclerinnen und Sch\u00fcler, die mit ihren Eltern sehr zahlreich zum Infotag gekommen waren, wurden in der Turnhalle empfangen. Dort konnten die Sch\u00fcler ihre W\u00fcnsche \u00e4u\u00dfern, wie sie den Vormittag entsprechend ihrer pers\u00f6nlichen Interessen gestalten wollten. Jeder konnte zwei Workshops in frei w\u00e4hlbaren Kombinationen w\u00e4hlen und bunte M\u00fctzenkombinationen sorgten daf\u00fcr, dass der \u00dcberblick gewahrt blieb und niemand verloren gehen konnte, w\u00e4hrend die Kinder mit ihren Tutoren aus den oberen Klassen sich auf den Weg durch das Haus machten. vorher konnten sie noch sehen, was die RWG-Sch\u00fcler alles k\u00f6nnen, zum Beispiel beim Sport und Parkurs.<\/p>\n<p><a href=\"https:\/\/youtu.be\/dvUE1N-tfjA\"><img loading=\"lazy\" decoding=\"async\" class=\"alignleft size-full wp-image-18908\" src=\"https:\/\/www.rwg-bayreuth.de\/home\/wp-content\/uploads\/2018\/04\/Symbol-Kamera.jpg\" alt=\"\" width=\"25\" height=\"25\"> Video: Sporteinlage<\/a><\/p>\n<h6>Schulrundgang<\/h6>\n<p>Nach der Vortrags- und Workshoprunde konnten Kinder und Eltern gemeinsam die Schule erkunden und verschiedene Stationen besuchen. In der Turnhalle war die Kletterwand ein gro\u00dfer Magnet, aber auch ein Salto oder eine kleine Barren\u00fcbung konnten ausprobiert werden.<\/p>\n<div id=\"attachment_21265\" style=\"width: 460px\" class=\"wp-caption aligncenter\"><a href=\"https:\/\/www.rwg-bayreuth.de\/home\/wp-content\/uploads\/2019\/03\/18-19-Infotag-K\u00fcche450l.jpg\"><img loading=\"lazy\" decoding=\"async\" aria-describedby=\"caption-attachment-21265\" class=\"size-full wp-image-21265\" src=\"https:\/\/www.rwg-bayreuth.de\/home\/wp-content\/uploads\/2019\/03\/18-19-Infotag-K\u00fcche450l.jpg\" alt=\"\" width=\"450\" height=\"329\" srcset=\"https:\/\/www.rwg-bayreuth.de\/home\/wp-content\/uploads\/2019\/03\/18-19-Infotag-K\u00fcche450l.jpg 450w, https:\/\/www.rwg-bayreuth.de\/home\/wp-content\/uploads\/2019\/03\/18-19-Infotag-K\u00fcche450l-250x183.jpg 250w\" sizes=\"(max-width: 450px) 100vw, 450px\" \/><\/a><p id=\"caption-attachment-21265\" class=\"wp-caption-text\">Kochen ist am RWG ein beliebtes Wahlfach.<\/p><\/div>\n<p>Lecker duftete es aus der Schulk\u00fcche herauf, wo Pfannkuchen hergestellt werden konnten \u2013 zur eigenen St\u00e4rkung oder der der Eltern, die nicht minder neugierig als ihre Spr\u00f6sslinge durchs Haus zogen.<\/p>\n<div id=\"attachment_21266\" style=\"width: 460px\" class=\"wp-caption aligncenter\"><a href=\"https:\/\/www.rwg-bayreuth.de\/home\/wp-content\/uploads\/2019\/03\/18-19-Infotag-N\u00e4hen-450.jpg\"><img loading=\"lazy\" decoding=\"async\" aria-describedby=\"caption-attachment-21266\" class=\"size-full wp-image-21266\" src=\"https:\/\/www.rwg-bayreuth.de\/home\/wp-content\/uploads\/2019\/03\/18-19-Infotag-N\u00e4hen-450.jpg\" alt=\"\" width=\"450\" height=\"354\" srcset=\"https:\/\/www.rwg-bayreuth.de\/home\/wp-content\/uploads\/2019\/03\/18-19-Infotag-N\u00e4hen-450.jpg 450w, https:\/\/www.rwg-bayreuth.de\/home\/wp-content\/uploads\/2019\/03\/18-19-Infotag-N\u00e4hen-450-250x197.jpg 250w\" sizes=\"(max-width: 450px) 100vw, 450px\" \/><\/a><p id=\"caption-attachment-21266\" class=\"wp-caption-text\">Mit Textilien kann man gut gestalten und basteln.<\/p><\/div>\n<p>Im N\u00e4h- und Bastelbereich surrten emsig die N\u00e4hmaschinen und wer sich traute, konnte kleine Stoffsachen basteln, angeleitet von den RWG-Sch\u00fclern, die das alles schon im Unterricht gelernt haben und die ihr K\u00f6nnen gerne an die Kleinen weitergaben.<\/p>\n<div id=\"attachment_21267\" style=\"width: 460px\" class=\"wp-caption aligncenter\"><a href=\"https:\/\/www.rwg-bayreuth.de\/home\/wp-content\/uploads\/2019\/03\/18-19-Infotag-Tanz-450.jpg\"><img loading=\"lazy\" decoding=\"async\" aria-describedby=\"caption-attachment-21267\" class=\"size-full wp-image-21267\" src=\"https:\/\/www.rwg-bayreuth.de\/home\/wp-content\/uploads\/2019\/03\/18-19-Infotag-Tanz-450.jpg\" alt=\"\" width=\"450\" height=\"333\" srcset=\"https:\/\/www.rwg-bayreuth.de\/home\/wp-content\/uploads\/2019\/03\/18-19-Infotag-Tanz-450.jpg 450w, https:\/\/www.rwg-bayreuth.de\/home\/wp-content\/uploads\/2019\/03\/18-19-Infotag-Tanz-450-250x185.jpg 250w\" sizes=\"(max-width: 450px) 100vw, 450px\" \/><\/a><p id=\"caption-attachment-21267\" class=\"wp-caption-text\">Jeder kann tanzen, wenn er dem Rhythmus der Musik folgt.<\/p><\/div>\n<p>Auch musisch-rhythmisch ging es zu, denn auch f\u00fcr alle, die sich gerne zur Musik bewegen, war etwas geboten und sie konnten einen Tanz einstudieren. Wenn man sich traut und ein paar Hilfen von Lehrern oder anderen Sch\u00fclern bekommt, ist das gar nicht schwer.<\/p>\n<div id=\"attachment_21268\" style=\"width: 460px\" class=\"wp-caption aligncenter\"><a href=\"https:\/\/www.rwg-bayreuth.de\/home\/wp-content\/uploads\/2019\/03\/18-19-Infotag-theater-450.jpg\"><img loading=\"lazy\" decoding=\"async\" aria-describedby=\"caption-attachment-21268\" class=\"size-full wp-image-21268\" src=\"https:\/\/www.rwg-bayreuth.de\/home\/wp-content\/uploads\/2019\/03\/18-19-Infotag-theater-450.jpg\" alt=\"\" width=\"450\" height=\"322\" srcset=\"https:\/\/www.rwg-bayreuth.de\/home\/wp-content\/uploads\/2019\/03\/18-19-Infotag-theater-450.jpg 450w, https:\/\/www.rwg-bayreuth.de\/home\/wp-content\/uploads\/2019\/03\/18-19-Infotag-theater-450-250x179.jpg 250w\" sizes=\"(max-width: 450px) 100vw, 450px\" \/><\/a><p id=\"caption-attachment-21268\" class=\"wp-caption-text\">Die G\u00e4ste konnten einen gruseligen Krimi sehen.<\/p><\/div>\n<p>In Rollen schl\u00fcpfen, sich schminken lassen oder Kost\u00fcme ausprobieren konnte man im RWG-Theater in der Aula. Wer sich f\u00fcr das Spielprogramm unserer Schule interessierte, konnte den RWG-Theaterflyer mitnehmen, der heuer sechs verschiedene Auff\u00fchrungen auflistet<strong> <a href=\"https:\/\/www.rwg-bayreuth.de\/home\/?page_id=3190\">[mehr zum Theater am RWG\u2026]<\/a><\/strong>.<\/p>\n<p>Zu den notwendigen Informationen trug auch die Offene Ganztagsschule bei, denn am RWG gibt es ja eine Nachmittagsbetreuung, bei der sich ausgebildete Sozialp\u00e4dagogen darum k\u00fcmmern, dass die Sache mit den Hausaufgaben gut l\u00e4uft und danach noch Zeit ist f\u00fcr ein sinnvolles, abwechslungsreiches Unterhaltungsprogramm.<\/p>\n<div id=\"attachment_21269\" style=\"width: 460px\" class=\"wp-caption aligncenter\"><a href=\"https:\/\/www.rwg-bayreuth.de\/home\/wp-content\/uploads\/2019\/03\/18-19-Infotag-Fotoaktion-450.jpg\"><img loading=\"lazy\" decoding=\"async\" aria-describedby=\"caption-attachment-21269\" class=\"size-full wp-image-21269\" src=\"https:\/\/www.rwg-bayreuth.de\/home\/wp-content\/uploads\/2019\/03\/18-19-Infotag-Fotoaktion-450.jpg\" alt=\"\" width=\"450\" height=\"308\" srcset=\"https:\/\/www.rwg-bayreuth.de\/home\/wp-content\/uploads\/2019\/03\/18-19-Infotag-Fotoaktion-450.jpg 450w, https:\/\/www.rwg-bayreuth.de\/home\/wp-content\/uploads\/2019\/03\/18-19-Infotag-Fotoaktion-450-250x171.jpg 250w\" sizes=\"(max-width: 450px) 100vw, 450px\" \/><\/a><p id=\"caption-attachment-21269\" class=\"wp-caption-text\">Es gab auch Erinnerungsfotos.<\/p><\/div>\n<p>Nat\u00fcrlich stellten sich auch die Schulzweige vor, zum Beispiel mit Informationen \u00fcber das SWG, das WWG oder die Austauschprogramme. Dabei durfte die Unterhaltung nicht zu kurz kommen: Wer wollte, konnte stilecht als Engl\u00e4nder, Italiener oder Spanier verkleidet f\u00fcr ein Erinnerungslos posieren.<\/p>\n<div id=\"attachment_21271\" style=\"width: 460px\" class=\"wp-caption aligncenter\"><a href=\"https:\/\/www.rwg-bayreuth.de\/home\/wp-content\/uploads\/2019\/03\/18-19-Infotag-Chemieshow-450.jpg\"><img loading=\"lazy\" decoding=\"async\" aria-describedby=\"caption-attachment-21271\" class=\"size-full wp-image-21271\" src=\"https:\/\/www.rwg-bayreuth.de\/home\/wp-content\/uploads\/2019\/03\/18-19-Infotag-Chemieshow-450.jpg\" alt=\"\" width=\"450\" height=\"322\" srcset=\"https:\/\/www.rwg-bayreuth.de\/home\/wp-content\/uploads\/2019\/03\/18-19-Infotag-Chemieshow-450.jpg 450w, https:\/\/www.rwg-bayreuth.de\/home\/wp-content\/uploads\/2019\/03\/18-19-Infotag-Chemieshow-450-250x179.jpg 250w\" sizes=\"(max-width: 450px) 100vw, 450px\" \/><\/a><p id=\"caption-attachment-21271\" class=\"wp-caption-text\">Die Chemiker hatten eigens eine Show vorbereitet.<\/p><\/div>\n<p>In den Naturwissenschaften ging es um das Forschen und Experimentieren und halbst\u00fcndlich gab es eine kleine Chemieshow zu sehen. Die MINT-F\u00f6rderung wird am RWG gro\u00df geschrieben, denn die Schule ist eine zertifizierte MINT- und NaWigatorschule, die in diesen Bereichen die Sch\u00fcler besonders voranbringen m\u00f6chte <strong><a href=\"https:\/\/www.rwg-bayreuth.de\/home\/?page_id=6833\">[mehr zum RWG als MINT-Schule&#8230;<\/a><\/strong>]. Auch f\u00fcr Essen und Getr\u00e4nke war bestens gesorgt, nicht zuletzt dank des Engagements des Elternbeirates, der \u00fcppig Kuchen und H\u00e4ppchen vorbereitet hatte.<\/p>\n<p>Nat\u00fcrlich konnten auch die Zimmer besucht werden, die in diesem Schuljahr von den f\u00fcnften Klassen belegt sind. Hier konnte man einen Eindruck von digitalisiertem Unterricht gewinnen. So war f\u00fcr jeden etwas geboten und alle konnten sich einen Eindruck verschaffen, wie es am RWG so zugeht. Vielleicht ist es ja die n\u00e4chste Schule.<br \/>\n<strong><br \/>\n<a href=\"https:\/\/www.rwg-bayreuth.de\/home\/?page_id=18424\">[mehr zum \u00dcbertritt&#8230;]<\/a><\/strong><\/p>\n","protected":false},"excerpt":{"rendered":"<p>Schulsong &#8211; Wir sind das RWG&#8230;! Mit einem Info-Tag stellte sich das RWG den Viertkl\u00e4sslern und ihren Eltern vor. Im Mittelpunkt stand das Profilprogramm f\u00fcr die n\u00e4chsten f\u00fcnften Klassen. \u201eEntdecke, was in die steckt\u201c, hei\u00dft das Motto des Angebots \u2013 einer von zehn Gr\u00fcnden, die f\u00fcr das RWG sprechen. Schulleiterin Ursula Graf stellte den Eltern&hellip;<\/p>\n","protected":false},"author":1,"featured_media":21263,"comment_status":"closed","ping_status":"closed","sticky":false,"template":"","format":"standard","meta":{"footnotes":""},"categories":[1],"tags":[51,125],"_links":{"self":[{"href":"https:\/\/www.rwg-bayreuth.de\/home\/index.php?rest_route=\/wp\/v2\/posts\/21262"}],"collection":[{"href":"https:\/\/www.rwg-bayreuth.de\/home\/index.php?rest_route=\/wp\/v2\/posts"}],"about":[{"href":"https:\/\/www.rwg-bayreuth.de\/home\/index.php?rest_route=\/wp\/v2\/types\/post"}],"author":[{"embeddable":true,"href":"https:\/\/www.rwg-bayreuth.de\/home\/index.php?rest_route=\/wp\/v2\/users\/1"}],"replies":[{"embeddable":true,"href":"https:\/\/www.rwg-bayreuth.de\/home\/index.php?rest_route=%2Fwp%2Fv2%2Fcomments&post=21262"}],"version-history":[{"count":32,"href":"https:\/\/www.rwg-bayreuth.de\/home\/index.php?rest_route=\/wp\/v2\/posts\/21262\/revisions"}],"predecessor-version":[{"id":33070,"href":"https:\/\/www.rwg-bayreuth.de\/home\/index.php?rest_route=\/wp\/v2\/posts\/21262\/revisions\/33070"}],"wp:featuredmedia":[{"embeddable":true,"href":"https:\/\/www.rwg-bayreuth.de\/home\/index.php?rest_route=\/wp\/v2\/media\/21263"}],"wp:attachment":[{"href":"https:\/\/www.rwg-bayreuth.de\/home\/index.php?rest_route=%2Fwp%2Fv2%2Fmedia&parent=21262"}],"wp:term":[{"taxonomy":"category","embeddable":true,"href":"https:\/\/www.rwg-bayreuth.de\/home\/index.php?rest_route=%2Fwp%2Fv2%2Fcategories&post=21262"},{"taxonomy":"post_tag","embeddable":true,"href":"https:\/\/www.rwg-bayreuth.de\/home\/index.php?rest_route=%2Fwp%2Fv2%2Ftags&post=21262"}],"curies":[{"name":"wp","href":"https:\/\/api.w.org\/{rel}","templated":true}]}}