{"id":21245,"date":"2019-03-14T11:09:21","date_gmt":"2019-03-14T10:09:21","guid":{"rendered":"http:\/\/www.rwg-bayreuth.de\/home\/?p=21245"},"modified":"2019-05-17T15:30:16","modified_gmt":"2019-05-17T13:30:16","slug":"matrhematik-in-der-kunst","status":"publish","type":"post","link":"https:\/\/www.rwg-bayreuth.de\/home\/?p=21245","title":{"rendered":"Mathematik in der Kunst"},"content":{"rendered":"<div id=\"attachment_21246\" style=\"width: 460px\" class=\"wp-caption aligncenter\"><a href=\"https:\/\/www.rwg-bayreuth.de\/home\/wp-content\/uploads\/2019\/03\/18-19-Gerdes-Ausstellungshalle-1-450.jpg\"><img loading=\"lazy\" decoding=\"async\" aria-describedby=\"caption-attachment-21246\" src=\"https:\/\/www.rwg-bayreuth.de\/home\/wp-content\/uploads\/2019\/03\/18-19-Gerdes-Ausstellungshalle-1-450.jpg\" alt=\"\" width=\"450\" height=\"285\" class=\"size-full wp-image-21246\" srcset=\"https:\/\/www.rwg-bayreuth.de\/home\/wp-content\/uploads\/2019\/03\/18-19-Gerdes-Ausstellungshalle-1-450.jpg 450w, https:\/\/www.rwg-bayreuth.de\/home\/wp-content\/uploads\/2019\/03\/18-19-Gerdes-Ausstellungshalle-1-450-250x158.jpg 250w\" sizes=\"(max-width: 450px) 100vw, 450px\" \/><\/a><p id=\"caption-attachment-21246\" class=\"wp-caption-text\">Die Kunstausstellung bot viele Inspirationsm\u00f6glichkeiten.<\/p><\/div>\n<p>Mit Bildern und Installationen von Anna Recker besch\u00e4ftigten sich unsere Sch\u00fclerinnen und Sch\u00fcler bei einem Gang in die Ausstellungshalle des neuen Rathauses. Es ging um etwas, was man zun\u00e4chst gar nicht erwartet \u2013 den Zusammenhang von Kunst und Mathematik.<\/p>\n<p>Dass die Kunst eine gro\u00dfe Affinit\u00e4t zu den Ordnungsprinzipien der Mathematik hat, konnten die Sch\u00fclerinnen des Kunstunterrichtes am RWG anhand einer aktuellen Ausstellung des Kunstmuseums Bayreuth praktisch erarbeiten.<\/p>\n<div id=\"attachment_21248\" style=\"width: 210px\" class=\"wp-caption aligncenter\"><a href=\"https:\/\/www.rwg-bayreuth.de\/home\/wp-content\/uploads\/2019\/03\/18-19-Gerdes-Ausstellungshalle-3-200.jpg\"><img loading=\"lazy\" decoding=\"async\" aria-describedby=\"caption-attachment-21248\" src=\"https:\/\/www.rwg-bayreuth.de\/home\/wp-content\/uploads\/2019\/03\/18-19-Gerdes-Ausstellungshalle-3-200.jpg\" alt=\"\" width=\"200\" height=\"267\" class=\"size-full wp-image-21248\" \/><\/a><p id=\"caption-attachment-21248\" class=\"wp-caption-text\">Mathematik und Kunst passen gut zusammen.<\/p><\/div>\n<p>Im Januar fotografierten die Teilnehmer des Profilfaches Fotografie und die Foto AG Werke der K\u00fcnstlerin Anna Recker, die es sich in ihrem Lebenswerk zur Aufgabe gemacht hat, mathematische Prinzipien zu visualisieren. In ihren Installationen, Zeichnungen und Bildern variiert sie Formeln, die sich aus dem Dreieck ableiten lassen. Eine besondere Faszination \u00fcbt das Hexagon f\u00fcr sie aus, welches in der Natur zum Beispiel bei den Wabenstrukturen der Bienen und grunds\u00e4tzlich auch bei Wellenbewegungen des Wassers vorkommt. In vielen ihrer Werke findet man das \u201eTriangulum\u201c, das Dreieck aus dem sich der Goldene Schnitt rechnen l\u00e4sst. <\/p>\n<div id=\"attachment_21247\" style=\"width: 460px\" class=\"wp-caption aligncenter\"><a href=\"https:\/\/www.rwg-bayreuth.de\/home\/wp-content\/uploads\/2019\/03\/18-19-Gerdes-Ausstellungshalle-4-450.jpg\"><img loading=\"lazy\" decoding=\"async\" aria-describedby=\"caption-attachment-21247\" src=\"https:\/\/www.rwg-bayreuth.de\/home\/wp-content\/uploads\/2019\/03\/18-19-Gerdes-Ausstellungshalle-4-450.jpg\" alt=\"\" width=\"450\" height=\"338\" class=\"size-full wp-image-21247\" srcset=\"https:\/\/www.rwg-bayreuth.de\/home\/wp-content\/uploads\/2019\/03\/18-19-Gerdes-Ausstellungshalle-4-450.jpg 450w, https:\/\/www.rwg-bayreuth.de\/home\/wp-content\/uploads\/2019\/03\/18-19-Gerdes-Ausstellungshalle-4-450-250x188.jpg 250w\" sizes=\"(max-width: 450px) 100vw, 450px\" \/><\/a><p id=\"caption-attachment-21247\" class=\"wp-caption-text\">Das Foto ist von Anna Meier (Q11).<\/p><\/div>\n<p>Fasziniert von den Spielm\u00f6glichkeiten in den Installationen und der altmeisterlichen Malweise der K\u00fcnstlerin machten sich die Sch\u00fclerinnen und Sch\u00fcler auf die Suche nach stimmigen Fotomotiven. Die Aufgabenstellungen waren sowohl den Werken, als auch dem Raum angepasst worden, sodass sich vielf\u00e4ltige Fotomotive finden lie\u00dfen. Aufgrund von fotografischen Vorlagen der Sch\u00fcler aber auch der Lehrkr\u00e4fte f\u00fchrten die Sch\u00fcler im Rahmen des Kunstunterrichtes weitere Ideen zur perspektivischen Gestaltung aus.<\/p>\n<p><em>A. Gerdes <\/em><\/p>\n","protected":false},"excerpt":{"rendered":"<p>Mit Bildern und Installationen von Anna Recker besch\u00e4ftigten sich unsere Sch\u00fclerinnen und Sch\u00fcler bei einem Gang in die Ausstellungshalle des neuen Rathauses. Es ging um etwas, was man zun\u00e4chst gar nicht erwartet \u2013 den Zusammenhang von Kunst und Mathematik. Dass die Kunst eine gro\u00dfe Affinit\u00e4t zu den Ordnungsprinzipien der Mathematik hat, konnten die Sch\u00fclerinnen des&hellip;<\/p>\n","protected":false},"author":1,"featured_media":21246,"comment_status":"closed","ping_status":"closed","sticky":false,"template":"","format":"standard","meta":{"footnotes":""},"categories":[1],"tags":[51,41],"_links":{"self":[{"href":"https:\/\/www.rwg-bayreuth.de\/home\/index.php?rest_route=\/wp\/v2\/posts\/21245"}],"collection":[{"href":"https:\/\/www.rwg-bayreuth.de\/home\/index.php?rest_route=\/wp\/v2\/posts"}],"about":[{"href":"https:\/\/www.rwg-bayreuth.de\/home\/index.php?rest_route=\/wp\/v2\/types\/post"}],"author":[{"embeddable":true,"href":"https:\/\/www.rwg-bayreuth.de\/home\/index.php?rest_route=\/wp\/v2\/users\/1"}],"replies":[{"embeddable":true,"href":"https:\/\/www.rwg-bayreuth.de\/home\/index.php?rest_route=%2Fwp%2Fv2%2Fcomments&post=21245"}],"version-history":[{"count":5,"href":"https:\/\/www.rwg-bayreuth.de\/home\/index.php?rest_route=\/wp\/v2\/posts\/21245\/revisions"}],"predecessor-version":[{"id":21710,"href":"https:\/\/www.rwg-bayreuth.de\/home\/index.php?rest_route=\/wp\/v2\/posts\/21245\/revisions\/21710"}],"wp:featuredmedia":[{"embeddable":true,"href":"https:\/\/www.rwg-bayreuth.de\/home\/index.php?rest_route=\/wp\/v2\/media\/21246"}],"wp:attachment":[{"href":"https:\/\/www.rwg-bayreuth.de\/home\/index.php?rest_route=%2Fwp%2Fv2%2Fmedia&parent=21245"}],"wp:term":[{"taxonomy":"category","embeddable":true,"href":"https:\/\/www.rwg-bayreuth.de\/home\/index.php?rest_route=%2Fwp%2Fv2%2Fcategories&post=21245"},{"taxonomy":"post_tag","embeddable":true,"href":"https:\/\/www.rwg-bayreuth.de\/home\/index.php?rest_route=%2Fwp%2Fv2%2Ftags&post=21245"}],"curies":[{"name":"wp","href":"https:\/\/api.w.org\/{rel}","templated":true}]}}