{"id":21217,"date":"2019-03-08T11:27:48","date_gmt":"2019-03-08T10:27:48","guid":{"rendered":"http:\/\/www.rwg-bayreuth.de\/home\/?p=21217"},"modified":"2019-05-24T19:04:58","modified_gmt":"2019-05-24T17:04:58","slug":"und-die-moral-von-der-geschicht","status":"publish","type":"post","link":"https:\/\/www.rwg-bayreuth.de\/home\/?p=21217","title":{"rendered":"Und die Moral von der Geschicht&#8217;&#8230;"},"content":{"rendered":"<div id=\"attachment_21218\" style=\"width: 460px\" class=\"wp-caption aligncenter\"><a href=\"https:\/\/www.rwg-bayreuth.de\/home\/wp-content\/uploads\/2019\/03\/18-19-Fabeln-5c-1-450.jpg\"><img loading=\"lazy\" decoding=\"async\" aria-describedby=\"caption-attachment-21218\" src=\"https:\/\/www.rwg-bayreuth.de\/home\/wp-content\/uploads\/2019\/03\/18-19-Fabeln-5c-1-450.jpg\" alt=\"\" width=\"450\" height=\"351\" class=\"size-full wp-image-21218\" srcset=\"https:\/\/www.rwg-bayreuth.de\/home\/wp-content\/uploads\/2019\/03\/18-19-Fabeln-5c-1-450.jpg 450w, https:\/\/www.rwg-bayreuth.de\/home\/wp-content\/uploads\/2019\/03\/18-19-Fabeln-5c-1-450-250x195.jpg 250w\" sizes=\"(max-width: 450px) 100vw, 450px\" \/><\/a><p id=\"caption-attachment-21218\" class=\"wp-caption-text\">Die Klasse 5c hatte es sich zum Ziel gemacht, gemeinsame Tiergeschichten zu erarbeiten.<\/p><\/div>\n<p>Den diesj\u00e4hrigen Projekttag zum Thema Werte nutzten unsere 5. Klassen, um an einem gr\u00f6\u00dferen KOMPASS-Projekt zu arbeiten: Im Mittelpunkt der Klasse 5c standen dabei &#8222;fabelhafte Tiergeschichten und Co&#8220;.<\/p>\n<p>Bevor die F\u00fcnftkl\u00e4ssler jedoch mit der eigentlichen Arbeit beginnen konnten, wurde kurzerhand das Klassenzimmer in ein Kuscheltierparadies verwandelt: Denn im Mittelpunkt standen einen ganzen Vormittag all die Lieblinge aus Pl\u00fcsch, die ansonsten im Kinderzimmer ihren Platz haben  &#8211; sei es zum Spielen, Kuscheln oder aber um Trost zu spenden, wenn es einmal Kummer gibt; denn ein Kuscheltier hat nun eben richtig viel zu erz\u00e4hlen und ist geduldiger Zuh\u00f6rer in allen Lebenslagen. Und genau darum sollte es innerhalb des ausgew\u00e4hlten Projektes gehen.<\/p>\n<div id=\"attachment_21219\" style=\"width: 460px\" class=\"wp-caption aligncenter\"><a href=\"https:\/\/www.rwg-bayreuth.de\/home\/wp-content\/uploads\/2019\/03\/18-19-Fabeln-5c-2-450.jpg\"><img loading=\"lazy\" decoding=\"async\" aria-describedby=\"caption-attachment-21219\" src=\"https:\/\/www.rwg-bayreuth.de\/home\/wp-content\/uploads\/2019\/03\/18-19-Fabeln-5c-2-450.jpg\" alt=\"\" width=\"450\" height=\"304\" class=\"size-full wp-image-21219\" srcset=\"https:\/\/www.rwg-bayreuth.de\/home\/wp-content\/uploads\/2019\/03\/18-19-Fabeln-5c-2-450.jpg 450w, https:\/\/www.rwg-bayreuth.de\/home\/wp-content\/uploads\/2019\/03\/18-19-Fabeln-5c-2-450-250x169.jpg 250w\" sizes=\"(max-width: 450px) 100vw, 450px\" \/><\/a><p id=\"caption-attachment-21219\" class=\"wp-caption-text\">Die mitgebrachten Kuscheltiere waren eine gute Inspirationsquelle f\u00fcr die Fabeln<\/p><\/div>\n<p>Die literarische Gattung der Fabel bot dabei gleichzeitig eine Einbettung in den Unterricht: Im Vorfeld hatten sich die Sch\u00fcler bereits mit dem Aufbau und den Grundlagen der speziellen Geschichten besch\u00e4ftigt, in denen Tieren eine Sprache verliehen wird. Man denke beispielsweise nur an \u00c4sops ber\u00fchmte Fabel von Raben und dem schlauen Fuchs, der dem Vogel durch seine sprichw\u00f6rtliche List einen leckeren K\u00e4se stiehlt! Oder an die flei\u00dfige Ameise, die der Grille in ihrer Not nicht helfen mag &#8211; derlei Erz\u00e4hlungen gibt es schlie\u00dflich viele. Sie alle haben au\u00dferdem eines gemeinsam: Am Ende steht eine schlaue Erkenntnis, die Lehre, die man f\u00fcrs eigene Leben als &#8218;Moral von der Geschicht&#8216; mitnehmen kann und aus der man etwas lernen sollte \u2013 und gerade weil man diese Einsicht durch die Figur eines Tieres vermittelt bekommt, erscheint uns dieses Bildhafte manchmal eing\u00e4ngiger als jeder erhobene Zeigefinger eines Erwachsenen oder gar Lehrers. Ideale Voraussetzungen also, um eigenst\u00e4ndig und gemeinsam als Team an einem Projekt zu arbeiten<\/p>\n<div id=\"attachment_21221\" style=\"width: 460px\" class=\"wp-caption aligncenter\"><a href=\"https:\/\/www.rwg-bayreuth.de\/home\/wp-content\/uploads\/2019\/03\/18-19-Fabel-5c-4-450.jpg\"><img loading=\"lazy\" decoding=\"async\" aria-describedby=\"caption-attachment-21221\" src=\"https:\/\/www.rwg-bayreuth.de\/home\/wp-content\/uploads\/2019\/03\/18-19-Fabel-5c-4-450.jpg\" alt=\"\" width=\"450\" height=\"321\" class=\"size-full wp-image-21221\" srcset=\"https:\/\/www.rwg-bayreuth.de\/home\/wp-content\/uploads\/2019\/03\/18-19-Fabel-5c-4-450.jpg 450w, https:\/\/www.rwg-bayreuth.de\/home\/wp-content\/uploads\/2019\/03\/18-19-Fabel-5c-4-450-250x178.jpg 250w\" sizes=\"(max-width: 450px) 100vw, 450px\" \/><\/a><p id=\"caption-attachment-21221\" class=\"wp-caption-text\">Vor dem Schreiben wurde flei\u00dfig ge\u00fcbt.<\/p><\/div>\n<p>In einem kurzen &#8218;warming up&#8216; wurden spielerisch die typischen Attribute der Tiere wiederholt, die symbolisch geworden sind und in unterschiedlichen Fabeln stets wiederkehren. Dabei kamen auch all die mitgebrachten &#8218;Lieblinge&#8216; der Sch\u00fcler zum Zug. Danach ging es in die Gruppenphase: Nun galt es, selbst kreativ zu werden. Als Klassen- und Deutschlehrerin hatte Frau Track dabei unterschiedliche Fabeltexte verschiedener Autoren und Zeiten herausgesucht, mit denen sich die Kinder zun\u00e4chst einmal in ihrem Team besprechen und auseinandersetzen mussten: Hier waren beispielsweise Fortsetzungen der Fabel zu formulieren, es waren fehlende L\u00fccken zu vervollst\u00e4ndigen oder aber eine eigene Lehre f\u00fcr die vorgegebene Erz\u00e4hlung zu finden; au\u00dferdem sollten Bilder passend zum Ausgangstext gestaltet werden und es gab den Auftrag, Fabeln in die heutige Zeit zu \u00fcbertragen etc. <\/p>\n<p>Bald schon herrschte eine angestrengte Arbeitsatmosph\u00e4re im Klassenzimmer, es wurden eifrig Ideen gesammelt und munter gebastelt \u2013 zun\u00e4chst mit Stift und Papier, Schere und Kleber. Man konnte f\u00f6rmlich dabei zusehen, wie nach und nach erste Vorschl\u00e4ge im gemeinsamen Gedankenaustausch zu einem Produkt reiften und sich weiterentwickelten.<\/p>\n<div id=\"attachment_21220\" style=\"width: 460px\" class=\"wp-caption aligncenter\"><a href=\"https:\/\/www.rwg-bayreuth.de\/home\/wp-content\/uploads\/2019\/03\/18-19-Fabeln-5c-3-450.jpg\"><img loading=\"lazy\" decoding=\"async\" aria-describedby=\"caption-attachment-21220\" src=\"https:\/\/www.rwg-bayreuth.de\/home\/wp-content\/uploads\/2019\/03\/18-19-Fabeln-5c-3-450.jpg\" alt=\"\" width=\"450\" height=\"301\" class=\"size-full wp-image-21220\" srcset=\"https:\/\/www.rwg-bayreuth.de\/home\/wp-content\/uploads\/2019\/03\/18-19-Fabeln-5c-3-450.jpg 450w, https:\/\/www.rwg-bayreuth.de\/home\/wp-content\/uploads\/2019\/03\/18-19-Fabeln-5c-3-450-250x167.jpg 250w\" sizes=\"(max-width: 450px) 100vw, 450px\" \/><\/a><p id=\"caption-attachment-21220\" class=\"wp-caption-text\">Mit den elektronischen Tafeln lie\u00df es sich prima arbeiten.<\/p><\/div>\n<p>In einem zweiten Schritt erfolgte dann die praktische Umsetzung: Vom Bewegtbild in 3-D, \u00fcber eine klassische szenische Auff\u00fchrung, bis zum Lege- bzw. &#8218;Wisch&#8216;-Bild nach Comic-Art unter der Dokumentenkamera \u2013 so ziemlich alles war hierbei geboten. Und immer im Mittelpunkt standen erneut die vielen s\u00fc\u00dfen Kuscheltiere der Kinder, die zu den heimlichen Stars des Vormittags geworden waren. <\/p>\n<p>Eine abschlie\u00dfenden Pr\u00e4sentationen der einzelnen Gruppen rundete den Projekttag im Klassenzimmer der 5c gelungen ab; hier konnten schlie\u00dflich die Mitsch\u00fcler die Ergebnisse ihrer Klassenkameraden auf Video bestaunen und wurden selbst noch einmal nachdenklich, wenn es darum ging, welche Werte uns Tiere nun innerhalb der einzelnen Fabel vermitteln k\u00f6nnen \u2013 auch wenn es zu Hause einfach nur ganz normale Kuscheltiere sind.<\/p>\n<p>S. Track <\/p>\n","protected":false},"excerpt":{"rendered":"<p>Den diesj\u00e4hrigen Projekttag zum Thema Werte nutzten unsere 5. Klassen, um an einem gr\u00f6\u00dferen KOMPASS-Projekt zu arbeiten: Im Mittelpunkt der Klasse 5c standen dabei &#8222;fabelhafte Tiergeschichten und Co&#8220;. Bevor die F\u00fcnftkl\u00e4ssler jedoch mit der eigentlichen Arbeit beginnen konnten, wurde kurzerhand das Klassenzimmer in ein Kuscheltierparadies verwandelt: Denn im Mittelpunkt standen einen ganzen Vormittag all die&hellip;<\/p>\n","protected":false},"author":1,"featured_media":21218,"comment_status":"closed","ping_status":"closed","sticky":false,"template":"","format":"standard","meta":{"footnotes":""},"categories":[1],"tags":[47,59,51,109],"_links":{"self":[{"href":"https:\/\/www.rwg-bayreuth.de\/home\/index.php?rest_route=\/wp\/v2\/posts\/21217"}],"collection":[{"href":"https:\/\/www.rwg-bayreuth.de\/home\/index.php?rest_route=\/wp\/v2\/posts"}],"about":[{"href":"https:\/\/www.rwg-bayreuth.de\/home\/index.php?rest_route=\/wp\/v2\/types\/post"}],"author":[{"embeddable":true,"href":"https:\/\/www.rwg-bayreuth.de\/home\/index.php?rest_route=\/wp\/v2\/users\/1"}],"replies":[{"embeddable":true,"href":"https:\/\/www.rwg-bayreuth.de\/home\/index.php?rest_route=%2Fwp%2Fv2%2Fcomments&post=21217"}],"version-history":[{"count":2,"href":"https:\/\/www.rwg-bayreuth.de\/home\/index.php?rest_route=\/wp\/v2\/posts\/21217\/revisions"}],"predecessor-version":[{"id":21226,"href":"https:\/\/www.rwg-bayreuth.de\/home\/index.php?rest_route=\/wp\/v2\/posts\/21217\/revisions\/21226"}],"wp:featuredmedia":[{"embeddable":true,"href":"https:\/\/www.rwg-bayreuth.de\/home\/index.php?rest_route=\/wp\/v2\/media\/21218"}],"wp:attachment":[{"href":"https:\/\/www.rwg-bayreuth.de\/home\/index.php?rest_route=%2Fwp%2Fv2%2Fmedia&parent=21217"}],"wp:term":[{"taxonomy":"category","embeddable":true,"href":"https:\/\/www.rwg-bayreuth.de\/home\/index.php?rest_route=%2Fwp%2Fv2%2Fcategories&post=21217"},{"taxonomy":"post_tag","embeddable":true,"href":"https:\/\/www.rwg-bayreuth.de\/home\/index.php?rest_route=%2Fwp%2Fv2%2Ftags&post=21217"}],"curies":[{"name":"wp","href":"https:\/\/api.w.org\/{rel}","templated":true}]}}