{"id":21120,"date":"2019-02-27T09:23:42","date_gmt":"2019-02-27T08:23:42","guid":{"rendered":"http:\/\/www.rwg-bayreuth.de\/home\/?p=21120"},"modified":"2019-02-27T11:19:49","modified_gmt":"2019-02-27T10:19:49","slug":"faschingsgaudi-der-5-klassen","status":"publish","type":"post","link":"https:\/\/www.rwg-bayreuth.de\/home\/?p=21120","title":{"rendered":"Faschingsgaudi der 5. Klassen"},"content":{"rendered":"\n<div class=\"wp-block-image\"><figure class=\"aligncenter\"><img loading=\"lazy\" decoding=\"async\" width=\"450\" height=\"304\" src=\"https:\/\/www.rwg-bayreuth.de\/home\/wp-content\/uploads\/2019\/02\/18-19-Fasching-Tanz-450.jpg\" alt=\"\" class=\"wp-image-21121\" srcset=\"https:\/\/www.rwg-bayreuth.de\/home\/wp-content\/uploads\/2019\/02\/18-19-Fasching-Tanz-450.jpg 450w, https:\/\/www.rwg-bayreuth.de\/home\/wp-content\/uploads\/2019\/02\/18-19-Fasching-Tanz-450-250x169.jpg 250w\" sizes=\"(max-width: 450px) 100vw, 450px\" \/><figcaption>Die Tutoren sorgten f\u00fcr eine Bombenstimmung in der Aula.<\/figcaption><\/figure><\/div>\n\n\n\n<div class=\"wp-block-image\"><figure class=\"alignleft\"><img loading=\"lazy\" decoding=\"async\" width=\"25\" height=\"25\" src=\"https:\/\/www.rwg-bayreuth.de\/home\/wp-content\/uploads\/2018\/04\/Symbol-Kamera.jpg\" alt=\"\" class=\"wp-image-18908\"\/><\/figure><\/div>\n\n\n\n<p><a href=\"https:\/\/www.youtube.com\/watch?v=DZwLEF32pq4&amp;feature=youtu.be\">Video: Fasching am RWG&#8230;<\/a><\/p>\n\n\n\n<p>Was geh\u00f6rt zu einer guten Faschingsfeier? Nat\u00fcrlich Kost\u00fcme, Schminke, Krapfen und vor allem viel gute Laune. Unsere F\u00fcnftk\u00e4ssler zeigten, wie es geht.<\/p>\n\n\n\n<div class=\"wp-block-image\"><figure class=\"aligncenter\"><img loading=\"lazy\" decoding=\"async\" width=\"450\" height=\"317\" src=\"https:\/\/www.rwg-bayreuth.de\/home\/wp-content\/uploads\/2019\/02\/18-19-Fasching-Krapfen-450.jpg\" alt=\"\" class=\"wp-image-21125\" srcset=\"https:\/\/www.rwg-bayreuth.de\/home\/wp-content\/uploads\/2019\/02\/18-19-Fasching-Krapfen-450.jpg 450w, https:\/\/www.rwg-bayreuth.de\/home\/wp-content\/uploads\/2019\/02\/18-19-Fasching-Krapfen-450-250x176.jpg 250w\" sizes=\"(max-width: 450px) 100vw, 450px\" \/><figcaption>Die SMV hatte kistenweise Krapfen dabei.<\/figcaption><\/figure><\/div>\n\n\n\n<p>Zum Unterstufenfasching geladen hatte die SMV, die sich auch um das ganze Drumherum k\u00fcmmerte: Dazu geh\u00f6rte zun\u00e4chst einmal die Vorbereitung, denn es mussten kistenweise Krapfen und Getr\u00e4nke besorgt werden, damit den F\u00fcnftkl\u00e4sslern w\u00e4hrend der Feier die Energie nicht ausging. Vor allem aber musste ein anderthalbst\u00fcndiges Entertainment-Programm ersonnen werden, denn nichts ist fataler als ein Fasching, bei dem nichts los ist.<\/p>\n\n\n\n<div class=\"wp-block-image\"><figure class=\"aligncenter\"><img loading=\"lazy\" decoding=\"async\" width=\"450\" height=\"355\" src=\"https:\/\/www.rwg-bayreuth.de\/home\/wp-content\/uploads\/2019\/02\/18-19-Fasching-Sch\u00fcler-1-450.jpg\" alt=\"\" class=\"wp-image-21123\" srcset=\"https:\/\/www.rwg-bayreuth.de\/home\/wp-content\/uploads\/2019\/02\/18-19-Fasching-Sch\u00fcler-1-450.jpg 450w, https:\/\/www.rwg-bayreuth.de\/home\/wp-content\/uploads\/2019\/02\/18-19-Fasching-Sch\u00fcler-1-450-250x197.jpg 250w\" sizes=\"(max-width: 450px) 100vw, 450px\" \/><figcaption>Alle waren in bunten Kost\u00fcmen gekommen.<\/figcaption><\/figure><\/div>\n\n\n\n<p>Die Gefahr bestand bei der Feier zu keinem Moment: Auf der\nB\u00fchne der Aula heizten die M\u00e4dels die Stimmung richtig an, schwenkten die\nBeine, sangen und tanzten, als h\u00e4tten sie ihr Leben lang nichts anderes gemacht\nals Leute zu unterhalten. So wurde \u201edas Lasso geschwungen\u201c und ab ging es\ngleich darauf zur Polonaise. Die f\u00fchrte durchs ganze Schulhaus, und die anderen\nKlassen durften in ihren Unterrichtsstunden durchaus mitbekommen, wie man am RWG\nzu feiern versteht. <\/p>\n\n\n\n<div class=\"wp-block-image\"><figure class=\"aligncenter\"><img loading=\"lazy\" decoding=\"async\" width=\"450\" height=\"303\" src=\"https:\/\/www.rwg-bayreuth.de\/home\/wp-content\/uploads\/2019\/02\/18-19-Faschin-Kost\u00fcmpr\u00e4mierung-450.jpg\" alt=\"\" class=\"wp-image-21122\" srcset=\"https:\/\/www.rwg-bayreuth.de\/home\/wp-content\/uploads\/2019\/02\/18-19-Faschin-Kost\u00fcmpr\u00e4mierung-450.jpg 450w, https:\/\/www.rwg-bayreuth.de\/home\/wp-content\/uploads\/2019\/02\/18-19-Faschin-Kost\u00fcmpr\u00e4mierung-450-250x168.jpg 250w\" sizes=\"(max-width: 450px) 100vw, 450px\" \/><figcaption>Die sch\u00f6nsten Kost\u00fcme wurden mit viel Applaus bedacht.<\/figcaption><\/figure><\/div>\n\n\n\n<p>Wie es sich geh\u00f6rt, waren die F\u00fcnftkl\u00e4ssler bunt und teils\nphantasievoll, teils verwegen maskiert zum Fasching gekommen. Prinzessen, Piraten,\nAliens, Seppl, Katzen und K\u00e4tzchen \u2013 alles war geboten. Ein H\u00f6hepunkt des\nFaschings war zweifelsohne die Kost\u00fcmpr\u00e4mierung: Jede Klasse konnte einen\nverkleideten Mitsch\u00fcler und eine kost\u00fcmierte Mitsch\u00fclerin nominieren, die sich\nauf der B\u00fchne dem Publikum pr\u00e4sentierten. Abgestimmt wurde per Zuruf, und es\nist keine Frage, dass der Saal tobte und die Scheiben wackelten, als es an die\nK\u00fcr des sch\u00f6nsten Kost\u00fcmes ging.<\/p>\n\n\n\n<div class=\"wp-block-image\"><figure class=\"aligncenter\"><img loading=\"lazy\" decoding=\"async\" width=\"450\" height=\"336\" src=\"https:\/\/www.rwg-bayreuth.de\/home\/wp-content\/uploads\/2019\/02\/18-19-Faschin-Mohrenkopfessen-450.jpg\" alt=\"\" class=\"wp-image-21124\" srcset=\"https:\/\/www.rwg-bayreuth.de\/home\/wp-content\/uploads\/2019\/02\/18-19-Faschin-Mohrenkopfessen-450.jpg 450w, https:\/\/www.rwg-bayreuth.de\/home\/wp-content\/uploads\/2019\/02\/18-19-Faschin-Mohrenkopfessen-450-250x187.jpg 250w\" sizes=\"(max-width: 450px) 100vw, 450px\" \/><figcaption>Das Mohrenkopfessen war eine Mordsgaudi.<\/figcaption><\/figure><\/div>\n\n\n\n<p>Immer wieder durfte getanzt und geh\u00fcpft werden, bis der\nn\u00e4chste H\u00f6hepunkt kam: Was w\u00e4re ein Kinderfasching ohne Mohrenkopfessen? Tats\u00e4chlich\nwar f\u00fcr jeden der gut 120 F\u00fcnftkl\u00e4ssler ein Mohrenkopf auf einem Pappteller vorhanden.\nDie Tutoren hatten sie in einer langen Schlange aufgebaut, die sich ein paar Mal\ndurch die Aula wand, die Sch\u00fcler platzierten sich auf dem Bauch liegend vor\neinem Teller und auf Kommando ging es los. Der erste Mohrenkopf war schnell\nvertilgt, aber alle bekamen gen\u00fcgend Zeit, auch ihr Exemplar gar zu verspeisen.<\/p>\n\n\n\n<p>So hatten alle ihren Spa\u00df und es kam keine Langeweile auf.<\/p>\n","protected":false},"excerpt":{"rendered":"<p>Video: Fasching am RWG&#8230; Was geh\u00f6rt zu einer guten Faschingsfeier? Nat\u00fcrlich Kost\u00fcme, Schminke, Krapfen und vor allem viel gute Laune. Unsere F\u00fcnftk\u00e4ssler zeigten, wie es geht. Zum Unterstufenfasching geladen hatte die SMV, die sich auch um das ganze Drumherum k\u00fcmmerte: Dazu geh\u00f6rte zun\u00e4chst einmal die Vorbereitung, denn es mussten kistenweise Krapfen und Getr\u00e4nke besorgt werden,&hellip;<\/p>\n","protected":false},"author":1,"featured_media":21121,"comment_status":"closed","ping_status":"closed","sticky":false,"template":"","format":"standard","meta":{"footnotes":""},"categories":[1],"tags":[51,35,49],"_links":{"self":[{"href":"https:\/\/www.rwg-bayreuth.de\/home\/index.php?rest_route=\/wp\/v2\/posts\/21120"}],"collection":[{"href":"https:\/\/www.rwg-bayreuth.de\/home\/index.php?rest_route=\/wp\/v2\/posts"}],"about":[{"href":"https:\/\/www.rwg-bayreuth.de\/home\/index.php?rest_route=\/wp\/v2\/types\/post"}],"author":[{"embeddable":true,"href":"https:\/\/www.rwg-bayreuth.de\/home\/index.php?rest_route=\/wp\/v2\/users\/1"}],"replies":[{"embeddable":true,"href":"https:\/\/www.rwg-bayreuth.de\/home\/index.php?rest_route=%2Fwp%2Fv2%2Fcomments&post=21120"}],"version-history":[{"count":6,"href":"https:\/\/www.rwg-bayreuth.de\/home\/index.php?rest_route=\/wp\/v2\/posts\/21120\/revisions"}],"predecessor-version":[{"id":21143,"href":"https:\/\/www.rwg-bayreuth.de\/home\/index.php?rest_route=\/wp\/v2\/posts\/21120\/revisions\/21143"}],"wp:featuredmedia":[{"embeddable":true,"href":"https:\/\/www.rwg-bayreuth.de\/home\/index.php?rest_route=\/wp\/v2\/media\/21121"}],"wp:attachment":[{"href":"https:\/\/www.rwg-bayreuth.de\/home\/index.php?rest_route=%2Fwp%2Fv2%2Fmedia&parent=21120"}],"wp:term":[{"taxonomy":"category","embeddable":true,"href":"https:\/\/www.rwg-bayreuth.de\/home\/index.php?rest_route=%2Fwp%2Fv2%2Fcategories&post=21120"},{"taxonomy":"post_tag","embeddable":true,"href":"https:\/\/www.rwg-bayreuth.de\/home\/index.php?rest_route=%2Fwp%2Fv2%2Ftags&post=21120"}],"curies":[{"name":"wp","href":"https:\/\/api.w.org\/{rel}","templated":true}]}}