{"id":20993,"date":"2019-02-21T12:32:41","date_gmt":"2019-02-21T11:32:41","guid":{"rendered":"http:\/\/www.rwg-bayreuth.de\/home\/?p=20993"},"modified":"2019-02-24T20:21:28","modified_gmt":"2019-02-24T19:21:28","slug":"eilmeldung-rwg-fuehrt-politfassaeule-ein-aktuelle-politische-nachrichten-nun-auch-direkt-am-rwg","status":"publish","type":"post","link":"https:\/\/www.rwg-bayreuth.de\/home\/?p=20993","title":{"rendered":"Die Politfasss\u00e4ule  &#8211; Politik aktuell"},"content":{"rendered":"\n<div class=\"wp-block-image\"><figure class=\"aligncenter\"><img loading=\"lazy\" decoding=\"async\" width=\"450\" height=\"301\" src=\"https:\/\/www.rwg-bayreuth.de\/home\/wp-content\/uploads\/2019\/02\/18-19-Politfasss\u00e4ule-450.jpg\" alt=\"\" class=\"wp-image-21065\" srcset=\"https:\/\/www.rwg-bayreuth.de\/home\/wp-content\/uploads\/2019\/02\/18-19-Politfasss\u00e4ule-450.jpg 450w, https:\/\/www.rwg-bayreuth.de\/home\/wp-content\/uploads\/2019\/02\/18-19-Politfasss\u00e4ule-450-250x167.jpg 250w\" sizes=\"(max-width: 450px) 100vw, 450px\" \/><figcaption> Die Politfasss\u00e4ule in der Pausenhalle informiert \u00fcber das aktuelle Politikgeschehen. <\/figcaption><\/figure><\/div>\n\n\n\n<p>Wer kennt das nicht: In der\nFamilie wird mal wieder \u00fcber Politik diskutiert und man wei\u00df nicht genau, worum\nes geht. Wir haben die L\u00f6sung!<\/p>\n\n\n\n<div class=\"wp-block-image\"><figure class=\"aligncenter\"><a href=\"https:\/\/www.rwg-bayreuth.de\/home\/wp-content\/uploads\/2019\/02\/Politfasss\u00e4ule4.jpg\"><img loading=\"lazy\" decoding=\"async\" width=\"253\" height=\"450\" src=\"https:\/\/www.rwg-bayreuth.de\/home\/wp-content\/uploads\/2019\/02\/Politfasss\u00e4ule4-253x450.jpg\" alt=\"\" class=\"wp-image-20995\" srcset=\"https:\/\/www.rwg-bayreuth.de\/home\/wp-content\/uploads\/2019\/02\/Politfasss\u00e4ule4-253x450.jpg 253w, https:\/\/www.rwg-bayreuth.de\/home\/wp-content\/uploads\/2019\/02\/Politfasss\u00e4ule4-768x1365.jpg 768w, https:\/\/www.rwg-bayreuth.de\/home\/wp-content\/uploads\/2019\/02\/Politfasss\u00e4ule4-576x1024.jpg 576w, https:\/\/www.rwg-bayreuth.de\/home\/wp-content\/uploads\/2019\/02\/Politfasss\u00e4ule4-250x444.jpg 250w, https:\/\/www.rwg-bayreuth.de\/home\/wp-content\/uploads\/2019\/02\/Politfasss\u00e4ule4-338x600.jpg 338w, https:\/\/www.rwg-bayreuth.de\/home\/wp-content\/uploads\/2019\/02\/Politfasss\u00e4ule4.jpg 1024w\" sizes=\"(max-width: 253px) 100vw, 253px\" \/><\/a><\/figure><\/div>\n\n\n\n<p>Als Sozialkundeklasse 10ae k\u00fcmmern wir uns schon seit Anfang des Schuljahres um die Politfasss\u00e4ule, die sich in der oberen Pausenhalle befindet. Unser Ziel ist es dabei euch dort \u00fcber die neuesten politischen Ereignisse zu informieren. <\/p>\n\n\n\n<div class=\"wp-block-image\"><figure class=\"aligncenter\"><a href=\"https:\/\/www.rwg-bayreuth.de\/home\/wp-content\/uploads\/2019\/02\/Politfasss\u00e4ule2.jpg\"><img loading=\"lazy\" decoding=\"async\" width=\"450\" height=\"253\" src=\"https:\/\/www.rwg-bayreuth.de\/home\/wp-content\/uploads\/2019\/02\/Politfasss\u00e4ule2-450x253.jpg\" alt=\"\" class=\"wp-image-20996\" srcset=\"https:\/\/www.rwg-bayreuth.de\/home\/wp-content\/uploads\/2019\/02\/Politfasss\u00e4ule2-450x253.jpg 450w, https:\/\/www.rwg-bayreuth.de\/home\/wp-content\/uploads\/2019\/02\/Politfasss\u00e4ule2-768x432.jpg 768w, https:\/\/www.rwg-bayreuth.de\/home\/wp-content\/uploads\/2019\/02\/Politfasss\u00e4ule2.jpg 1024w, https:\/\/www.rwg-bayreuth.de\/home\/wp-content\/uploads\/2019\/02\/Politfasss\u00e4ule2-250x141.jpg 250w, https:\/\/www.rwg-bayreuth.de\/home\/wp-content\/uploads\/2019\/02\/Politfasss\u00e4ule2-800x450.jpg 800w, https:\/\/www.rwg-bayreuth.de\/home\/wp-content\/uploads\/2019\/02\/Politfasss\u00e4ule2-600x338.jpg 600w\" sizes=\"(max-width: 450px) 100vw, 450px\" \/><\/a><\/figure><\/div>\n\n\n\n<p>Die Zeitungsausschnitte beinhalten unter Artikel zur Au\u00dfenpolitik und zu europ\u00e4ischer Politik, z.&nbsp;B. aktuell zum Brexit oder zur Innen- und Familienpolitik wie z.&nbsp;B. zum \u201eGuten-Kita\u201c-Gesetz. Die Politfasss\u00e4ule soll hierbei eine Anlaufstelle sein, bei der ihr euch, unabh\u00e4ngig von eurer Zweigwahl, schnellstm\u00f6glich auf den neuesten Stand der Politik bringen k\u00f6nnt.<\/p>\n\n\n\n<p>So k\u00f6nnt ihr euch bei den n\u00e4chsten\npolitischen Diskussionen beteiligen und eure Meinung \u00e4u\u00dfern!<\/p>\n\n\n\n<p>Wir freuen uns schon, euch bei der\nn\u00e4chsten Pause dort zu sehen.<\/p>\n\n\n\n<p><em>Annika und Svenja, 10ae<\/em><\/p>\n","protected":false},"excerpt":{"rendered":"<p>Wer kennt das nicht: In der Familie wird mal wieder \u00fcber Politik diskutiert und man wei\u00df nicht genau, worum es geht. Wir haben die L\u00f6sung! Als Sozialkundeklasse 10ae k\u00fcmmern wir uns schon seit Anfang des Schuljahres um die Politfasss\u00e4ule, die sich in der oberen Pausenhalle befindet. Unser Ziel ist es dabei euch dort \u00fcber die&hellip;<\/p>\n","protected":false},"author":11,"featured_media":20994,"comment_status":"closed","ping_status":"closed","sticky":false,"template":"","format":"standard","meta":{"footnotes":""},"categories":[1],"tags":[51,52],"_links":{"self":[{"href":"https:\/\/www.rwg-bayreuth.de\/home\/index.php?rest_route=\/wp\/v2\/posts\/20993"}],"collection":[{"href":"https:\/\/www.rwg-bayreuth.de\/home\/index.php?rest_route=\/wp\/v2\/posts"}],"about":[{"href":"https:\/\/www.rwg-bayreuth.de\/home\/index.php?rest_route=\/wp\/v2\/types\/post"}],"author":[{"embeddable":true,"href":"https:\/\/www.rwg-bayreuth.de\/home\/index.php?rest_route=\/wp\/v2\/users\/11"}],"replies":[{"embeddable":true,"href":"https:\/\/www.rwg-bayreuth.de\/home\/index.php?rest_route=%2Fwp%2Fv2%2Fcomments&post=20993"}],"version-history":[{"count":11,"href":"https:\/\/www.rwg-bayreuth.de\/home\/index.php?rest_route=\/wp\/v2\/posts\/20993\/revisions"}],"predecessor-version":[{"id":21083,"href":"https:\/\/www.rwg-bayreuth.de\/home\/index.php?rest_route=\/wp\/v2\/posts\/20993\/revisions\/21083"}],"wp:featuredmedia":[{"embeddable":true,"href":"https:\/\/www.rwg-bayreuth.de\/home\/index.php?rest_route=\/wp\/v2\/media\/20994"}],"wp:attachment":[{"href":"https:\/\/www.rwg-bayreuth.de\/home\/index.php?rest_route=%2Fwp%2Fv2%2Fmedia&parent=20993"}],"wp:term":[{"taxonomy":"category","embeddable":true,"href":"https:\/\/www.rwg-bayreuth.de\/home\/index.php?rest_route=%2Fwp%2Fv2%2Fcategories&post=20993"},{"taxonomy":"post_tag","embeddable":true,"href":"https:\/\/www.rwg-bayreuth.de\/home\/index.php?rest_route=%2Fwp%2Fv2%2Ftags&post=20993"}],"curies":[{"name":"wp","href":"https:\/\/api.w.org\/{rel}","templated":true}]}}