{"id":20906,"date":"2019-02-19T10:00:30","date_gmt":"2019-02-19T09:00:30","guid":{"rendered":"http:\/\/www.rwg-bayreuth.de\/home\/?p=20906"},"modified":"2019-06-03T08:55:00","modified_gmt":"2019-06-03T06:55:00","slug":"pilgern-um-gottes-willen","status":"publish","type":"post","link":"https:\/\/www.rwg-bayreuth.de\/home\/?p=20906","title":{"rendered":"Pilgern &#8211; um Gottes Willen!"},"content":{"rendered":"\r\n<div class=\"wp-block-image\"><figure class=\"aligncenter\"><img loading=\"lazy\" decoding=\"async\" width=\"450\" height=\"298\" src=\"https:\/\/www.rwg-bayreuth.de\/home\/wp-content\/uploads\/2019\/02\/18-19-Pilgerseminar-Pr\u00e4s-450.jpg\" alt=\"\" class=\"wp-image-20907\" srcset=\"https:\/\/www.rwg-bayreuth.de\/home\/wp-content\/uploads\/2019\/02\/18-19-Pilgerseminar-Pr\u00e4s-450.jpg 450w, https:\/\/www.rwg-bayreuth.de\/home\/wp-content\/uploads\/2019\/02\/18-19-Pilgerseminar-Pr\u00e4s-450-250x166.jpg 250w\" sizes=\"(max-width: 450px) 100vw, 450px\" \/><figcaption>Die Pilger nach der Reise <\/figcaption><\/figure><\/div>\r\n\r\n\r\n\r\n<p>Viel Begeisterung war bei den Sch\u00fclerinnen und Sch\u00fclern des\r\nP-Seminars Wanderns \u2013 um Gottes Willen\u201c bei der Abschlusspr\u00e4sentation ihres\r\nProjektes zu sp\u00fcren.<\/p>\r\n\r\n\r\n\r\n<p>Die f\u00fcr die Veranstaltung zust\u00e4ndige Gruppe pr\u00e4sentierte die\r\nArbeit des Seminars mit Powerpoint und Vortrag. Die einzelnen Projektgruppen\r\nstellten dabei auch ihre Arbeit w\u00e4hrend des Seminars vor. So erz\u00e4hlten die\r\nMitglieder der Planungsgruppe der Pilgerreise von ihrer Organisationsarbeit vor\r\nund w\u00e4hrend der Wanderung, die \u201eBuchgruppe\u201c stellte ihr Pilgertagebuch vor und\r\ndie Filmgruppe erfreute die Besucher mit ihrem Abschlussfilm zur Wanderung am\r\nAmmersee.<\/p>\r\n\r\n\r\n\r\n<div class=\"wp-block-image\"><figure class=\"aligncenter\"><img loading=\"lazy\" decoding=\"async\" width=\"450\" height=\"371\" src=\"https:\/\/www.rwg-bayreuth.de\/home\/wp-content\/uploads\/2019\/02\/18-19-Pilgerseminar-Pr\u00e4s2-450.jpg\" alt=\"\" class=\"wp-image-20908\" srcset=\"https:\/\/www.rwg-bayreuth.de\/home\/wp-content\/uploads\/2019\/02\/18-19-Pilgerseminar-Pr\u00e4s2-450.jpg 450w, https:\/\/www.rwg-bayreuth.de\/home\/wp-content\/uploads\/2019\/02\/18-19-Pilgerseminar-Pr\u00e4s2-450-250x206.jpg 250w\" sizes=\"(max-width: 450px) 100vw, 450px\" \/><figcaption>Die Sch\u00fclerinnen stellten ihr Pilgerbuch vor.<\/figcaption><\/figure><\/div>\r\n\r\n\r\n\r\n<p>&nbsp;Auch Ausz\u00fcge aus\r\nbegleitenden Referaten zum Pilgergedanken in der Welt und zur Entstehung des\r\ngemeinsamen T-Shirts wurden geboten. Gern lie\u00dfen sich die Teilnehmer der\r\nVeranstaltung auch auf eine Meditation&nbsp;\r\nmitnehmen. Die Stunde klang bei einem gem\u00fctlichen Stehimbiss und einem\r\nMeinungsaustausch \u00fcber Pilgererfahrungen aus. <\/p>\r\n\r\n\r\n\r\n<p>Dass sich Sch\u00fcler in unserer hektischen Zeit zu diesem\r\nSeminar einfanden und mit so viel Herzblut mitarbeiteten, erfreute die\r\nbegleitenden Lehrkr\u00e4fte Frau Wagner und Frau Kemnitzer sehr. <\/p>\r\n\r\n\r\n\r\n<p><em>Kemnitzer<\/em><\/p>\r\n","protected":false},"excerpt":{"rendered":"<p>Viel Begeisterung war bei den Sch\u00fclerinnen und Sch\u00fclern des P-Seminars Wanderns \u2013 um Gottes Willen\u201c bei der Abschlusspr\u00e4sentation ihres Projektes zu sp\u00fcren. Die f\u00fcr die Veranstaltung zust\u00e4ndige Gruppe pr\u00e4sentierte die Arbeit des Seminars mit Powerpoint und Vortrag. Die einzelnen Projektgruppen stellten dabei auch ihre Arbeit w\u00e4hrend des Seminars vor. So erz\u00e4hlten die Mitglieder der Planungsgruppe&hellip;<\/p>\n","protected":false},"author":1,"featured_media":20907,"comment_status":"closed","ping_status":"closed","sticky":false,"template":"","format":"standard","meta":{"footnotes":""},"categories":[1],"tags":[51,64,61,62],"_links":{"self":[{"href":"https:\/\/www.rwg-bayreuth.de\/home\/index.php?rest_route=\/wp\/v2\/posts\/20906"}],"collection":[{"href":"https:\/\/www.rwg-bayreuth.de\/home\/index.php?rest_route=\/wp\/v2\/posts"}],"about":[{"href":"https:\/\/www.rwg-bayreuth.de\/home\/index.php?rest_route=\/wp\/v2\/types\/post"}],"author":[{"embeddable":true,"href":"https:\/\/www.rwg-bayreuth.de\/home\/index.php?rest_route=\/wp\/v2\/users\/1"}],"replies":[{"embeddable":true,"href":"https:\/\/www.rwg-bayreuth.de\/home\/index.php?rest_route=%2Fwp%2Fv2%2Fcomments&post=20906"}],"version-history":[{"count":1,"href":"https:\/\/www.rwg-bayreuth.de\/home\/index.php?rest_route=\/wp\/v2\/posts\/20906\/revisions"}],"predecessor-version":[{"id":20909,"href":"https:\/\/www.rwg-bayreuth.de\/home\/index.php?rest_route=\/wp\/v2\/posts\/20906\/revisions\/20909"}],"wp:featuredmedia":[{"embeddable":true,"href":"https:\/\/www.rwg-bayreuth.de\/home\/index.php?rest_route=\/wp\/v2\/media\/20907"}],"wp:attachment":[{"href":"https:\/\/www.rwg-bayreuth.de\/home\/index.php?rest_route=%2Fwp%2Fv2%2Fmedia&parent=20906"}],"wp:term":[{"taxonomy":"category","embeddable":true,"href":"https:\/\/www.rwg-bayreuth.de\/home\/index.php?rest_route=%2Fwp%2Fv2%2Fcategories&post=20906"},{"taxonomy":"post_tag","embeddable":true,"href":"https:\/\/www.rwg-bayreuth.de\/home\/index.php?rest_route=%2Fwp%2Fv2%2Ftags&post=20906"}],"curies":[{"name":"wp","href":"https:\/\/api.w.org\/{rel}","templated":true}]}}