{"id":20579,"date":"2019-02-06T22:16:18","date_gmt":"2019-02-06T21:16:18","guid":{"rendered":"http:\/\/www.rwg-bayreuth.de\/home\/?p=20579"},"modified":"2019-02-06T22:32:20","modified_gmt":"2019-02-06T21:32:20","slug":"100-jahre-frauenwahlrecht-ein-interview","status":"publish","type":"post","link":"https:\/\/www.rwg-bayreuth.de\/home\/?p=20579","title":{"rendered":"Ein Interview von RWG-Sch\u00fclerinnen zu &hellip;"},"content":{"rendered":"\n<div class=\"wp-block-image\"><figure class=\"aligncenter\"><img decoding=\"async\" src=\"https:\/\/www.rwg-bayreuth.de\/home\/wp-content\/uploads\/2019\/02\/18-19-Frauenwahlrecht-Sk.png\" alt=\"\" class=\"wp-image-20578\"\/><\/figure><\/div>\n\n\n\n<p><strong>Interview der Sch\u00fclerinnen Liana Karpow (17) und Anna Wunderlich (17), Q11, vom Richard-Wagner-Gymnasium Bayreuth zu \u201e100 Jahren Frauenwahlrecht in Deutschland\u201c<\/strong><\/p>\n\n\n\n<p><strong><em>F: &nbsp;Das\nFrauenwahlrecht gibt es in Deutschland nun seit 1918, werden Sie, wenn Sie\nvollj\u00e4hrig sind, von Ihrem Wahlrecht Gebrauch machen?<\/em><\/strong><\/p>\n\n\n\n<p>Liana\nund Anna:&nbsp; Auf jeden Fall. Wir freuen uns\ndarauf.<\/p>\n\n\n\n<p><strong><em>F: Engagieren Sie sich politisch?<\/em><\/strong><\/p>\n\n\n\n<p>A:\nIm Moment noch nicht aktiv, aber ich nehme an Demonstrationen teil und kann mir\ngut vorstellen, dass ich sp\u00e4ter, nach dem Studium, einer Partei beitrete und\nmich dort engagiere, allerdings eher nicht an vorderster Front.<\/p>\n\n\n\n<p>L:\nIch m\u00f6chte auch Politik mitgestalten, traue mir auch zu, sp\u00e4ter als Abgeordnete\nim Bundestag zu arbeiten. Ich finde es sehr wichtig, dass man sich politisch\nengagiert.<\/p>\n\n\n\n<p><strong><em>F.: Der Frauenanteil im deutschen Bundestag liegt bei 30.7%\nund ist im Vergleich zum letzten Parlament deutlich gesunken. Worin liegen\nIhrer Meinung nach die Gr\u00fcnde f\u00fcr den relativ niedrigen Anteil weiblicher Parlamentarier?<\/em><\/strong><\/p>\n\n\n\n<p>A: Meiner Meinung nach werden Frauen politisch noch zu wenig ernst genommen und auch zu wenig gef\u00f6rdert. Viele Frauen haben den Eindruck, dass ihre politische Arbeit nicht gewollt ist. Unsere Generation hat auch das Gef\u00fchl, dass die \u00c4lteren alles dominieren und unsere W\u00fcnsche und Bed\u00fcrfnisse nicht ber\u00fccksichtigt.<br>Auch sprechen die Wahlprogramme nicht spezifisch junge Frauen an, sodass diese Lust h\u00e4tten, in die Politik zu gehen. <\/p>\n\n\n\n<p>L:\nEs gibt noch viel zu viele Vorurteile Frauen gegen\u00fcber, so werden ihnen\nF\u00fchrungspositionen insgesamt noch zu wenig zugetraut und auch bei der\nFestlegung der Listenpl\u00e4tze werden Frauen zu wenig ber\u00fccksichtigt, sodass\nFrauen meiner Meinung nach weniger gute Chancen haben, in den Bundestag zu\nkommen als m\u00e4nnliche Kandidaten.<\/p>\n\n\n\n<p><strong><em>F. Wir beurteilen Sie die Umsetzung der Gleichberechtigung\nin der BRD heute?<\/em><\/strong><\/p>\n\n\n\n<p>L:\nIch finde es unfair, dass der Verdienst von Frauen in fast allen Bereichen\ndeutlich unter dem der M\u00e4nner liegt, auch wenn es sich dabei um dieselbe Arbeit\nhandelt.&nbsp; Au\u00dferdem sind Frauen durch die\nDoppelbelastung von Beruf und Familie in beruflicher Hinsicht oft\nbenachteiligt. Sie verlieren h\u00e4ufig ihre gute Arbeitsstelle, wenn sie in die\nBabypause gehen.<\/p>\n\n\n\n<p>A: F\u00fcr mich hat die Gleichberechtigung einen sehr hohen Stellenwert, ich w\u00fcrde mir w\u00fcnschen, dass Frauen und auch M\u00e4nner in allen Bereichen gef\u00f6rdert werden.  <br>Eine Frauenquote lehne ich jedoch ab, da man nicht aufgrund der Qualifikation beurteilt wird, sondern nur aufgrund des Geschlechts und dann wird die Leistung des Einzelnen nicht mehr gesehen. <\/p>\n\n\n\n<p><em>Das Interview f\u00fchrte\nMaria Herrmann-Maier<\/em><\/p>\n","protected":false},"excerpt":{"rendered":"<p>Interview der Sch\u00fclerinnen Liana Karpow (17) und Anna Wunderlich (17), Q11, vom Richard-Wagner-Gymnasium Bayreuth zu \u201e100 Jahren Frauenwahlrecht in Deutschland\u201c F: &nbsp;Das Frauenwahlrecht gibt es in Deutschland nun seit 1918, werden Sie, wenn Sie vollj\u00e4hrig sind, von Ihrem Wahlrecht Gebrauch machen? Liana und Anna:&nbsp; Auf jeden Fall. Wir freuen uns darauf. F: Engagieren Sie sich&hellip;<\/p>\n","protected":false},"author":11,"featured_media":20578,"comment_status":"closed","ping_status":"closed","sticky":false,"template":"","format":"standard","meta":{"footnotes":""},"categories":[1],"tags":[90,51],"_links":{"self":[{"href":"https:\/\/www.rwg-bayreuth.de\/home\/index.php?rest_route=\/wp\/v2\/posts\/20579"}],"collection":[{"href":"https:\/\/www.rwg-bayreuth.de\/home\/index.php?rest_route=\/wp\/v2\/posts"}],"about":[{"href":"https:\/\/www.rwg-bayreuth.de\/home\/index.php?rest_route=\/wp\/v2\/types\/post"}],"author":[{"embeddable":true,"href":"https:\/\/www.rwg-bayreuth.de\/home\/index.php?rest_route=\/wp\/v2\/users\/11"}],"replies":[{"embeddable":true,"href":"https:\/\/www.rwg-bayreuth.de\/home\/index.php?rest_route=%2Fwp%2Fv2%2Fcomments&post=20579"}],"version-history":[{"count":3,"href":"https:\/\/www.rwg-bayreuth.de\/home\/index.php?rest_route=\/wp\/v2\/posts\/20579\/revisions"}],"predecessor-version":[{"id":20593,"href":"https:\/\/www.rwg-bayreuth.de\/home\/index.php?rest_route=\/wp\/v2\/posts\/20579\/revisions\/20593"}],"wp:featuredmedia":[{"embeddable":true,"href":"https:\/\/www.rwg-bayreuth.de\/home\/index.php?rest_route=\/wp\/v2\/media\/20578"}],"wp:attachment":[{"href":"https:\/\/www.rwg-bayreuth.de\/home\/index.php?rest_route=%2Fwp%2Fv2%2Fmedia&parent=20579"}],"wp:term":[{"taxonomy":"category","embeddable":true,"href":"https:\/\/www.rwg-bayreuth.de\/home\/index.php?rest_route=%2Fwp%2Fv2%2Fcategories&post=20579"},{"taxonomy":"post_tag","embeddable":true,"href":"https:\/\/www.rwg-bayreuth.de\/home\/index.php?rest_route=%2Fwp%2Fv2%2Ftags&post=20579"}],"curies":[{"name":"wp","href":"https:\/\/api.w.org\/{rel}","templated":true}]}}