{"id":20241,"date":"2019-01-14T09:31:35","date_gmt":"2019-01-14T08:31:35","guid":{"rendered":"http:\/\/www.rwg-bayreuth.de\/home\/?p=20241"},"modified":"2019-01-24T11:09:31","modified_gmt":"2019-01-24T10:09:31","slug":"debattieren-will-gelernt-sein","status":"publish","type":"post","link":"https:\/\/www.rwg-bayreuth.de\/home\/?p=20241","title":{"rendered":"Debattieren will gelernt sein"},"content":{"rendered":"<figure class=\"wp-block-image\"><img loading=\"lazy\" decoding=\"async\" width=\"450\" height=\"296\" class=\"wp-image-20242 aligncenter\" src=\"https:\/\/www.rwg-bayreuth.de\/home\/wp-content\/uploads\/2019\/01\/18-19-Debatte-450.jpg\" alt=\"\" srcset=\"https:\/\/www.rwg-bayreuth.de\/home\/wp-content\/uploads\/2019\/01\/18-19-Debatte-450.jpg 450w, https:\/\/www.rwg-bayreuth.de\/home\/wp-content\/uploads\/2019\/01\/18-19-Debatte-450-250x164.jpg 250w\" sizes=\"(max-width: 450px) 100vw, 450px\" \/><figcaption>Themen f\u00fcr Debatten gibt es ohne Ende.<\/figcaption><\/figure>\n\n\n<p>Innerhalb der Unterrichtssequenz zum Thema Argumentieren und Er\u00f6rtern \u00fcbte die Klasse 8c im Deutschunterricht auch das Debattieren. Als Orientierungsrahmen diente dabei das bundesweite Wettbewerbsformat \u201eJugend debattiert\u201c, das Sch\u00fcler\/innen ab der 8. Klasse dazu motivieren m\u00f6chte, sich im Reden und Diskutieren zu \u00fcben.<\/p>\n\n\n\n<p>Je 4 Sch\u00fcler\/innen finden sich\ndabei traditionell zu einem Team zusammen, um sinnvolle und ernsthafte Themen\nnach einer streng vorgegebenen Zeitstruktur zu diskutieren. Ganz im Sinne der\nOriginaldebatte mussten die Sch\u00fcler\/innen in klassischer\nDiskussionsrunden-Sitzordnung an Tischen und St\u00fchlen vor der Klasse&nbsp; Platz nehmen. Entgegen der Gesamtdauer einer\n\u201eJugend debattiert\u201c-Debatte von insgesamt 24 Minuten wurde dabei die Redezeit\nder einzelnen Gruppen zu ersten \u00dcbungszwecken im Unterricht auf die H\u00e4lfte\nreduziert. Die Themenauswahl war mal mehr, mal weniger ernsthaft angelegt, was\nsich f\u00fcr die intensiven Debatten jedoch keinesfalls als hinderlich\nherausstellte!<\/p>\n\n\n\n<p>Die Leistung eines Debattenredners\nenth\u00e4lt mehrere vielschichtige Aspekte, angefangen von Sachkenntnis (Wie gut\nkennt sich der Redner in seinem Thema wirklich aus?) und&nbsp; Ausdrucksverm\u00f6gen (Wie spricht der\nDebattierende?), \u00fcber die Gespr\u00e4chsf\u00e4higkeit (Wie wird auf Beitr\u00e4ge reagiert\nund das Geh\u00f6rte ber\u00fccksichtigt?), bis hin zur \u00dcberzeugungskraft (Waren die\nArgumente schlagkr\u00e4ftig genug und konnten sich durchsetzen?). In der Rolle der\nBewertenden befinden sich dabei alle Zuh\u00f6rer, die nach Abschluss jeder\nDiskussionsrunde den Debattierern konstruktive Kritik geben sollen. <\/p>\n\n\n\n<p>Die insgesamt sieben Debattenrunden\ninnerhalb der Klasse waren eingebettet in das \u00fcbergeordnete Thema&nbsp; <em>Comeback oder weg \u2013 <\/em>w<em>as ein RWGler\n(nicht) braucht \u2013 <\/em>frei nach einem gleichnamigen Fernseh-Format \u2013 ,sodass\ninsgesamt sowohl der Spa\u00df an der Sache als auch die pers\u00f6nliche Relevanz f\u00fcr\ndie Sch\u00fcler nicht zu kurz kamen. Aufgegriffen wurden dabei ganz bewusst\nEinrichtungen, Vereinbarungen und Gepflogenheiten, die es am RWG schon einmal\ngab bzw. in guter Tradition noch gibt und deren Daseinsberechtigung durchaus\neinmal (mehr oder weniger kritisch) diskutiert werden kann: So kamen in den\neinzelnen Gespr\u00e4chsrunden Debattierer zusammen zu Themen, wie z.B.<\/p>\n\n\n\n<ul><li><em>Sollte man anstelle von Nacharbeiten bei\nvergessenen Hausaufgaben und Unterrichtsmaterial das Kuchenbacken einf\u00fchren?<\/em><\/li><li><em>Sollte man alle Klassenzimmer zus\u00e4tzlich mit\nSitzs\u00e4cken ausstatten?<\/em><\/li><li><em>Sollte es in der Mensa einen\nS\u00fc\u00dfigkeiten-Automaten geben (wie z.B. an Bahnh\u00f6fen)?<\/em><\/li><li><em>Sollte der &#8218;Kreuzer-Tag&#8216;&nbsp; des Jubil\u00e4umsjahres k\u00fcnftig als gemeinsamer\nWandertag des RWG festgelegt werden? <\/em><em><\/em><\/li><\/ul>\n\n\n\n<p>Auch wenn das Ergebnis der jeweiligen Debatten mit der Entscheidung &#8218;Daumen hoch&#8216; oder &#8218;Daumen runter&#8216;&nbsp; im abschlie\u00dfenden Voting nicht immer eindeutig ausfiel, um eine Erfahrung waren sicherlich alle am Ende reicher: \u00dcberzeugend zu debattieren bedarf gr\u00fcndlicher Vorbereitung und bestimmt auch einer gewissen Schlagfertigkeit.<\/p>\n\n\n\n<p>S. Track<\/p>\n","protected":false},"excerpt":{"rendered":"<p>Themen f\u00fcr Debatten gibt es ohne Ende. Innerhalb der Unterrichtssequenz zum Thema Argumentieren und Er\u00f6rtern \u00fcbte die Klasse 8c im Deutschunterricht auch das Debattieren. Als Orientierungsrahmen diente dabei das bundesweite Wettbewerbsformat \u201eJugend debattiert\u201c, das Sch\u00fcler\/innen ab der 8. Klasse dazu motivieren m\u00f6chte, sich im Reden und Diskutieren zu \u00fcben. Je 4 Sch\u00fcler\/innen finden sich dabei&hellip;<\/p>\n","protected":false},"author":1,"featured_media":20242,"comment_status":"closed","ping_status":"closed","sticky":false,"template":"","format":"standard","meta":{"footnotes":""},"categories":[1],"tags":[51],"_links":{"self":[{"href":"https:\/\/www.rwg-bayreuth.de\/home\/index.php?rest_route=\/wp\/v2\/posts\/20241"}],"collection":[{"href":"https:\/\/www.rwg-bayreuth.de\/home\/index.php?rest_route=\/wp\/v2\/posts"}],"about":[{"href":"https:\/\/www.rwg-bayreuth.de\/home\/index.php?rest_route=\/wp\/v2\/types\/post"}],"author":[{"embeddable":true,"href":"https:\/\/www.rwg-bayreuth.de\/home\/index.php?rest_route=\/wp\/v2\/users\/1"}],"replies":[{"embeddable":true,"href":"https:\/\/www.rwg-bayreuth.de\/home\/index.php?rest_route=%2Fwp%2Fv2%2Fcomments&post=20241"}],"version-history":[{"count":6,"href":"https:\/\/www.rwg-bayreuth.de\/home\/index.php?rest_route=\/wp\/v2\/posts\/20241\/revisions"}],"predecessor-version":[{"id":20353,"href":"https:\/\/www.rwg-bayreuth.de\/home\/index.php?rest_route=\/wp\/v2\/posts\/20241\/revisions\/20353"}],"wp:featuredmedia":[{"embeddable":true,"href":"https:\/\/www.rwg-bayreuth.de\/home\/index.php?rest_route=\/wp\/v2\/media\/20242"}],"wp:attachment":[{"href":"https:\/\/www.rwg-bayreuth.de\/home\/index.php?rest_route=%2Fwp%2Fv2%2Fmedia&parent=20241"}],"wp:term":[{"taxonomy":"category","embeddable":true,"href":"https:\/\/www.rwg-bayreuth.de\/home\/index.php?rest_route=%2Fwp%2Fv2%2Fcategories&post=20241"},{"taxonomy":"post_tag","embeddable":true,"href":"https:\/\/www.rwg-bayreuth.de\/home\/index.php?rest_route=%2Fwp%2Fv2%2Ftags&post=20241"}],"curies":[{"name":"wp","href":"https:\/\/api.w.org\/{rel}","templated":true}]}}