{"id":20106,"date":"2018-12-18T08:56:59","date_gmt":"2018-12-18T07:56:59","guid":{"rendered":"http:\/\/www.rwg-bayreuth.de\/home\/?p=20106"},"modified":"2018-12-18T08:57:16","modified_gmt":"2018-12-18T07:57:16","slug":"ein-dankeschoen-fuer-die-vielen-paeckchen","status":"publish","type":"post","link":"https:\/\/www.rwg-bayreuth.de\/home\/?p=20106","title":{"rendered":"Ein Dankesch\u00f6n f\u00fcr die vielen P\u00e4ckchen"},"content":{"rendered":"<div id=\"attachment_20107\" style=\"width: 460px\" class=\"wp-caption aligncenter\"><a href=\"https:\/\/www.rwg-bayreuth.de\/home\/wp-content\/uploads\/2018\/12\/18-19-Weihnachtsp\u00e4ckchen-Sortieren-450.jpg\"><img loading=\"lazy\" decoding=\"async\" aria-describedby=\"caption-attachment-20107\" src=\"https:\/\/www.rwg-bayreuth.de\/home\/wp-content\/uploads\/2018\/12\/18-19-Weihnachtsp\u00e4ckchen-Sortieren-450.jpg\" alt=\"\" width=\"450\" height=\"337\" class=\"size-full wp-image-20107\" srcset=\"https:\/\/www.rwg-bayreuth.de\/home\/wp-content\/uploads\/2018\/12\/18-19-Weihnachtsp\u00e4ckchen-Sortieren-450.jpg 450w, https:\/\/www.rwg-bayreuth.de\/home\/wp-content\/uploads\/2018\/12\/18-19-Weihnachtsp\u00e4ckchen-Sortieren-450-250x187.jpg 250w\" sizes=\"(max-width: 450px) 100vw, 450px\" \/><\/a><p id=\"caption-attachment-20107\" class=\"wp-caption-text\">Die P\u00e4ckchen wurden gleich nach passenden Empf\u00e4ngern sortiert.<\/p><\/div>\n<p>Wieder ein voller Erfolg war die Weihnachtsp\u00e4ckchenaktion unserer Schule.<\/p>\n<p>Ein stattlicher Berg an Geschenken hatte sich im Laufe der Woche im Sekretariat aufget\u00fcrmt. Die meisten waren liebevoll verpackt und beschriftet, damit sie einen passenden Empf\u00e4nger finden konnten. Es war deshalb nicht schwer, die bunten P\u00e4ckchen bei der Abholung entsprechend zu sortieren. Gedacht sind sie f\u00fcr Kinder aus bed\u00fcrftigen Familien in Bayreuth, wo sie f\u00fcr einige sch\u00f6ne Weihnachts\u00fcberraschungen sorgen sollen.<\/p>\n<p>Der Sozialdienst f\u00fcr Fl\u00fcchtlinge des Caritasverbandes Bayreuth \u00fcbernimmt die Verteilung. Er freut sich ebenfalls \u00fcber die vielen Geschenke, die unsere Sch\u00fcler und ihre Eltern gemacht haben, und hat ein Dankschreiben schickt: \u201eIm Namen aller Fl\u00fcchtlingskinder m\u00f6chten wir uns ganz herzlich bei Euch\/Ihnen f\u00fcr die liebevoll gepackten Weihnachtsgeschenke bedanken\u201c, hei\u00dft es dort. \u201eWir w\u00fcnschen allen fr\u00f6hliche Weihnachten und ein gesundes, friedvolles und gl\u00fcckliches Jahr 2019!\u201c  Dem k\u00f6nnen wir, die Religions- und Ethiklehrkr\u00e4fte des RWG nur anschlie\u00dfen.<\/p>\n<p><em>C. Bachmann<\/em><\/p>\n","protected":false},"excerpt":{"rendered":"<p>Wieder ein voller Erfolg war die Weihnachtsp\u00e4ckchenaktion unserer Schule. Ein stattlicher Berg an Geschenken hatte sich im Laufe der Woche im Sekretariat aufget\u00fcrmt. Die meisten waren liebevoll verpackt und beschriftet, damit sie einen passenden Empf\u00e4nger finden konnten. Es war deshalb nicht schwer, die bunten P\u00e4ckchen bei der Abholung entsprechend zu sortieren. Gedacht sind sie f\u00fcr&hellip;<\/p>\n","protected":false},"author":1,"featured_media":20107,"comment_status":"closed","ping_status":"closed","sticky":false,"template":"","format":"standard","meta":{"footnotes":""},"categories":[1],"tags":[51],"_links":{"self":[{"href":"https:\/\/www.rwg-bayreuth.de\/home\/index.php?rest_route=\/wp\/v2\/posts\/20106"}],"collection":[{"href":"https:\/\/www.rwg-bayreuth.de\/home\/index.php?rest_route=\/wp\/v2\/posts"}],"about":[{"href":"https:\/\/www.rwg-bayreuth.de\/home\/index.php?rest_route=\/wp\/v2\/types\/post"}],"author":[{"embeddable":true,"href":"https:\/\/www.rwg-bayreuth.de\/home\/index.php?rest_route=\/wp\/v2\/users\/1"}],"replies":[{"embeddable":true,"href":"https:\/\/www.rwg-bayreuth.de\/home\/index.php?rest_route=%2Fwp%2Fv2%2Fcomments&post=20106"}],"version-history":[{"count":2,"href":"https:\/\/www.rwg-bayreuth.de\/home\/index.php?rest_route=\/wp\/v2\/posts\/20106\/revisions"}],"predecessor-version":[{"id":20109,"href":"https:\/\/www.rwg-bayreuth.de\/home\/index.php?rest_route=\/wp\/v2\/posts\/20106\/revisions\/20109"}],"wp:featuredmedia":[{"embeddable":true,"href":"https:\/\/www.rwg-bayreuth.de\/home\/index.php?rest_route=\/wp\/v2\/media\/20107"}],"wp:attachment":[{"href":"https:\/\/www.rwg-bayreuth.de\/home\/index.php?rest_route=%2Fwp%2Fv2%2Fmedia&parent=20106"}],"wp:term":[{"taxonomy":"category","embeddable":true,"href":"https:\/\/www.rwg-bayreuth.de\/home\/index.php?rest_route=%2Fwp%2Fv2%2Fcategories&post=20106"},{"taxonomy":"post_tag","embeddable":true,"href":"https:\/\/www.rwg-bayreuth.de\/home\/index.php?rest_route=%2Fwp%2Fv2%2Ftags&post=20106"}],"curies":[{"name":"wp","href":"https:\/\/api.w.org\/{rel}","templated":true}]}}