{"id":20080,"date":"2018-12-17T08:33:58","date_gmt":"2018-12-17T07:33:58","guid":{"rendered":"http:\/\/www.rwg-bayreuth.de\/home\/?p=20080"},"modified":"2019-01-26T12:09:44","modified_gmt":"2019-01-26T11:09:44","slug":"phantasievolle-modekreationen","status":"publish","type":"post","link":"https:\/\/www.rwg-bayreuth.de\/home\/?p=20080","title":{"rendered":"Phantasievolle Modekreationen"},"content":{"rendered":"<div id=\"attachment_20081\" style=\"width: 460px\" class=\"wp-caption aligncenter\"><a href=\"https:\/\/www.rwg-bayreuth.de\/home\/wp-content\/uploads\/2018\/12\/18-19-P-Sem-Mode-Gruppe-450.jpg\"><img loading=\"lazy\" decoding=\"async\" aria-describedby=\"caption-attachment-20081\" src=\"https:\/\/www.rwg-bayreuth.de\/home\/wp-content\/uploads\/2018\/12\/18-19-P-Sem-Mode-Gruppe-450.jpg\" alt=\"\" width=\"450\" height=\"299\" class=\"size-full wp-image-20081\" srcset=\"https:\/\/www.rwg-bayreuth.de\/home\/wp-content\/uploads\/2018\/12\/18-19-P-Sem-Mode-Gruppe-450.jpg 450w, https:\/\/www.rwg-bayreuth.de\/home\/wp-content\/uploads\/2018\/12\/18-19-P-Sem-Mode-Gruppe-450-250x166.jpg 250w\" sizes=\"(max-width: 450px) 100vw, 450px\" \/><\/a><p id=\"caption-attachment-20081\" class=\"wp-caption-text\">Mode zu kreieren und selbst vorzuf\u00fchren ist f\u00fcr viele ein sch\u00f6ner Traum.<\/p><\/div>\n<p>In einer Modenschau pr\u00e4sentierte das P-Seminar Kunst seine Kreationen. Lassen Sie sich an den Laufsteg in der Aula entf\u00fchren.<\/p>\n<p><strong>Das Rockabilly-Kleid<\/strong><br \/>\n<div id=\"attachment_20086\" style=\"width: 210px\" class=\"wp-caption alignleft\"><a href=\"https:\/\/www.rwg-bayreuth.de\/home\/wp-content\/uploads\/2018\/12\/18-19-P-Sem-Mode-Rockebillykleid-200.jpg\"><img loading=\"lazy\" decoding=\"async\" aria-describedby=\"caption-attachment-20086\" src=\"https:\/\/www.rwg-bayreuth.de\/home\/wp-content\/uploads\/2018\/12\/18-19-P-Sem-Mode-Rockebillykleid-200.jpg\" alt=\"\" width=\"200\" height=\"266\" class=\"size-full wp-image-20086\" \/><\/a><p id=\"caption-attachment-20086\" class=\"wp-caption-text\">Das Rockabilly-Kleid<\/p><\/div>\n<p>Unseren ersten Stopp werden wir in Amerika, dem Land der Tr\u00e4ume und der Freiheit einlegen. Die amerikanische Kultur besitzt viele Facetten, eine davon ist die ausgepr\u00e4gte Tanzkultur. Das Kleid der Sch\u00fclerin Annabel B\u00e4r ist besonders vom Tanzstil der 50er und 60er Jahren beeinflusst. Hierbei war es modern Tellerr\u00f6cke mit auffallenden Mustern und sogenannte Rockabilly Kleider zu tragen. Der Rockabilly Stil verwand nach und nach als Tanzrichtung und wurde eine Modeerscheinung. Typisch waren hier Haarb\u00e4nder, Tattoos sowie ein auffallendes Styling. Annabells Kleid besitzt als Besonderheit eine Corsage mit rotem Samtband, Spitze und Blumen am R\u00fccken. Bitte schnallen sie sich an, wir bereiten uns auf die Landung vor!<\/p>\n<p><strong>Das Flamenco-Kleid<\/strong><br \/>\n<div id=\"attachment_20089\" style=\"width: 210px\" class=\"wp-caption alignright\"><a href=\"https:\/\/www.rwg-bayreuth.de\/home\/wp-content\/uploads\/2018\/12\/18-19-P-Sem-Mode-Spanisches-Kleid-200.jpg\"><img loading=\"lazy\" decoding=\"async\" aria-describedby=\"caption-attachment-20089\" src=\"https:\/\/www.rwg-bayreuth.de\/home\/wp-content\/uploads\/2018\/12\/18-19-P-Sem-Mode-Spanisches-Kleid-200.jpg\" alt=\"\" width=\"200\" height=\"266\" class=\"size-full wp-image-20089\" \/><\/a><p id=\"caption-attachment-20089\" class=\"wp-caption-text\">Das Flamenco-Kleid<\/p><\/div>\n<p>Unser n\u00e4chster Halt ist das wundersch\u00f6ne Spanien. Hier lege ich Ihnen als besondere Sehensw\u00fcrdigkeiten Barcelona und Valencia ans Herz, wo sich die typische spanische Lebens- und Tanzfreude vorfinden l\u00e4sst. Das Kleid der Sch\u00fclerin Laura Matusche orientiert sich speziell am Flamenco- dem wohl typischsten Tanzstil Spaniens. Entsprechend wurden die Farben Orange und Rot gew\u00e4hlt, die symbolisch f\u00fcr die Orangenplantagen und Pomeranzen sowie das feurige Temperament der Spanier steht. Stellvertretend f\u00fcr die Bl\u00fctenpracht des heimischen Hisbiskus wurden auf das Kost\u00fcm Blumen angebracht. Ich bitte sie nun nicht mehr aufzustehen, da wir in K\u00fcrze zur Landung ansetzen!<\/p>\n<p><strong>Das Bollywoodkleid<\/strong><\/p>\n<div id=\"attachment_20091\" style=\"width: 210px\" class=\"wp-caption alignleft\"><a href=\"https:\/\/www.rwg-bayreuth.de\/home\/wp-content\/uploads\/2018\/12\/18-19-P-Sem-Mode-Orient-200.jpg\"><img loading=\"lazy\" decoding=\"async\" aria-describedby=\"caption-attachment-20091\" src=\"https:\/\/www.rwg-bayreuth.de\/home\/wp-content\/uploads\/2018\/12\/18-19-P-Sem-Mode-Orient-200.jpg\" alt=\"\" width=\"200\" height=\"255\" class=\"size-full wp-image-20091\" \/><\/a><p id=\"caption-attachment-20091\" class=\"wp-caption-text\">Das Bolywood-Kleid<\/p><\/div>\n<p>Meine Damen und Herren, als n\u00e4chsten Halt erreichen wir Indien. Dieses Land beeindruckt vor allem durch seine vielf\u00e4ltige Landschaft, zu der das gro\u00dfe Himalaya Gebirge und der gro\u00dfe Fluss Ganges geh\u00f6ren. F\u00fcr uns Europ\u00e4er geh\u00f6ren zur indischen Kultur besonders die bunten Gew\u00e4nder, die man aus Bollywood Filmen kennt. Dazu geh\u00f6rt ganz speziell der Sari, ebenso wie die Haremshose. Die Haremshose besitzt ihren Ursprung im arabischen und nordasiatischen Raum, wo sie schon seit vielen Jahrhunderten von modebewussten M\u00e4nnern und Frauen getragen wird. In Anlehnung an diese Kultur entwarf die Sch\u00fclerin Lisa Kropf ein Outfit, welches aus einer Haremshose, aus einem flie\u00dfenden t\u00fcrkisen Stoff und einem dunkelblauen Oberteil besteht. Die Farben greifen Motive wie die unendlichen Weiten Indiens und des Indischen Ozeans auf. Machen sie sich bereit- Wir landen in K\u00fcrze!<\/p>\n<p><strong>Der Drachen-Kimono<\/strong><\/p>\n<div id=\"attachment_20092\" style=\"width: 210px\" class=\"wp-caption alignright\"><a href=\"https:\/\/www.rwg-bayreuth.de\/home\/wp-content\/uploads\/2018\/12\/18-19-P-Sem-mode-Ganz-ZEN-200.jpg\"><img loading=\"lazy\" decoding=\"async\" aria-describedby=\"caption-attachment-20092\" src=\"https:\/\/www.rwg-bayreuth.de\/home\/wp-content\/uploads\/2018\/12\/18-19-P-Sem-mode-Ganz-ZEN-200.jpg\" alt=\"\" width=\"200\" height=\"301\" class=\"size-full wp-image-20092\" \/><\/a><p id=\"caption-attachment-20092\" class=\"wp-caption-text\">Der Drachenkimono<\/p><\/div>\n<p>Der n\u00e4chste Kontinent, den wir bereisen werden ist Asien. Zur traditionellen Kleidung Japans und China geh\u00f6rt der Kimono, der eine jahrhundertelange Geschichte besitzt. Die klassischen Farben des Kimonos sind Rot und Gold, welche charakteristisch f\u00fcr das chinesische Neujahrsfest sind. Traditionell werden zu diesem besonderen Anlass rote Laternen aufgeh\u00e4ngt. Gleichzeitig verkleiden sich die Menschen in goldenen Drachenkost\u00fcmen, da der Drache eine gro\u00dfe Bedeutung in der chinesischen Kultur spielt. Die Sch\u00fclerin Lisa Rie\u00df pr\u00e4sentiert ihren Kimono als eine moderne Interpretation, da der traditionell breite G\u00fcrtel hier eher schmal gehalten ist um den vollen Fokus auf die \u00c4rmel zu halten. Die Vermischung der Kulturen China und Japan wird auch hier wieder deutlich, da sowohl das traditionelle Drachenmotiv als auch die Bl\u00fcten des japanischen Kirschbaumes auf den \u00c4rmeln zu finden ist. Meine Damen und Herren ich w\u00fcnsche Ihnen einen angenehmen Aufenthalt!<\/p>\n<p><strong>Kleider aus Tausend und einer Nacht<\/strong><\/p>\n<div id=\"attachment_20094\" style=\"width: 210px\" class=\"wp-caption alignleft\"><a href=\"https:\/\/www.rwg-bayreuth.de\/home\/wp-content\/uploads\/2018\/12\/18-19-P-Sem-Mode-Hennakleid-200.jpg\"><img loading=\"lazy\" decoding=\"async\" aria-describedby=\"caption-attachment-20094\" src=\"https:\/\/www.rwg-bayreuth.de\/home\/wp-content\/uploads\/2018\/12\/18-19-P-Sem-Mode-Hennakleid-200.jpg\" alt=\"\" width=\"200\" height=\"254\" class=\"size-full wp-image-20094\" \/><\/a><p id=\"caption-attachment-20094\" class=\"wp-caption-text\">Kleid aus Tausend und einer Nacht<\/p><\/div>\n<p>Unser n\u00e4chstes Ziel auf unserer Weltreise ist der Orient. Hierbei werden sie sicher sofort an M\u00e4rchen wie \u201eAladin\u201c oder \u201e1001 Nacht\u201c denken. An diesen Geschichten orientieren sich auch die n\u00e4chsten Kleider. Das erste Kleid wird von der Sch\u00fclerin Melissa Herek pr\u00e4sentiert, deren Wurzeln teils selbst im Orient entspringen. Ihr gro\u00dfes Interesse an den verschiedenen Kulturen und Traditionen lie\u00df sie in ihr Kleid einflie\u00dfen, welches einen traditionellen indisch-pakistanischen Festtagsrock darstellt. Zudem lassen sich Elemente aus dem osmanischen Reich, wie dem Turban und dem hochgeschlossenen Oberteil wiederfinden. Die Farbe rot wird meist anl\u00e4sslich zu Hochzeiten getragen. Der traditionelle Schmuck sowie Henna-Bemalungen und das sogenannte Dubatta Tuch auf den Schultern runden die Pr\u00e4sentation ab. Sehr geehrte G\u00e4ste ich freue mich sie im Orient begr\u00fc\u00dfen zu d\u00fcrfen!<\/p>\n<p><strong>Ein traditionelles W\u00fcstengewand<\/strong><\/p>\n<div id=\"attachment_20095\" style=\"width: 210px\" class=\"wp-caption alignright\"><a href=\"https:\/\/www.rwg-bayreuth.de\/home\/wp-content\/uploads\/2018\/12\/18-19-P-Sem-Mode-blaues-Kleid-200.jpg\"><img loading=\"lazy\" decoding=\"async\" aria-describedby=\"caption-attachment-20095\" src=\"https:\/\/www.rwg-bayreuth.de\/home\/wp-content\/uploads\/2018\/12\/18-19-P-Sem-Mode-blaues-Kleid-200.jpg\" alt=\"\" width=\"200\" height=\"296\" class=\"size-full wp-image-20095\" \/><\/a><p id=\"caption-attachment-20095\" class=\"wp-caption-text\">W\u00fcstengewand<\/p><\/div>\n<p>Die Sch\u00fclerin Amelie Rohmer lie\u00df sich ebenfalls von der orientalischen Kultur inspirieren, wobei sie allerdings eine moderne Interpretation kreierte. Die dunklen Farben des Oberteils und des Rocks erinnern an traditionelle W\u00fcstengew\u00e4nder. Gleichzeitig entsteht ein Gegensatz da die goldenen Ornamente einen Kontrast zum dunklen Untergrund bilden. Als modernes Element ist der Schnitt des Kleides zu nennen. Von Vorne ist das Kleid hochgeschlossen und schlicht, w\u00e4hrend der R\u00fccken frei liegt und sich somit vom traditionellen Schnitt abhebt. Die auf dem R\u00fccken gekreuzten Tr\u00e4ger geben dem feierlichen Kleid einen verspielten Akzent. Der Schmuck ist passend zu den goldenen Ornamenten ebenfalls in Gold gehalten. <\/p>\n<p><strong>Das Kleid der Schattenj\u00e4gerin<\/strong><\/p>\n<div id=\"attachment_20097\" style=\"width: 210px\" class=\"wp-caption alignleft\"><a href=\"https:\/\/www.rwg-bayreuth.de\/home\/wp-content\/uploads\/2018\/12\/18-19-P-Sem-Mode-Aus-einer-anderen-Welt-200.jpg\"><img loading=\"lazy\" decoding=\"async\" aria-describedby=\"caption-attachment-20097\" src=\"https:\/\/www.rwg-bayreuth.de\/home\/wp-content\/uploads\/2018\/12\/18-19-P-Sem-Mode-Aus-einer-anderen-Welt-200.jpg\" alt=\"\" width=\"200\" height=\"287\" class=\"size-full wp-image-20097\" \/><\/a><p id=\"caption-attachment-20097\" class=\"wp-caption-text\">Das Kleid der Schattenj\u00e4gerin<\/p><\/div>\n<p>Meine Damen und Herren wir verlassen den Orient. Da wir nun so viel \u00fcber Kulturen gesprochen haben, m\u00f6chte ich Ihnen aber nicht Mythen enthalten, die in der ganzen Welt existieren und Teile der Kultur ausmachen. Hierzu geh\u00f6rt die Kultur der Schattenj\u00e4ger, dessen Mythos sich 1000 nach Christus gebildet hat.<br \/>\nDiese Legende besagt, dass sogenannte Schattenj\u00e4ger, eine Verbindung aus Menschen und Engel in der Schattenwelt leben, um die Menschheit zu besch\u00fctzen. Das Kleid von Antonia Schneider ist von diesem Mythos inspiriert, weswegen sie dunkle Farben wie blau und schwarz w\u00e4hlte. Da die Schattenj\u00e4ger Krieger sind und ihr Leben dem Kampf widmen, besitzt der Rock eine offene Seite, was im Duell praktisch ist. Eine moderne modische Note bekommt das Kleid durch das r\u00fcckenfreie Oberteil.<\/p>\n<p><strong>Das Henna-Kleid<\/strong><\/p>\n<div id=\"attachment_20096\" style=\"width: 210px\" class=\"wp-caption alignright\"><a href=\"https:\/\/www.rwg-bayreuth.de\/home\/wp-content\/uploads\/2018\/12\/18-19-P-Sem-Mode-das-rote-Kleid-200.jpg\"><img loading=\"lazy\" decoding=\"async\" aria-describedby=\"caption-attachment-20096\" src=\"https:\/\/www.rwg-bayreuth.de\/home\/wp-content\/uploads\/2018\/12\/18-19-P-Sem-Mode-das-rote-Kleid-200.jpg\" alt=\"\" width=\"200\" height=\"266\" class=\"size-full wp-image-20096\" \/><\/a><p id=\"caption-attachment-20096\" class=\"wp-caption-text\">Das Henna-Kleid<\/p><\/div>\n<p>Das n\u00e4chste Kleid von Luisa Cronenberg weist \u00c4hnlichkeiten zu einem t\u00fcrkischen Henna Kleid aufweisen. Diese Art von Kleid wird normalerweise an Junggesellinenabschieden getragen, wobei die Farbe Rot symbolisch f\u00fcr die Liebe steht. Durch das Spitzenoberteil bekommt das Kleid interessante Details ebenso wie mit dem flie\u00dfenden Rock, der das Traditionelle repr\u00e4sentiert.<\/p>\n<p>Zu danken ist allen Mitwirkenden der Schulgemeinschaft, die diese Auff\u00fchrung zum Erfolg brachten: dem P-Seminar Medientechnik von Herrn F. Mehling, den Sch\u00fclern aus der Q12, die bei der Moderation und dem Lauf auf dem Laufsteg mithalfen, sowie Sch\u00fclerinnen der Klassen 7b und 10a die ebenfalls H\u00fcte pr\u00e4sentierten.<\/p>\n<p>Die Fotos wurden von Mitgliedern der Foto AG aus der Klasse 10 und dem Profilfach Photografie der Q12 aufgenommen.<\/p>\n<p><em>Amelie Rohmer \/ Anne Gerdes <\/em><\/p>\n","protected":false},"excerpt":{"rendered":"<p>In einer Modenschau pr\u00e4sentierte das P-Seminar Kunst seine Kreationen. Lassen Sie sich an den Laufsteg in der Aula entf\u00fchren. Das Rockabilly-Kleid Unseren ersten Stopp werden wir in Amerika, dem Land der Tr\u00e4ume und der Freiheit einlegen. Die amerikanische Kultur besitzt viele Facetten, eine davon ist die ausgepr\u00e4gte Tanzkultur. Das Kleid der Sch\u00fclerin Annabel B\u00e4r ist&hellip;<\/p>\n","protected":false},"author":1,"featured_media":20081,"comment_status":"closed","ping_status":"closed","sticky":false,"template":"","format":"standard","meta":{"footnotes":""},"categories":[1],"tags":[51,41,64],"_links":{"self":[{"href":"https:\/\/www.rwg-bayreuth.de\/home\/index.php?rest_route=\/wp\/v2\/posts\/20080"}],"collection":[{"href":"https:\/\/www.rwg-bayreuth.de\/home\/index.php?rest_route=\/wp\/v2\/posts"}],"about":[{"href":"https:\/\/www.rwg-bayreuth.de\/home\/index.php?rest_route=\/wp\/v2\/types\/post"}],"author":[{"embeddable":true,"href":"https:\/\/www.rwg-bayreuth.de\/home\/index.php?rest_route=\/wp\/v2\/users\/1"}],"replies":[{"embeddable":true,"href":"https:\/\/www.rwg-bayreuth.de\/home\/index.php?rest_route=%2Fwp%2Fv2%2Fcomments&post=20080"}],"version-history":[{"count":12,"href":"https:\/\/www.rwg-bayreuth.de\/home\/index.php?rest_route=\/wp\/v2\/posts\/20080\/revisions"}],"predecessor-version":[{"id":20105,"href":"https:\/\/www.rwg-bayreuth.de\/home\/index.php?rest_route=\/wp\/v2\/posts\/20080\/revisions\/20105"}],"wp:featuredmedia":[{"embeddable":true,"href":"https:\/\/www.rwg-bayreuth.de\/home\/index.php?rest_route=\/wp\/v2\/media\/20081"}],"wp:attachment":[{"href":"https:\/\/www.rwg-bayreuth.de\/home\/index.php?rest_route=%2Fwp%2Fv2%2Fmedia&parent=20080"}],"wp:term":[{"taxonomy":"category","embeddable":true,"href":"https:\/\/www.rwg-bayreuth.de\/home\/index.php?rest_route=%2Fwp%2Fv2%2Fcategories&post=20080"},{"taxonomy":"post_tag","embeddable":true,"href":"https:\/\/www.rwg-bayreuth.de\/home\/index.php?rest_route=%2Fwp%2Fv2%2Ftags&post=20080"}],"curies":[{"name":"wp","href":"https:\/\/api.w.org\/{rel}","templated":true}]}}