{"id":20029,"date":"2018-11-26T07:49:15","date_gmt":"2018-11-26T06:49:15","guid":{"rendered":"http:\/\/www.rwg-bayreuth.de\/home\/?p=20029"},"modified":"2020-02-16T16:18:25","modified_gmt":"2020-02-16T15:18:25","slug":"das-rwg-im-vor-lese-fieber","status":"publish","type":"post","link":"https:\/\/www.rwg-bayreuth.de\/home\/?p=20029","title":{"rendered":"Das RWG im (Vor-)Lese-Fieber"},"content":{"rendered":"<div id=\"attachment_20030\" style=\"width: 460px\" class=\"wp-caption aligncenter\"><a href=\"https:\/\/www.rwg-bayreuth.de\/home\/wp-content\/uploads\/2018\/11\/18-19-Vorlesetag-450.jpg\"><img loading=\"lazy\" decoding=\"async\" aria-describedby=\"caption-attachment-20030\" src=\"https:\/\/www.rwg-bayreuth.de\/home\/wp-content\/uploads\/2018\/11\/18-19-Vorlesetag-450.jpg\" alt=\"\" width=\"450\" height=\"299\" class=\"size-full wp-image-20030\" srcset=\"https:\/\/www.rwg-bayreuth.de\/home\/wp-content\/uploads\/2018\/11\/18-19-Vorlesetag-450.jpg 450w, https:\/\/www.rwg-bayreuth.de\/home\/wp-content\/uploads\/2018\/11\/18-19-Vorlesetag-450-250x166.jpg 250w\" sizes=\"(max-width: 450px) 100vw, 450px\" \/><\/a><p id=\"caption-attachment-20030\" class=\"wp-caption-text\">Die Klasse 5d lauschte ihrer Deutschlehrerin Frau Keyser, die es sich im Vorlesesessel gem\u00fctlich gemacht hatte.<\/p><\/div>\n<p>In ganz Deutschland wird jedes Jahr traditionell am dritten Freitag im November ein Vorlesetag veranstaltet, bei dem sich auch die Unterstufe des RWG im Rahmen des Lesef\u00f6rderungskonzepts der Schule mit zahlreichen flei\u00dfigen Lesern beteiligte.<\/p>\n<p>Im Einsatz waren dabei neben den &#8218;kleinen&#8216; (Vor)lesern, Sch\u00fcler(inne)n der 5. und 6. Klassen, auch etliche Kolleg(inn)en, die es sich als &#8218;gro\u00dfe&#8216; Vorleser nicht nehmen lie\u00dfen, k\u00fcrzere \u2013 oder oftmals auch l\u00e4ngere! \u2013 Passagen aus ihren Lieblingsb\u00fcchern oder aber der gemeinsamen Klassenlekt\u00fcre  darzubieten: Dabei konnte es mal kurzweilig und erheiternd, mal tiefsinnig und nachdenklich zugehen, alles war erlaubt, Hauptsache das Medium Buch stand im Vordergrund!<\/p>\n<p>Als Vorleseort fungierte zum einen nat\u00fcrlich unsere Sch\u00fclerleseb\u00fccherei, die als Lesendes Klassenzimmer wie geschaffen daf\u00fcr war und daher an diesem Tag nach einem ausgekl\u00fcgelten Plan nahezu rund um die Uhr von Sch\u00fclergruppen in Beschlag genommen wurde.<\/p>\n<p>Doch auch wer mit seiner Klasse lediglich das Klassenzimmer als Vorleseort gew\u00e4hlt hatte, konnte es sich dort mindestens ebenso gem\u00fctlich machen: Die bunten Sitzs\u00e4cke als zus\u00e4tzlich herbeigeschaffte Sitzgelegenheiten waren dabei eine willkommene Gelegenheit, sich bequem zur\u00fcckzulehnen, einmal die Gedanken schweifen zu lassen, um  neugierig und interessiert den Abenteuern und Geschichten in entspannter Atmosph\u00e4re lauschen zu k\u00f6nnen.<\/p>\n<p>W\u00e4hrend es in der 5. Klasse wohl eher darum ging, das spannend und kurzweilig dargebotene Handlungsgeschehen der Texte mitzuverfolgen und in die Welt der Romanhelden und Titelfiguren der einzelnen B\u00fccher einzutauchen, hatten die Sechstkl\u00e4ssler schon noch einen weiteren Anreiz: Der Vorlesetag wurde hier in einigen Klassen auch daf\u00fcr genutzt, an der eigenen Vorlesetechnik zu feilen bzw. diese zu perfektionieren \u2013 denn ordentliches Vorlesen will durchaus gelernt sein und das Bedarf einer intensiven \u00dcbung! Schlie\u00dflich steht in dieser Jahrgangsstufe bald der Vorlesewettbewerb an, der am RWG traditionell am Nikolaustag stattfindet.<\/p>\n<p>Und auch \u00fcber die Schulmauern hinweg bis nach Wei\u00dfenstadt zog die gemeinschaftliche Vorleseaktion ihre Kreise: Da die Klassen 5c und 5d bis zum Freitag noch unterwegs im Schullandheim waren, hatte sich \u2013 sehr zur Freude der begleitenden Lehrkr\u00e4fte \u2013  auch hier eine bunte Palette an B\u00fcchern ins Reisegep\u00e4ck unserer F\u00fcnftkl\u00e4ssler gemischt und wurde zu geeigneter Stunde in den Zimmern und Gemeinschaftsr\u00e4umen hervorgeholt. Manch einer soll dabei auch nach Zapfenstreich noch kurz unter der Bettdecke die Abenteuer aus &#8218;Gregs Tagebuch&#8216;, &#8218;Conny und Co.&#8216; oder der &#8218;Welt der magischen Tiere&#8216; etc. gelesen haben! <\/p>\n<p>\u00dcber eines sind sich jedenfalls nicht nur die Deutschlehrer am RWG einig und es kann deshalb nicht oft genug wiederholt werden: (Vor)lesen ist und bleibt nicht nur auf den Deutschunterricht beschr\u00e4nkt! Passende Inhalte und Texte bieten sich \u00fcberall und ein Publikum, vor dem vorgelesen werden kann, findet sich nahezu jederzeit im Alltag \u2013 auch au\u00dferhalb der Klassenzimmert\u00fcre! <\/p>\n<p><em>S. Track (f\u00fcr die Fachschaft Deutsch)<\/em><\/p>\n","protected":false},"excerpt":{"rendered":"<p>In ganz Deutschland wird jedes Jahr traditionell am dritten Freitag im November ein Vorlesetag veranstaltet, bei dem sich auch die Unterstufe des RWG im Rahmen des Lesef\u00f6rderungskonzepts der Schule mit zahlreichen flei\u00dfigen Lesern beteiligte. Im Einsatz waren dabei neben den &#8218;kleinen&#8216; (Vor)lesern, Sch\u00fcler(inne)n der 5. und 6. Klassen, auch etliche Kolleg(inn)en, die es sich als&hellip;<\/p>\n","protected":false},"author":1,"featured_media":20030,"comment_status":"closed","ping_status":"closed","sticky":false,"template":"","format":"standard","meta":{"footnotes":""},"categories":[1],"tags":[59,51],"_links":{"self":[{"href":"https:\/\/www.rwg-bayreuth.de\/home\/index.php?rest_route=\/wp\/v2\/posts\/20029"}],"collection":[{"href":"https:\/\/www.rwg-bayreuth.de\/home\/index.php?rest_route=\/wp\/v2\/posts"}],"about":[{"href":"https:\/\/www.rwg-bayreuth.de\/home\/index.php?rest_route=\/wp\/v2\/types\/post"}],"author":[{"embeddable":true,"href":"https:\/\/www.rwg-bayreuth.de\/home\/index.php?rest_route=\/wp\/v2\/users\/1"}],"replies":[{"embeddable":true,"href":"https:\/\/www.rwg-bayreuth.de\/home\/index.php?rest_route=%2Fwp%2Fv2%2Fcomments&post=20029"}],"version-history":[{"count":1,"href":"https:\/\/www.rwg-bayreuth.de\/home\/index.php?rest_route=\/wp\/v2\/posts\/20029\/revisions"}],"predecessor-version":[{"id":20031,"href":"https:\/\/www.rwg-bayreuth.de\/home\/index.php?rest_route=\/wp\/v2\/posts\/20029\/revisions\/20031"}],"wp:featuredmedia":[{"embeddable":true,"href":"https:\/\/www.rwg-bayreuth.de\/home\/index.php?rest_route=\/wp\/v2\/media\/20030"}],"wp:attachment":[{"href":"https:\/\/www.rwg-bayreuth.de\/home\/index.php?rest_route=%2Fwp%2Fv2%2Fmedia&parent=20029"}],"wp:term":[{"taxonomy":"category","embeddable":true,"href":"https:\/\/www.rwg-bayreuth.de\/home\/index.php?rest_route=%2Fwp%2Fv2%2Fcategories&post=20029"},{"taxonomy":"post_tag","embeddable":true,"href":"https:\/\/www.rwg-bayreuth.de\/home\/index.php?rest_route=%2Fwp%2Fv2%2Ftags&post=20029"}],"curies":[{"name":"wp","href":"https:\/\/api.w.org\/{rel}","templated":true}]}}