{"id":20011,"date":"2018-11-21T12:34:36","date_gmt":"2018-11-21T11:34:36","guid":{"rendered":"http:\/\/www.rwg-bayreuth.de\/home\/?p=20011"},"modified":"2024-03-15T19:58:41","modified_gmt":"2024-03-15T18:58:41","slug":"besuch-im-bayerischen-landtag","status":"publish","type":"post","link":"https:\/\/www.rwg-bayreuth.de\/home\/?p=20011","title":{"rendered":"Besuch im Bayerischen Landtag"},"content":{"rendered":"<div id=\"attachment_20012\" style=\"width: 460px\" class=\"wp-caption aligncenter\"><a href=\"https:\/\/www.rwg-bayreuth.de\/home\/wp-content\/uploads\/2018\/11\/18-19-Landtag-Sprecher-450.jpg\"><img loading=\"lazy\" decoding=\"async\" aria-describedby=\"caption-attachment-20012\" src=\"https:\/\/www.rwg-bayreuth.de\/home\/wp-content\/uploads\/2018\/11\/18-19-Landtag-Sprecher-450.jpg\" alt=\"\" class=\"size-full wp-image-20012\" width=\"450\" height=\"338\" srcset=\"https:\/\/www.rwg-bayreuth.de\/home\/wp-content\/uploads\/2018\/11\/18-19-Landtag-Sprecher-450.jpg 450w, https:\/\/www.rwg-bayreuth.de\/home\/wp-content\/uploads\/2018\/11\/18-19-Landtag-Sprecher-450-250x188.jpg 250w\" sizes=\"(max-width: 450px) 100vw, 450px\" \/><\/a><p id=\"caption-attachment-20012\" class=\"wp-caption-text\">Unsere SWGler konnten ausprobieren, wie es sich im LAndtag so sitzt.<\/p><\/div>\n<p>Der sozialwissenschaftliche Zweig der 10. Klassen besuchte den bayrischen Landtag in M\u00fcnchen. Hier ist ein Bericht der Teilnehmer.<\/p>\n<p>Nach der l\u00e4ngeren Busfahrt kamen wir im Landtag an und mussten zuerst unsere Jacken und Handys kontrollieren lassen. Anschlie\u00dfend erhielten wir ein leckeres Mittagessen im Landtagsrestaurant. Gleich nach dem Essen fing unsere F\u00fchrung durch das Maximilianeum an, die mit der Besichtigung des Plenarsaals durch Frau Sieber begann. Dort durften wir sogar auf den Sitzen Platz nehmen, was, wie wir finden, eines der vielen Highlights des Tages war.<\/p>\n<p>Angesichts der Tatsache, dass wir den Plenarsaal bislang nur auf Bildern und Videos sehen konnten, wirkte er in Wirklichkeit umso beeindruckender. W\u00e4hrend wir auf den Plenarst\u00fchlen sa\u00dfen, erkl\u00e4rte uns unsere F\u00fchrerin, auf welchen Pl\u00e4tze welche Partei und welcher Politiker bisher sa\u00df und wie sich die Sitzordnung nun nach der letzten Landtagswahl f\u00fcr die 18. Legislaturperiode ver\u00e4ndern w\u00fcrde.<\/p>\n<p>Durch die Juniorwahl waren mit der Landtagswahl und ihrem Ergebnis bestens vertraut und konnten so an viele Informationen, die uns Frau Sieber gab, problemlos ankn\u00fcpfen.<\/p>\n<div id=\"attachment_20013\" style=\"width: 460px\" class=\"wp-caption aligncenter\"><a href=\"https:\/\/www.rwg-bayreuth.de\/home\/wp-content\/uploads\/2018\/11\/18-19-Landtag-gruppe-450.jpg\"><img loading=\"lazy\" decoding=\"async\" aria-describedby=\"caption-attachment-20013\" src=\"https:\/\/www.rwg-bayreuth.de\/home\/wp-content\/uploads\/2018\/11\/18-19-Landtag-gruppe-450.jpg\" alt=\"\" class=\"size-full wp-image-20013\" width=\"450\" height=\"338\" srcset=\"https:\/\/www.rwg-bayreuth.de\/home\/wp-content\/uploads\/2018\/11\/18-19-Landtag-gruppe-450.jpg 450w, https:\/\/www.rwg-bayreuth.de\/home\/wp-content\/uploads\/2018\/11\/18-19-Landtag-gruppe-450-250x188.jpg 250w\" sizes=\"(max-width: 450px) 100vw, 450px\" \/><\/a><p id=\"caption-attachment-20013\" class=\"wp-caption-text\">Der Plenarsaal des Landtages ist ein durchaus eindrucksvoller Raum.<\/p><\/div>\n<p>Zu unserem Erstaunen durften wir dort alles fotografieren, was wir auch eifrig taten. Nun verlie\u00dfen wir den Plenarsaal wieder und unsere F\u00fchrung ging weiter im Lesesaal. Auch dort durften wir Platz nehmen und w\u00e4hrend wir der Dame vom Besucherdienst zuh\u00f6rten, die vielen alten Gem\u00e4lde des Raumes begutachten. Auch die W\u00e4nde der folgenden S\u00e4le des Maximilianeum waren mit gro\u00dfen, riesigen historischen Gem\u00e4lden geschm\u00fcckt. Parallel zu den vielen optischen Eindr\u00fccken, wurde es auch akustisch nicht langweilig. So erfuhren wir beispielsweise im Steinernen Saal am pr\u00e4chtigen Treppenhaus des Geb\u00e4udes noch sehr viel zur Geschichte des bayrischen Landtags und zur Maximilianeumsstiftung, so zum Beispiel wof\u00fcr die einzelnen R\u00e4umlichkeiten urspr\u00fcnglich errichtet wurden, wie das Maximilianeum zu seinem Namen kam und warum das Geb\u00e4ude \u00fcberhaupt gebaut worden war. Ebenso erfuhren wir, dass das Maximilianeum heutzutage nicht nur das Zentrum der bayrischen Landesregierung ist, sondern auch als Wohnheim f\u00fcr Studenten der M\u00fcnchener Universit\u00e4t dient. Jedoch muss man daf\u00fcr einen exzellenten Abiturschnitt und einige Aufnahmegespr\u00e4che erfolgreich absolvieren.<\/p>\n<p>Besonders interessant war die ausgestellte Glasvitrine, in der sich Objekte befanden, die bei Legung des Grundsteins im Jahr 1857 in einer Kiste vergraben worden waren und erst vor einigen Jahren zuf\u00e4llig entdeckt wurden, da man eine Tiefgarage anbauen wollte. In der Vitrine befanden sich neben einigen Papieren auch noch eine alte Modelleisenbahn, da K\u00f6nig Max II. ein gro\u00dfer Fan der Eisenbahn war. An dieser Stelle neigte sich unsere F\u00fchrung dem Ende zu und ein wenig sp\u00e4ter wir verlie\u00dfen mit vielen neuen Eindr\u00fccken das prachtvolle Geb\u00e4ude. Da unsere F\u00fchrung etwas k\u00fcrzer andauerte als erwartet, hatten wir sogar noch etwas Zeit, uns frei in der M\u00fcnchener Innenstadt zu bewegen, bis wir am fr\u00fchen Abend wieder die Heimfahrt antraten. Gegen 20 Uhr kamen wir alle wieder unversehrt und mit vielen neuen Eindr\u00fccken und Informationen in Bayreuth an.<\/p>\n<p>Abschlie\u00dfend kann man sagen, dass wir mit sehr positiven Erinnerungen auf diesen Tag zur\u00fcckblicken und wir w\u00fcrden uns freuen, wenn wir auch in Zukunft noch \u00e4hnliche Exkursionen wie diese erleben k\u00f6nnten.<\/p>\n<p><em>Franziska Sommerer, Alisa Ackermann, 10a<\/em><\/p>\n","protected":false},"excerpt":{"rendered":"<p>Der sozialwissenschaftliche Zweig der 10. Klassen besuchte den bayrischen Landtag in M\u00fcnchen. Hier ist ein Bericht der Teilnehmer. Nach der l\u00e4ngeren Busfahrt kamen wir im Landtag an und mussten zuerst unsere Jacken und Handys kontrollieren lassen. Anschlie\u00dfend erhielten wir ein leckeres Mittagessen im Landtagsrestaurant. Gleich nach dem Essen fing unsere F\u00fchrung durch das Maximilianeum an,&hellip;<\/p>\n","protected":false},"author":1,"featured_media":20012,"comment_status":"closed","ping_status":"closed","sticky":false,"template":"","format":"standard","meta":{"footnotes":""},"categories":[1],"tags":[126,51,148,52],"_links":{"self":[{"href":"https:\/\/www.rwg-bayreuth.de\/home\/index.php?rest_route=\/wp\/v2\/posts\/20011"}],"collection":[{"href":"https:\/\/www.rwg-bayreuth.de\/home\/index.php?rest_route=\/wp\/v2\/posts"}],"about":[{"href":"https:\/\/www.rwg-bayreuth.de\/home\/index.php?rest_route=\/wp\/v2\/types\/post"}],"author":[{"embeddable":true,"href":"https:\/\/www.rwg-bayreuth.de\/home\/index.php?rest_route=\/wp\/v2\/users\/1"}],"replies":[{"embeddable":true,"href":"https:\/\/www.rwg-bayreuth.de\/home\/index.php?rest_route=%2Fwp%2Fv2%2Fcomments&post=20011"}],"version-history":[{"count":3,"href":"https:\/\/www.rwg-bayreuth.de\/home\/index.php?rest_route=\/wp\/v2\/posts\/20011\/revisions"}],"predecessor-version":[{"id":20357,"href":"https:\/\/www.rwg-bayreuth.de\/home\/index.php?rest_route=\/wp\/v2\/posts\/20011\/revisions\/20357"}],"wp:featuredmedia":[{"embeddable":true,"href":"https:\/\/www.rwg-bayreuth.de\/home\/index.php?rest_route=\/wp\/v2\/media\/20012"}],"wp:attachment":[{"href":"https:\/\/www.rwg-bayreuth.de\/home\/index.php?rest_route=%2Fwp%2Fv2%2Fmedia&parent=20011"}],"wp:term":[{"taxonomy":"category","embeddable":true,"href":"https:\/\/www.rwg-bayreuth.de\/home\/index.php?rest_route=%2Fwp%2Fv2%2Fcategories&post=20011"},{"taxonomy":"post_tag","embeddable":true,"href":"https:\/\/www.rwg-bayreuth.de\/home\/index.php?rest_route=%2Fwp%2Fv2%2Ftags&post=20011"}],"curies":[{"name":"wp","href":"https:\/\/api.w.org\/{rel}","templated":true}]}}