{"id":19857,"date":"2018-10-24T08:07:07","date_gmt":"2018-10-24T06:07:07","guid":{"rendered":"http:\/\/www.rwg-bayreuth.de\/home\/?p=19857"},"modified":"2020-02-16T15:48:04","modified_gmt":"2020-02-16T14:48:04","slug":"ein-begleiter-auf-der-pilgerfahrt","status":"publish","type":"post","link":"https:\/\/www.rwg-bayreuth.de\/home\/?p=19857","title":{"rendered":"Ein Begleiter f\u00fcr die Pilgerfahrt"},"content":{"rendered":"<div id=\"attachment_19858\" style=\"width: 460px\" class=\"wp-caption aligncenter\"><a href=\"https:\/\/www.rwg-bayreuth.de\/home\/wp-content\/uploads\/2018\/10\/18-19-Pilgerbuch.jpg\"><img loading=\"lazy\" decoding=\"async\" aria-describedby=\"caption-attachment-19858\" src=\"https:\/\/www.rwg-bayreuth.de\/home\/wp-content\/uploads\/2018\/10\/18-19-Pilgerbuch.jpg\" alt=\"\" width=\"450\" height=\"373\" class=\"size-full wp-image-19858\" srcset=\"https:\/\/www.rwg-bayreuth.de\/home\/wp-content\/uploads\/2018\/10\/18-19-Pilgerbuch.jpg 450w, https:\/\/www.rwg-bayreuth.de\/home\/wp-content\/uploads\/2018\/10\/18-19-Pilgerbuch-250x207.jpg 250w\" sizes=\"(max-width: 450px) 100vw, 450px\" \/><\/a><p id=\"caption-attachment-19858\" class=\"wp-caption-text\">Das Pilgerbuch kann pers\u00f6nlich getsaltet werden.<\/p><\/div>\n<p>\u201eWandern? Um Gottes Willen!\u201c, hie\u00df das Motto des \u00f6kumenischen P-Seminars Religion, das eine Pilgerreise am Ammersee unternahm. Dabei entstand  die Idee, ein Pilgertagebuch zu gestalten, um pers\u00f6nliche Impressionen festzuhalten. <\/p>\n<p>\u201eMal ein anderes Buch &#8230;&#8220;. So in etwa k\u00f6nnte man das Pilgertagebuch beschreiben. Es enth\u00e4lt Tipps zum Rucksackpacken, Routenverschl\u00e4ge sowie Liedervorschl\u00e4ge. Auch der religi\u00f6se Aspekt fehlt nicht: Von Gebeten bis zu Psalmen ist alles dabei. Impulse regen zum Nachdenken \u00fcber sich, die Welt und Gott an. Zus\u00e4tzlich bieten leere Seiten Freiraum zur individuellen Gestaltung. Die Intention ist es, den Begriff des \u201ePilgerns\u201c neu zu definieren und vor allem zu zeigen, dass es dabei keiner streng religi\u00f6sen \u00dcberzeugung bedarf, sondern es viel mehr darum gehen sollte, sich auch mit sich und der eigenen Einstellung auseinanderzusetzen. <\/p>\n<p>Da das Buch individuell gestaltet werden soll, eignet es sich auch optimal als pers\u00f6nliches Geschenk f\u00fcr Freunde, Familienmitglieder oder ambitionierte Wanderer, die gern etwas Neues ausprobieren wollen. Es wird am Donnerstag, 25.10., dem Tag der Elternbeiratswahl und der Klassenelternversammlungen, verkauft und kostet 3 \u20ac.<\/p>\n","protected":false},"excerpt":{"rendered":"<p>\u201eWandern? Um Gottes Willen!\u201c, hie\u00df das Motto des \u00f6kumenischen P-Seminars Religion, das eine Pilgerreise am Ammersee unternahm. Dabei entstand die Idee, ein Pilgertagebuch zu gestalten, um pers\u00f6nliche Impressionen festzuhalten. \u201eMal ein anderes Buch &#8230;&#8220;. So in etwa k\u00f6nnte man das Pilgertagebuch beschreiben. Es enth\u00e4lt Tipps zum Rucksackpacken, Routenverschl\u00e4ge sowie Liedervorschl\u00e4ge. Auch der religi\u00f6se Aspekt fehlt&hellip;<\/p>\n","protected":false},"author":1,"featured_media":19858,"comment_status":"closed","ping_status":"closed","sticky":false,"template":"","format":"standard","meta":{"footnotes":""},"categories":[1],"tags":[126,51,64,61,62],"_links":{"self":[{"href":"https:\/\/www.rwg-bayreuth.de\/home\/index.php?rest_route=\/wp\/v2\/posts\/19857"}],"collection":[{"href":"https:\/\/www.rwg-bayreuth.de\/home\/index.php?rest_route=\/wp\/v2\/posts"}],"about":[{"href":"https:\/\/www.rwg-bayreuth.de\/home\/index.php?rest_route=\/wp\/v2\/types\/post"}],"author":[{"embeddable":true,"href":"https:\/\/www.rwg-bayreuth.de\/home\/index.php?rest_route=\/wp\/v2\/users\/1"}],"replies":[{"embeddable":true,"href":"https:\/\/www.rwg-bayreuth.de\/home\/index.php?rest_route=%2Fwp%2Fv2%2Fcomments&post=19857"}],"version-history":[{"count":4,"href":"https:\/\/www.rwg-bayreuth.de\/home\/index.php?rest_route=\/wp\/v2\/posts\/19857\/revisions"}],"predecessor-version":[{"id":19868,"href":"https:\/\/www.rwg-bayreuth.de\/home\/index.php?rest_route=\/wp\/v2\/posts\/19857\/revisions\/19868"}],"wp:featuredmedia":[{"embeddable":true,"href":"https:\/\/www.rwg-bayreuth.de\/home\/index.php?rest_route=\/wp\/v2\/media\/19858"}],"wp:attachment":[{"href":"https:\/\/www.rwg-bayreuth.de\/home\/index.php?rest_route=%2Fwp%2Fv2%2Fmedia&parent=19857"}],"wp:term":[{"taxonomy":"category","embeddable":true,"href":"https:\/\/www.rwg-bayreuth.de\/home\/index.php?rest_route=%2Fwp%2Fv2%2Fcategories&post=19857"},{"taxonomy":"post_tag","embeddable":true,"href":"https:\/\/www.rwg-bayreuth.de\/home\/index.php?rest_route=%2Fwp%2Fv2%2Ftags&post=19857"}],"curies":[{"name":"wp","href":"https:\/\/api.w.org\/{rel}","templated":true}]}}