{"id":19820,"date":"2018-10-17T10:26:05","date_gmt":"2018-10-17T08:26:05","guid":{"rendered":"http:\/\/www.rwg-bayreuth.de\/home\/?p=19820"},"modified":"2019-01-24T11:08:04","modified_gmt":"2019-01-24T10:08:04","slug":"demokratie-unmittelbar-erfahren","status":"publish","type":"post","link":"https:\/\/www.rwg-bayreuth.de\/home\/?p=19820","title":{"rendered":"Demokratie unmittelbar erfahren"},"content":{"rendered":"<div id=\"attachment_19821\" style=\"width: 460px\" class=\"wp-caption aligncenter\"><a href=\"https:\/\/www.rwg-bayreuth.de\/home\/wp-content\/uploads\/2018\/10\/18-19-Juniorwahl-Abstimmung-450.jpg\"><img loading=\"lazy\" decoding=\"async\" aria-describedby=\"caption-attachment-19821\" class=\"size-full wp-image-19821\" src=\"https:\/\/www.rwg-bayreuth.de\/home\/wp-content\/uploads\/2018\/10\/18-19-Juniorwahl-Abstimmung-450.jpg\" alt=\"\" width=\"450\" height=\"300\" srcset=\"https:\/\/www.rwg-bayreuth.de\/home\/wp-content\/uploads\/2018\/10\/18-19-Juniorwahl-Abstimmung-450.jpg 450w, https:\/\/www.rwg-bayreuth.de\/home\/wp-content\/uploads\/2018\/10\/18-19-Juniorwahl-Abstimmung-450-250x167.jpg 250w\" sizes=\"(max-width: 450px) 100vw, 450px\" \/><\/a><p id=\"caption-attachment-19821\" class=\"wp-caption-text\">Die Juniorwahl war ein gutes Beispiel f\u00fcr lebendige Demokratie.<\/p><\/div>\n<p>Auch das RWG w\u00e4hlte den Landtag \u2013 oder tat zumindest so als ob. Unsere Schule beteiligte sich an den Juniorwahlen zur bayerischen Landtagswahl, bei denen die Sch\u00fcler mit den originalen Stimmzetteln w\u00e4hlen konnten.<\/p>\n<p>Nat\u00fcrlich z\u00e4hlte das Ergebnis nicht f\u00fcr das Wahlergebnis insgesamt, es lieferte aber aufschlussreiche Einblicke in die politische Orientierung der Sch\u00fcler und erm\u00f6glichte es, zu erleben, was Teilnahme an der Demokratie bedeutet.<\/p>\n<p>Zur Vorbereitung auf ihre Aufgabe als Wahlhelfer hatten sich die Sozialkundeklassen der 10. Jahrgangsstufen im Unterricht ausf\u00fchrlich mit dem Wahlverfahren, dem genauen Ab-lauf sowie den zur Wahl stehenden Parteien und deren Spitzenkandidaten auseinandergesetzt.<\/p>\n<div id=\"attachment_19822\" style=\"width: 460px\" class=\"wp-caption aligncenter\"><a href=\"https:\/\/www.rwg-bayreuth.de\/home\/wp-content\/uploads\/2018\/10\/18-19-Juniorwahl-Wahllisten-450.jpg\"><img loading=\"lazy\" decoding=\"async\" aria-describedby=\"caption-attachment-19822\" class=\"size-full wp-image-19822\" src=\"https:\/\/www.rwg-bayreuth.de\/home\/wp-content\/uploads\/2018\/10\/18-19-Juniorwahl-Wahllisten-450.jpg\" alt=\"\" width=\"450\" height=\"300\" srcset=\"https:\/\/www.rwg-bayreuth.de\/home\/wp-content\/uploads\/2018\/10\/18-19-Juniorwahl-Wahllisten-450.jpg 450w, https:\/\/www.rwg-bayreuth.de\/home\/wp-content\/uploads\/2018\/10\/18-19-Juniorwahl-Wahllisten-450-250x167.jpg 250w\" sizes=\"(max-width: 450px) 100vw, 450px\" \/><\/a><p id=\"caption-attachment-19822\" class=\"wp-caption-text\">Die Wahlhelfer richteten die Wahlzettel her.<\/p><\/div>\n<p>Am Wahltag selbst trafen sich alle Wahlhelfer bereits zur ersten Stunde in der Aula, welche schnell gemeinsam zum &#8222;Wahllokal&#8220; umgebaut wurde. Mit Hilfe von echten Stimmzetteln, Wahlkabinen und einer Wahlurne konnten die Sch\u00fcler der 8. bis 12. Jahrgangsstufe im Zeitraum von der 1.bis zur 9. Stunde wie die Erwachsenen am Sonntag w\u00e4hlen.<\/p>\n<div id=\"attachment_19823\" style=\"width: 460px\" class=\"wp-caption aligncenter\"><a href=\"https:\/\/www.rwg-bayreuth.de\/home\/wp-content\/uploads\/2018\/10\/18-19-Juniorwahl-Abstimmung-2-450.jpg\"><img loading=\"lazy\" decoding=\"async\" aria-describedby=\"caption-attachment-19823\" class=\"size-full wp-image-19823\" src=\"https:\/\/www.rwg-bayreuth.de\/home\/wp-content\/uploads\/2018\/10\/18-19-Juniorwahl-Abstimmung-2-450.jpg\" alt=\"\" width=\"450\" height=\"300\" srcset=\"https:\/\/www.rwg-bayreuth.de\/home\/wp-content\/uploads\/2018\/10\/18-19-Juniorwahl-Abstimmung-2-450.jpg 450w, https:\/\/www.rwg-bayreuth.de\/home\/wp-content\/uploads\/2018\/10\/18-19-Juniorwahl-Abstimmung-2-450-250x167.jpg 250w\" sizes=\"(max-width: 450px) 100vw, 450px\" \/><\/a><p id=\"caption-attachment-19823\" class=\"wp-caption-text\">Dank der guten Organisation ging die Abstimmung z\u00fcgig vonstatten.<\/p><\/div>\n<p>Nach einem festen Zeitplan k\u00fcmmerten sich die Wahlhelfer in Kleingruppen darum, die Klassen rechtzeitig aus ihrem Unterricht abzuholen und die Sch\u00fclerinnen und Sch\u00fcler ordnungsgem\u00e4\u00df zu registrieren. Ein paar der Wahlhelfer haben den w\u00e4hlenden Sch\u00fclerinnen und Sch\u00fclern im Anschluss einige Fragen zur Wahl gestellt.<\/p>\n<div id=\"attachment_19824\" style=\"width: 460px\" class=\"wp-caption aligncenter\"><a href=\"https:\/\/www.rwg-bayreuth.de\/home\/wp-content\/uploads\/2018\/10\/18-19-Juniorwahl-W\u00e4hler-450.jpg\"><img loading=\"lazy\" decoding=\"async\" aria-describedby=\"caption-attachment-19824\" class=\"size-full wp-image-19824\" src=\"https:\/\/www.rwg-bayreuth.de\/home\/wp-content\/uploads\/2018\/10\/18-19-Juniorwahl-W\u00e4hler-450.jpg\" alt=\"\" width=\"450\" height=\"300\" srcset=\"https:\/\/www.rwg-bayreuth.de\/home\/wp-content\/uploads\/2018\/10\/18-19-Juniorwahl-W\u00e4hler-450.jpg 450w, https:\/\/www.rwg-bayreuth.de\/home\/wp-content\/uploads\/2018\/10\/18-19-Juniorwahl-W\u00e4hler-450-250x167.jpg 250w\" sizes=\"(max-width: 450px) 100vw, 450px\" \/><\/a><p id=\"caption-attachment-19824\" class=\"wp-caption-text\">Vor der Stimmabgabe wurden die Unterlagen studiert.<\/p><\/div>\n<p>Ein Gro\u00dfteil der Befragten fand es gut oder interessant, dass sie w\u00e4hlen durften. Die meisten Sch\u00fclerinnen und Sch\u00fcler haben sich im Voraus mit Hilfe von Wahlplakaten und im Unterricht \u00fcber die zur Wahl stehenden Parteien informiert. Auf die Frage, ob Juniorwahlen \u00f6fter an unserer Schule durchgef\u00fchrt werden sollten, antworteten alle Befragten mit \u201eJa\u201c.<\/p>\n<div id=\"attachment_19826\" style=\"width: 460px\" class=\"wp-caption aligncenter\"><a href=\"https:\/\/www.rwg-bayreuth.de\/home\/wp-content\/uploads\/2018\/10\/18-19-Juniorwal-Abstimmung-450.jpg\"><img loading=\"lazy\" decoding=\"async\" aria-describedby=\"caption-attachment-19826\" class=\"size-full wp-image-19826\" src=\"https:\/\/www.rwg-bayreuth.de\/home\/wp-content\/uploads\/2018\/10\/18-19-Juniorwal-Abstimmung-450.jpg\" alt=\"\" width=\"450\" height=\"352\" srcset=\"https:\/\/www.rwg-bayreuth.de\/home\/wp-content\/uploads\/2018\/10\/18-19-Juniorwal-Abstimmung-450.jpg 450w, https:\/\/www.rwg-bayreuth.de\/home\/wp-content\/uploads\/2018\/10\/18-19-Juniorwal-Abstimmung-450-250x196.jpg 250w\" sizes=\"(max-width: 450px) 100vw, 450px\" \/><\/a><p id=\"caption-attachment-19826\" class=\"wp-caption-text\">Die Abstimmung war nat\u00fcrlich streng geheim.<\/p><\/div>\n<p>Der einzige genannte Verbesserungsvorschlag war, dass die Sch\u00fclerinnen und Sch\u00fcler im Unterricht besser \u00fcber die Parteien informiert werden sollten. Demzufolge waren die Juniorwahlen zur bayerischen Landtagswahl 2018 am RWG ein voller Erfolg.<\/p>\n<p><em>Lena Herrmann, Michelle Borowsky, Lisa Schulz und Hannah Eichmeier (10b)<\/em><\/p>\n<p>Hier ist das Ergebnis der Abstimmung an unserer Schule. Es unterscheidet sich durchaus vom Ergebnis der Gesamtwahl, liegt aber im Trend des Wahlverhaltens von jungen Menschen mit \u00e4hnlichem Bildungsniveau:<\/p>\n<p><a href=\"https:\/\/www.rwg-bayreuth.de\/home\/wp-content\/uploads\/2018\/10\/RW-Erststimmen.jpg\"><img loading=\"lazy\" decoding=\"async\" class=\"aligncenter size-full wp-image-19837\" src=\"https:\/\/www.rwg-bayreuth.de\/home\/wp-content\/uploads\/2018\/10\/RW-Erststimmen.jpg\" alt=\"\" width=\"1534\" height=\"2627\" srcset=\"https:\/\/www.rwg-bayreuth.de\/home\/wp-content\/uploads\/2018\/10\/RW-Erststimmen.jpg 1534w, https:\/\/www.rwg-bayreuth.de\/home\/wp-content\/uploads\/2018\/10\/RW-Erststimmen-263x450.jpg 263w, https:\/\/www.rwg-bayreuth.de\/home\/wp-content\/uploads\/2018\/10\/RW-Erststimmen-768x1315.jpg 768w, https:\/\/www.rwg-bayreuth.de\/home\/wp-content\/uploads\/2018\/10\/RW-Erststimmen-598x1024.jpg 598w, https:\/\/www.rwg-bayreuth.de\/home\/wp-content\/uploads\/2018\/10\/RW-Erststimmen-250x428.jpg 250w\" sizes=\"(max-width: 1534px) 100vw, 1534px\" \/><\/a><\/p>\n<p><a href=\"https:\/\/www.rwg-bayreuth.de\/home\/wp-content\/uploads\/2018\/10\/RWG-Zweitstimmen.jpg\"><img loading=\"lazy\" decoding=\"async\" class=\"aligncenter size-full wp-image-19838\" src=\"https:\/\/www.rwg-bayreuth.de\/home\/wp-content\/uploads\/2018\/10\/RWG-Zweitstimmen.jpg\" alt=\"\" width=\"1388\" height=\"2151\" srcset=\"https:\/\/www.rwg-bayreuth.de\/home\/wp-content\/uploads\/2018\/10\/RWG-Zweitstimmen.jpg 1388w, https:\/\/www.rwg-bayreuth.de\/home\/wp-content\/uploads\/2018\/10\/RWG-Zweitstimmen-290x450.jpg 290w, https:\/\/www.rwg-bayreuth.de\/home\/wp-content\/uploads\/2018\/10\/RWG-Zweitstimmen-768x1190.jpg 768w, https:\/\/www.rwg-bayreuth.de\/home\/wp-content\/uploads\/2018\/10\/RWG-Zweitstimmen-661x1024.jpg 661w, https:\/\/www.rwg-bayreuth.de\/home\/wp-content\/uploads\/2018\/10\/RWG-Zweitstimmen-250x387.jpg 250w\" sizes=\"(max-width: 1388px) 100vw, 1388px\" \/><\/a><\/p>\n","protected":false},"excerpt":{"rendered":"<p>Auch das RWG w\u00e4hlte den Landtag \u2013 oder tat zumindest so als ob. Unsere Schule beteiligte sich an den Juniorwahlen zur bayerischen Landtagswahl, bei denen die Sch\u00fcler mit den originalen Stimmzetteln w\u00e4hlen konnten. Nat\u00fcrlich z\u00e4hlte das Ergebnis nicht f\u00fcr das Wahlergebnis insgesamt, es lieferte aber aufschlussreiche Einblicke in die politische Orientierung der Sch\u00fcler und erm\u00f6glichte&hellip;<\/p>\n","protected":false},"author":1,"featured_media":19821,"comment_status":"closed","ping_status":"closed","sticky":false,"template":"","format":"standard","meta":{"footnotes":""},"categories":[1],"tags":[51,52],"_links":{"self":[{"href":"https:\/\/www.rwg-bayreuth.de\/home\/index.php?rest_route=\/wp\/v2\/posts\/19820"}],"collection":[{"href":"https:\/\/www.rwg-bayreuth.de\/home\/index.php?rest_route=\/wp\/v2\/posts"}],"about":[{"href":"https:\/\/www.rwg-bayreuth.de\/home\/index.php?rest_route=\/wp\/v2\/types\/post"}],"author":[{"embeddable":true,"href":"https:\/\/www.rwg-bayreuth.de\/home\/index.php?rest_route=\/wp\/v2\/users\/1"}],"replies":[{"embeddable":true,"href":"https:\/\/www.rwg-bayreuth.de\/home\/index.php?rest_route=%2Fwp%2Fv2%2Fcomments&post=19820"}],"version-history":[{"count":6,"href":"https:\/\/www.rwg-bayreuth.de\/home\/index.php?rest_route=\/wp\/v2\/posts\/19820\/revisions"}],"predecessor-version":[{"id":20350,"href":"https:\/\/www.rwg-bayreuth.de\/home\/index.php?rest_route=\/wp\/v2\/posts\/19820\/revisions\/20350"}],"wp:featuredmedia":[{"embeddable":true,"href":"https:\/\/www.rwg-bayreuth.de\/home\/index.php?rest_route=\/wp\/v2\/media\/19821"}],"wp:attachment":[{"href":"https:\/\/www.rwg-bayreuth.de\/home\/index.php?rest_route=%2Fwp%2Fv2%2Fmedia&parent=19820"}],"wp:term":[{"taxonomy":"category","embeddable":true,"href":"https:\/\/www.rwg-bayreuth.de\/home\/index.php?rest_route=%2Fwp%2Fv2%2Fcategories&post=19820"},{"taxonomy":"post_tag","embeddable":true,"href":"https:\/\/www.rwg-bayreuth.de\/home\/index.php?rest_route=%2Fwp%2Fv2%2Ftags&post=19820"}],"curies":[{"name":"wp","href":"https:\/\/api.w.org\/{rel}","templated":true}]}}