{"id":19811,"date":"2018-10-16T10:21:14","date_gmt":"2018-10-16T08:21:14","guid":{"rendered":"http:\/\/www.rwg-bayreuth.de\/home\/?p=19811"},"modified":"2019-06-03T09:02:29","modified_gmt":"2019-06-03T07:02:29","slug":"die-neue-smv-steht-bereit","status":"publish","type":"post","link":"https:\/\/www.rwg-bayreuth.de\/home\/?p=19811","title":{"rendered":"Die neue SMV steht bereit"},"content":{"rendered":"<div id=\"attachment_19812\" style=\"width: 460px\" class=\"wp-caption aligncenter\"><a href=\"https:\/\/www.rwg-bayreuth.de\/home\/wp-content\/uploads\/2018\/10\/18-19-Sch\u00fclersprecher-450.jpg\"><img loading=\"lazy\" decoding=\"async\" aria-describedby=\"caption-attachment-19812\" src=\"https:\/\/www.rwg-bayreuth.de\/home\/wp-content\/uploads\/2018\/10\/18-19-Sch\u00fclersprecher-450.jpg\" alt=\"\" width=\"450\" height=\"311\" class=\"size-full wp-image-19812\" srcset=\"https:\/\/www.rwg-bayreuth.de\/home\/wp-content\/uploads\/2018\/10\/18-19-Sch\u00fclersprecher-450.jpg 450w, https:\/\/www.rwg-bayreuth.de\/home\/wp-content\/uploads\/2018\/10\/18-19-Sch\u00fclersprecher-450-250x173.jpg 250w\" sizes=\"(max-width: 450px) 100vw, 450px\" \/><\/a><p id=\"caption-attachment-19812\" class=\"wp-caption-text\">Die Sch\u00fclersprecherInnen unserer Schule.<\/p><\/div>\n<p>Bei der ersten Klassensprecherversammlung versammelten sich die Sch\u00fcler, um sowohl die Sch\u00fclersprecher als auch eine neu aufgestellte SMV zu w\u00e4hlen.<\/p>\n<p>Als Amt der ersten Sch\u00fclersprecherin \u00fcbernimmt Fiona Pondor (10c). Sie ist ein bekanntes Gesicht in der SMV, denn sie war auch schon im letzten Jahr mit bei den Sch\u00fclersprechern dabei. Neu ins Sch\u00fclersprecherteam gew\u00e4hlt wurden \u00d6mer G\u00fcm\u00fcssoy und Swantje R\u00fcschen. \u00d6mer besucht die Q11 des RWGs und Swantje ist in der 10. Klasse. Beide sind bereits sehr engagiert im Schulleben und die Schulfamilie  kann sich schon jetzt auf ein kreatives und zuverl\u00e4ssiges Sch\u00fclersprecherteam freuen.<\/p>\n<div id=\"attachment_19813\" style=\"width: 460px\" class=\"wp-caption aligncenter\"><a href=\"https:\/\/www.rwg-bayreuth.de\/home\/wp-content\/uploads\/2018\/10\/18-19-SMV-erweitert-450.jpg\"><img loading=\"lazy\" decoding=\"async\" aria-describedby=\"caption-attachment-19813\" src=\"https:\/\/www.rwg-bayreuth.de\/home\/wp-content\/uploads\/2018\/10\/18-19-SMV-erweitert-450.jpg\" alt=\"\" width=\"450\" height=\"300\" class=\"size-full wp-image-19813\" srcset=\"https:\/\/www.rwg-bayreuth.de\/home\/wp-content\/uploads\/2018\/10\/18-19-SMV-erweitert-450.jpg 450w, https:\/\/www.rwg-bayreuth.de\/home\/wp-content\/uploads\/2018\/10\/18-19-SMV-erweitert-450-250x167.jpg 250w\" sizes=\"(max-width: 450px) 100vw, 450px\" \/><\/a><p id=\"caption-attachment-19813\" class=\"wp-caption-text\">Die erweiterte SMV freut sich auf ihre Aufgaben.<\/p><\/div>\n<p>Auch die erweiterte SMV bekommt \u201efrischen Wind\u201c. Neben den alt bew\u00e4hrten Mitgliedern, k\u00f6nnen wir in diesem Jahr auch neue Gesichter in der SMV begr\u00fc\u00dfen. Das Team um Romana Hofmann, Leonie Knaus, Elena und Sophia G\u00fcthing, Cosima Kurzac, Linus Gr\u00e4tz und Kamuran Feger wird ab sofort unterst\u00fctzt durch Jenny Schill, Marie Nei\u00df, Elena Friedlein und Tim Wallner.<\/p>\n<p>Sehr positiv war die Bereitschaft vieler Sch\u00fcler\/innen, die sich f\u00fcr das Amt als Sch\u00fclersprecher\/in und auch zur Mitarbeit in der SMV zur Verf\u00fcgung stellten. Die beiden Verbindungslehrer sehen dies als positive R\u00fcckmeldung f\u00fcr die geleistete Arbeit der SMV in den letzten Jahren und freuen sich \u00fcber die Bereitschaft der Sch\u00fcler im SMV-Team mitzuarbeiten. Durch dieses Engagement  leisten die Sch\u00fcler auch einen wichtigen Beitrag zur Schulentwicklung.<\/p>\n<p>F\u00fcr Eure Arbeit im kommenden Schuljahr w\u00fcnschen wir Euch viel Erfolg und Spa\u00df!<\/p>\n<p>Eure Verbindungslehrer<\/p>\n<p>Katja Schmidt und Markus Bauer<\/p>\n","protected":false},"excerpt":{"rendered":"<p>Bei der ersten Klassensprecherversammlung versammelten sich die Sch\u00fcler, um sowohl die Sch\u00fclersprecher als auch eine neu aufgestellte SMV zu w\u00e4hlen. Als Amt der ersten Sch\u00fclersprecherin \u00fcbernimmt Fiona Pondor (10c). Sie ist ein bekanntes Gesicht in der SMV, denn sie war auch schon im letzten Jahr mit bei den Sch\u00fclersprechern dabei. Neu ins Sch\u00fclersprecherteam gew\u00e4hlt wurden&hellip;<\/p>\n","protected":false},"author":1,"featured_media":19812,"comment_status":"closed","ping_status":"closed","sticky":false,"template":"","format":"standard","meta":{"footnotes":""},"categories":[1],"tags":[51,35],"_links":{"self":[{"href":"https:\/\/www.rwg-bayreuth.de\/home\/index.php?rest_route=\/wp\/v2\/posts\/19811"}],"collection":[{"href":"https:\/\/www.rwg-bayreuth.de\/home\/index.php?rest_route=\/wp\/v2\/posts"}],"about":[{"href":"https:\/\/www.rwg-bayreuth.de\/home\/index.php?rest_route=\/wp\/v2\/types\/post"}],"author":[{"embeddable":true,"href":"https:\/\/www.rwg-bayreuth.de\/home\/index.php?rest_route=\/wp\/v2\/users\/1"}],"replies":[{"embeddable":true,"href":"https:\/\/www.rwg-bayreuth.de\/home\/index.php?rest_route=%2Fwp%2Fv2%2Fcomments&post=19811"}],"version-history":[{"count":1,"href":"https:\/\/www.rwg-bayreuth.de\/home\/index.php?rest_route=\/wp\/v2\/posts\/19811\/revisions"}],"predecessor-version":[{"id":19814,"href":"https:\/\/www.rwg-bayreuth.de\/home\/index.php?rest_route=\/wp\/v2\/posts\/19811\/revisions\/19814"}],"wp:featuredmedia":[{"embeddable":true,"href":"https:\/\/www.rwg-bayreuth.de\/home\/index.php?rest_route=\/wp\/v2\/media\/19812"}],"wp:attachment":[{"href":"https:\/\/www.rwg-bayreuth.de\/home\/index.php?rest_route=%2Fwp%2Fv2%2Fmedia&parent=19811"}],"wp:term":[{"taxonomy":"category","embeddable":true,"href":"https:\/\/www.rwg-bayreuth.de\/home\/index.php?rest_route=%2Fwp%2Fv2%2Fcategories&post=19811"},{"taxonomy":"post_tag","embeddable":true,"href":"https:\/\/www.rwg-bayreuth.de\/home\/index.php?rest_route=%2Fwp%2Fv2%2Ftags&post=19811"}],"curies":[{"name":"wp","href":"https:\/\/api.w.org\/{rel}","templated":true}]}}