{"id":19801,"date":"2018-10-12T08:45:57","date_gmt":"2018-10-12T06:45:57","guid":{"rendered":"http:\/\/www.rwg-bayreuth.de\/home\/?p=19801"},"modified":"2022-10-03T21:55:58","modified_gmt":"2022-10-03T19:55:58","slug":"per-mountainbike-ins-fichtelgebirge","status":"publish","type":"post","link":"https:\/\/www.rwg-bayreuth.de\/home\/?p=19801","title":{"rendered":"Per Mountainbike ins Fichtelgebirge"},"content":{"rendered":"<div id=\"attachment_19802\" style=\"width: 460px\" class=\"wp-caption aligncenter\"><a href=\"https:\/\/www.rwg-bayreuth.de\/home\/wp-content\/uploads\/2018\/10\/18-19-Mountainbiker-450.jpg\"><img loading=\"lazy\" decoding=\"async\" aria-describedby=\"caption-attachment-19802\" class=\"size-full wp-image-19802\" src=\"https:\/\/www.rwg-bayreuth.de\/home\/wp-content\/uploads\/2018\/10\/18-19-Mountainbiker-450.jpg\" alt=\"\" width=\"450\" height=\"300\" srcset=\"https:\/\/www.rwg-bayreuth.de\/home\/wp-content\/uploads\/2018\/10\/18-19-Mountainbiker-450.jpg 450w, https:\/\/www.rwg-bayreuth.de\/home\/wp-content\/uploads\/2018\/10\/18-19-Mountainbiker-450-250x167.jpg 250w\" sizes=\"(max-width: 450px) 100vw, 450px\" \/><\/a><p id=\"caption-attachment-19802\" class=\"wp-caption-text\">Echte Mountainbiker kennen kein schlechtes Wetter.<\/p><\/div>\n<p>Als Abschluss ihrer Projektphase f\u00fchrten die 15 Sch\u00fclerinnen und Sch\u00fcler des W- und P-Seminars Mountainbike eine zweit\u00e4gige Mountainbike-Exkursion ins Fichtelgebirge durch.<\/p>\n<p>Der Start war am RWG &#8211; Ziel f\u00fcr den n\u00e4chsten Tag der Ochsenkopf. Dabei planten die Sch\u00fcler sowohl die Strecken und den Gep\u00e4cktransport als auch die \u00dcbernachtung und Verpflegung im Naturfreundehaus Weidenberg.<\/p>\n<div id=\"attachment_19803\" style=\"width: 460px\" class=\"wp-caption aligncenter\"><a href=\"https:\/\/www.rwg-bayreuth.de\/home\/wp-content\/uploads\/2018\/10\/18-19-Mountainbiker-Gruppe-450.jpg\"><img loading=\"lazy\" decoding=\"async\" aria-describedby=\"caption-attachment-19803\" class=\"size-full wp-image-19803\" src=\"https:\/\/www.rwg-bayreuth.de\/home\/wp-content\/uploads\/2018\/10\/18-19-Mountainbiker-Gruppe-450.jpg\" alt=\"\" width=\"450\" height=\"260\" srcset=\"https:\/\/www.rwg-bayreuth.de\/home\/wp-content\/uploads\/2018\/10\/18-19-Mountainbiker-Gruppe-450.jpg 450w, https:\/\/www.rwg-bayreuth.de\/home\/wp-content\/uploads\/2018\/10\/18-19-Mountainbiker-Gruppe-450-250x144.jpg 250w\" sizes=\"(max-width: 450px) 100vw, 450px\" \/><\/a><p id=\"caption-attachment-19803\" class=\"wp-caption-text\">Trotz (oder wegen) der Anstrengung waren am Ende alle gl\u00fccklich und zufrieden.<\/p><\/div>\n<p>Vielleicht gerade weil das Wetter nicht ganz optimal war, hatte die zweit\u00e4gige Tour echten Expeditionscharakter. Die k\u00f6rperlichen, technischen und psychischen Belastungen waren durchaus aus den Gesichtern abzulesen. Aber dennoch k\u00e4mpften sich alle bis zum Ochsenkopf durch und erkundeten dabei tolle und herausfordernde Trails in der Region rund um den Ochsenkopf.<\/p>\n<p>Begleitet wurde das Seminar durch Herrn Bauer und Herrn Str\u00f6hla.<\/p>\n","protected":false},"excerpt":{"rendered":"<p>Als Abschluss ihrer Projektphase f\u00fchrten die 15 Sch\u00fclerinnen und Sch\u00fcler des W- und P-Seminars Mountainbike eine zweit\u00e4gige Mountainbike-Exkursion ins Fichtelgebirge durch. Der Start war am RWG &#8211; Ziel f\u00fcr den n\u00e4chsten Tag der Ochsenkopf. Dabei planten die Sch\u00fcler sowohl die Strecken und den Gep\u00e4cktransport als auch die \u00dcbernachtung und Verpflegung im Naturfreundehaus Weidenberg. Vielleicht gerade&hellip;<\/p>\n","protected":false},"author":1,"featured_media":19802,"comment_status":"closed","ping_status":"closed","sticky":false,"template":"","format":"standard","meta":{"footnotes":""},"categories":[1],"tags":[51,135],"_links":{"self":[{"href":"https:\/\/www.rwg-bayreuth.de\/home\/index.php?rest_route=\/wp\/v2\/posts\/19801"}],"collection":[{"href":"https:\/\/www.rwg-bayreuth.de\/home\/index.php?rest_route=\/wp\/v2\/posts"}],"about":[{"href":"https:\/\/www.rwg-bayreuth.de\/home\/index.php?rest_route=\/wp\/v2\/types\/post"}],"author":[{"embeddable":true,"href":"https:\/\/www.rwg-bayreuth.de\/home\/index.php?rest_route=\/wp\/v2\/users\/1"}],"replies":[{"embeddable":true,"href":"https:\/\/www.rwg-bayreuth.de\/home\/index.php?rest_route=%2Fwp%2Fv2%2Fcomments&post=19801"}],"version-history":[{"count":3,"href":"https:\/\/www.rwg-bayreuth.de\/home\/index.php?rest_route=\/wp\/v2\/posts\/19801\/revisions"}],"predecessor-version":[{"id":19816,"href":"https:\/\/www.rwg-bayreuth.de\/home\/index.php?rest_route=\/wp\/v2\/posts\/19801\/revisions\/19816"}],"wp:featuredmedia":[{"embeddable":true,"href":"https:\/\/www.rwg-bayreuth.de\/home\/index.php?rest_route=\/wp\/v2\/media\/19802"}],"wp:attachment":[{"href":"https:\/\/www.rwg-bayreuth.de\/home\/index.php?rest_route=%2Fwp%2Fv2%2Fmedia&parent=19801"}],"wp:term":[{"taxonomy":"category","embeddable":true,"href":"https:\/\/www.rwg-bayreuth.de\/home\/index.php?rest_route=%2Fwp%2Fv2%2Fcategories&post=19801"},{"taxonomy":"post_tag","embeddable":true,"href":"https:\/\/www.rwg-bayreuth.de\/home\/index.php?rest_route=%2Fwp%2Fv2%2Ftags&post=19801"}],"curies":[{"name":"wp","href":"https:\/\/api.w.org\/{rel}","templated":true}]}}