{"id":19579,"date":"2018-09-11T08:41:11","date_gmt":"2018-09-11T06:41:11","guid":{"rendered":"http:\/\/www.rwg-bayreuth.de\/home\/?p=19579"},"modified":"2021-11-14T18:57:33","modified_gmt":"2021-11-14T17:57:33","slug":"der-schulstart-ist-erfolgt","status":"publish","type":"post","link":"https:\/\/www.rwg-bayreuth.de\/home\/?p=19579","title":{"rendered":"Der Schulstart ist erfolgt"},"content":{"rendered":"<div id=\"attachment_19576\" style=\"width: 460px\" class=\"wp-caption aligncenter\"><a href=\"https:\/\/www.rwg-bayreuth.de\/home\/wp-content\/uploads\/2018\/09\/18-19-6c-Start.jpg\"><img loading=\"lazy\" decoding=\"async\" aria-describedby=\"caption-attachment-19576\" src=\"https:\/\/www.rwg-bayreuth.de\/home\/wp-content\/uploads\/2018\/09\/18-19-6c-Start.jpg\" alt=\"\" width=\"450\" height=\"299\" class=\"size-full wp-image-19576\" srcset=\"https:\/\/www.rwg-bayreuth.de\/home\/wp-content\/uploads\/2018\/09\/18-19-6c-Start.jpg 450w, https:\/\/www.rwg-bayreuth.de\/home\/wp-content\/uploads\/2018\/09\/18-19-6c-Start-250x166.jpg 250w\" sizes=\"(max-width: 450px) 100vw, 450px\" \/><\/a><p id=\"caption-attachment-19576\" class=\"wp-caption-text\">Die Klasse 6c lauschte gespannt, was Frau Wagner \u00fcber das neue Schuljahr erz\u00e4hlte.<\/p><\/div>\n<p>Das neue Schuljahr 2018-19 hat begonnen. Am Dienstagmorgen bezogen die Sch\u00fclerinnen und Sch\u00fcler die Zimmer und es konnte nach sechs Wochen Sommerferien endlich losgehen.<\/p>\n<p>Rund 753 Sch\u00fclerinnen und Sch\u00fcler verteilen sich auf 23 Klassen. Im Schnitt sind das etwa 24 Sch\u00fcler pro Klasse. Das sind gute Voraussetzungen f\u00fcr das Lernen w\u00e4hrend des Jahres. Besonders freut sich das RWG, 117 neue Sch\u00fcler in den f\u00fcnften Klassen begr\u00fc\u00dfen zu k\u00f6nnen. F\u00fcr sie gibt es f\u00fcnf Klassen.<\/p>\n<div id=\"attachment_19583\" style=\"width: 460px\" class=\"wp-caption aligncenter\"><a href=\"https:\/\/www.rwg-bayreuth.de\/home\/wp-content\/uploads\/2018\/09\/18-19-Schulstart-Turnhalle-450.jpg\"><img loading=\"lazy\" decoding=\"async\" aria-describedby=\"caption-attachment-19583\" src=\"https:\/\/www.rwg-bayreuth.de\/home\/wp-content\/uploads\/2018\/09\/18-19-Schulstart-Turnhalle-450.jpg\" alt=\"\" width=\"450\" height=\"295\" class=\"size-full wp-image-19583\" srcset=\"https:\/\/www.rwg-bayreuth.de\/home\/wp-content\/uploads\/2018\/09\/18-19-Schulstart-Turnhalle-450.jpg 450w, https:\/\/www.rwg-bayreuth.de\/home\/wp-content\/uploads\/2018\/09\/18-19-Schulstart-Turnhalle-450-250x164.jpg 250w\" sizes=\"(max-width: 450px) 100vw, 450px\" \/><\/a><p id=\"caption-attachment-19583\" class=\"wp-caption-text\">In der Turnhalle warteten Eltern und die neuen Sch\u00fcler auf die Klasseneinteilung.<\/p><\/div>\n<p>Besonders gespannt sind hier alle auf die neuen Profilf\u00e4cher, die f\u00fcr die f\u00fcnften Klassen eingerichtet wurden. In den Bereichen &#8222;Forschen und Entdecken&#8220;, &#8222;Sport&#8220;, &#8222;Theater&#8220;, &#8222;Kreativ sein beim Basteln und Kochen&#8220; sowie &#8222;Musik und Tanz&#8220; gibt es ein besonderes Angebot, das es erm\u00f6glichen soll, neben den \u00fcblichen gymnasialen F\u00e4chern auch die besonderen pers\u00f6nlichen Interessen weiterzuverfolgen. Dieses Profilprogramm ist in den Stundenlan integriert und geht ganz ohne Nachmitagsunterricht ab. <a href=\"https:\/\/www.rwg-bayreuth.de\/home\/?page_id=29773\">[mehr zu den Profilf\u00e4chern&#8230;]<\/a><\/p>\n<p>Der Schulanfangsgottesdienst ist am Mittwoch, 12.9., Unterrichtsschluss ist an diesem Tag mit Ende der sechsten Stunde um 12:45 Uhr.<\/p>\n<p>Ab Donnerstag, 13.9., ist dann Unterricht nach Stundenplan auch am Nachmittag.<\/p>\n<p>Die ersten schulischen Herausforderungen stehen am Monatsende ins Haus, wenn die bayernweiten Jahrgangstests abgehalten werden. Sie sind am Donnerstag, 4.10. (D 6 \/ M 8 \/ E 10) und am Montag, 8.10. (D 8 \/ M 10 \/ E 6). <a href=\"http:\/\/jahrgangsstufenarbeiten.isb.bayern.de\/www.isb.bayern.de\/schulartspezifisches\/leistungserhebungen\/jahrgangsstufenarbeiten-gymnasium\/index.html\" rel=\"noopener noreferrer\" target=\"_blank\">[mehr zu den Jahrgangstests\u2026]<\/a><\/p>\n","protected":false},"excerpt":{"rendered":"<p>Das neue Schuljahr 2018-19 hat begonnen. Am Dienstagmorgen bezogen die Sch\u00fclerinnen und Sch\u00fcler die Zimmer und es konnte nach sechs Wochen Sommerferien endlich losgehen. Rund 753 Sch\u00fclerinnen und Sch\u00fcler verteilen sich auf 23 Klassen. Im Schnitt sind das etwa 24 Sch\u00fcler pro Klasse. Das sind gute Voraussetzungen f\u00fcr das Lernen w\u00e4hrend des Jahres. Besonders freut&hellip;<\/p>\n","protected":false},"author":1,"featured_media":19576,"comment_status":"closed","ping_status":"closed","sticky":false,"template":"","format":"standard","meta":{"footnotes":""},"categories":[1],"tags":[51],"_links":{"self":[{"href":"https:\/\/www.rwg-bayreuth.de\/home\/index.php?rest_route=\/wp\/v2\/posts\/19579"}],"collection":[{"href":"https:\/\/www.rwg-bayreuth.de\/home\/index.php?rest_route=\/wp\/v2\/posts"}],"about":[{"href":"https:\/\/www.rwg-bayreuth.de\/home\/index.php?rest_route=\/wp\/v2\/types\/post"}],"author":[{"embeddable":true,"href":"https:\/\/www.rwg-bayreuth.de\/home\/index.php?rest_route=\/wp\/v2\/users\/1"}],"replies":[{"embeddable":true,"href":"https:\/\/www.rwg-bayreuth.de\/home\/index.php?rest_route=%2Fwp%2Fv2%2Fcomments&post=19579"}],"version-history":[{"count":5,"href":"https:\/\/www.rwg-bayreuth.de\/home\/index.php?rest_route=\/wp\/v2\/posts\/19579\/revisions"}],"predecessor-version":[{"id":29799,"href":"https:\/\/www.rwg-bayreuth.de\/home\/index.php?rest_route=\/wp\/v2\/posts\/19579\/revisions\/29799"}],"wp:featuredmedia":[{"embeddable":true,"href":"https:\/\/www.rwg-bayreuth.de\/home\/index.php?rest_route=\/wp\/v2\/media\/19576"}],"wp:attachment":[{"href":"https:\/\/www.rwg-bayreuth.de\/home\/index.php?rest_route=%2Fwp%2Fv2%2Fmedia&parent=19579"}],"wp:term":[{"taxonomy":"category","embeddable":true,"href":"https:\/\/www.rwg-bayreuth.de\/home\/index.php?rest_route=%2Fwp%2Fv2%2Fcategories&post=19579"},{"taxonomy":"post_tag","embeddable":true,"href":"https:\/\/www.rwg-bayreuth.de\/home\/index.php?rest_route=%2Fwp%2Fv2%2Ftags&post=19579"}],"curies":[{"name":"wp","href":"https:\/\/api.w.org\/{rel}","templated":true}]}}