{"id":19513,"date":"2018-07-30T11:37:32","date_gmt":"2018-07-30T09:37:32","guid":{"rendered":"http:\/\/www.rwg-bayreuth.de\/home\/?p=19513"},"modified":"2019-06-06T19:16:48","modified_gmt":"2019-06-06T17:16:48","slug":"abschlussgottesdienst","status":"publish","type":"post","link":"https:\/\/www.rwg-bayreuth.de\/home\/?p=19513","title":{"rendered":"Abschlussgottesdienst"},"content":{"rendered":"<div id=\"attachment_19514\" style=\"width: 460px\" class=\"wp-caption aligncenter\"><a href=\"https:\/\/www.rwg-bayreuth.de\/home\/wp-content\/uploads\/2018\/07\/17-18-Schlussgottesdienst450.jpg\"><img loading=\"lazy\" decoding=\"async\" aria-describedby=\"caption-attachment-19514\" src=\"https:\/\/www.rwg-bayreuth.de\/home\/wp-content\/uploads\/2018\/07\/17-18-Schlussgottesdienst450.jpg\" alt=\"\" width=\"450\" height=\"332\" class=\"size-full wp-image-19514\" srcset=\"https:\/\/www.rwg-bayreuth.de\/home\/wp-content\/uploads\/2018\/07\/17-18-Schlussgottesdienst450.jpg 450w, https:\/\/www.rwg-bayreuth.de\/home\/wp-content\/uploads\/2018\/07\/17-18-Schlussgottesdienst450-250x184.jpg 250w\" sizes=\"(max-width: 450px) 100vw, 450px\" \/><\/a><p id=\"caption-attachment-19514\" class=\"wp-caption-text\">Der Abschlussgottesdienst fand in der Stadtkirche statt.<\/p><\/div>\n<p>Mit einem Gottesdienst in der Stadtkirche ging das Schuljahr zu Ende.<\/p>\n<p>Es war eine besinnliche, aber auch eine fr\u00f6hliche Stunde, die die Klassen in der Stadtkirche hatten. Dazu trug nicht nur die Aussicht auf die Sommerferien bei, sondern auch die \u201eBand\u201c aus Sch\u00fclern und Lehrern, die f\u00fcr die musikalische Ausgestaltung des Gottesdienstes sorgten. Ihre sch\u00f6nen Lieder luden zum Mitsingen ein und machten es den Sch\u00fclern leicht, in den Gottesdienst hineinzufinden.<\/p>\n<p>Auch was die Religionslehrer zu sagen hatten, verdiente offene Ohren. Sie setzten den Ablauf des Schuljahres in Beziehung zum Auszug des israelitischen Volkes aus \u00c4gypten. \u201eF\u00fcrchtet euch nicht!\u201c, war die wichtige Botschaft, die zum Schlusslied hinf\u00fchrte: \u201eOh Happy Day!\u201c, sang die Band und viele stimmten dankbar ein. Ferien. Endlich.<\/p>\n","protected":false},"excerpt":{"rendered":"<p>Mit einem Gottesdienst in der Stadtkirche ging das Schuljahr zu Ende. Es war eine besinnliche, aber auch eine fr\u00f6hliche Stunde, die die Klassen in der Stadtkirche hatten. Dazu trug nicht nur die Aussicht auf die Sommerferien bei, sondern auch die \u201eBand\u201c aus Sch\u00fclern und Lehrern, die f\u00fcr die musikalische Ausgestaltung des Gottesdienstes sorgten. Ihre sch\u00f6nen&hellip;<\/p>\n","protected":false},"author":1,"featured_media":19514,"comment_status":"closed","ping_status":"closed","sticky":false,"template":"","format":"standard","meta":{"footnotes":""},"categories":[1],"tags":[51,61,62],"_links":{"self":[{"href":"https:\/\/www.rwg-bayreuth.de\/home\/index.php?rest_route=\/wp\/v2\/posts\/19513"}],"collection":[{"href":"https:\/\/www.rwg-bayreuth.de\/home\/index.php?rest_route=\/wp\/v2\/posts"}],"about":[{"href":"https:\/\/www.rwg-bayreuth.de\/home\/index.php?rest_route=\/wp\/v2\/types\/post"}],"author":[{"embeddable":true,"href":"https:\/\/www.rwg-bayreuth.de\/home\/index.php?rest_route=\/wp\/v2\/users\/1"}],"replies":[{"embeddable":true,"href":"https:\/\/www.rwg-bayreuth.de\/home\/index.php?rest_route=%2Fwp%2Fv2%2Fcomments&post=19513"}],"version-history":[{"count":6,"href":"https:\/\/www.rwg-bayreuth.de\/home\/index.php?rest_route=\/wp\/v2\/posts\/19513\/revisions"}],"predecessor-version":[{"id":19545,"href":"https:\/\/www.rwg-bayreuth.de\/home\/index.php?rest_route=\/wp\/v2\/posts\/19513\/revisions\/19545"}],"wp:featuredmedia":[{"embeddable":true,"href":"https:\/\/www.rwg-bayreuth.de\/home\/index.php?rest_route=\/wp\/v2\/media\/19514"}],"wp:attachment":[{"href":"https:\/\/www.rwg-bayreuth.de\/home\/index.php?rest_route=%2Fwp%2Fv2%2Fmedia&parent=19513"}],"wp:term":[{"taxonomy":"category","embeddable":true,"href":"https:\/\/www.rwg-bayreuth.de\/home\/index.php?rest_route=%2Fwp%2Fv2%2Fcategories&post=19513"},{"taxonomy":"post_tag","embeddable":true,"href":"https:\/\/www.rwg-bayreuth.de\/home\/index.php?rest_route=%2Fwp%2Fv2%2Ftags&post=19513"}],"curies":[{"name":"wp","href":"https:\/\/api.w.org\/{rel}","templated":true}]}}