{"id":19497,"date":"2018-07-27T11:28:00","date_gmt":"2018-07-27T09:28:00","guid":{"rendered":"http:\/\/www.rwg-bayreuth.de\/home\/?p=19497"},"modified":"2018-08-01T16:13:46","modified_gmt":"2018-08-01T14:13:46","slug":"19497","status":"publish","type":"post","link":"https:\/\/www.rwg-bayreuth.de\/home\/?p=19497","title":{"rendered":"Der Abschied fiel schwer"},"content":{"rendered":"<div id=\"attachment_19498\" style=\"width: 460px\" class=\"wp-caption aligncenter\"><a href=\"https:\/\/www.rwg-bayreuth.de\/home\/wp-content\/uploads\/2018\/07\/17-18-Verab-alle-450.jpg\"><img loading=\"lazy\" decoding=\"async\" aria-describedby=\"caption-attachment-19498\" src=\"https:\/\/www.rwg-bayreuth.de\/home\/wp-content\/uploads\/2018\/07\/17-18-Verab-alle-450.jpg\" alt=\"\" width=\"450\" height=\"351\" class=\"size-full wp-image-19498\" srcset=\"https:\/\/www.rwg-bayreuth.de\/home\/wp-content\/uploads\/2018\/07\/17-18-Verab-alle-450.jpg 450w, https:\/\/www.rwg-bayreuth.de\/home\/wp-content\/uploads\/2018\/07\/17-18-Verab-alle-450-250x195.jpg 250w\" sizes=\"(max-width: 450px) 100vw, 450px\" \/><\/a><p id=\"caption-attachment-19498\" class=\"wp-caption-text\">Hans Sperber (vorne links), Erika Sevestre (vorne Mitte) und Mathias Weber wurden bei ihrer Verabschiedung auch vom Elternbeirat mit Blumen bedacht.<\/p><\/div>\n<p>Mit unserem stellvertretenden Schulleiter Mathias Weber, mit Oberstufenbetreuerin Erika Sevestre und Hans Sperber, Fachbetreuer f\u00fcr Franz\u00f6sisch und lange Jahre Mitarbeiter in der Schulleitung, hat das RWG drei Lehrkr\u00e4fte in den Ruhestand verabschiedet, die die Schule entscheidend mitgepr\u00e4gt haben.<\/p>\n<p>So richtig kann es noch gar niemand glauben, dass die drei verdienten Kollegen im n\u00e4chsten Schuljahr nicht mehr im Lehrerzimmer, im Oberstufenzimmer und im Direktorat an ihren Schreibtischen sitzen werden. Alle waren \u00fcber drei\u00dfig Jahre an der Schule und sind eigentlich aus dem RWG nicht wegzudenken.<\/p>\n<p>Mathias Weber, der \u201eSt\u00e4ndige Stellvertretende Schulleiter\u201c, wie der offizielle Titel hei\u00dft, ist seit 1987 am RWG. Etwas Besonderes ist er schon deswegen, weil er als einziger Lehrer der Schule mit Geschichte, Geografie, Sozialkunde und Wirtschaft\/Recht vier F\u00e4cher unterrichten darf. Der Frage,  welches der F\u00e4cher sein Lieblingsfach sei, wich er bei den Verabschiedungsfeiern diplomatisch aus: Die Frage, wer die Sch\u00f6nste sei, sei bei der antiken Helena schon schief gegangen\u2026 <\/p>\n<div id=\"attachment_19503\" style=\"width: 460px\" class=\"wp-caption aligncenter\"><a href=\"https:\/\/www.rwg-bayreuth.de\/home\/wp-content\/uploads\/2018\/07\/17-18-Verab-Sch\u00fcler-450.jpg\"><img loading=\"lazy\" decoding=\"async\" aria-describedby=\"caption-attachment-19503\" src=\"https:\/\/www.rwg-bayreuth.de\/home\/wp-content\/uploads\/2018\/07\/17-18-Verab-Sch\u00fcler-450.jpg\" alt=\"\" width=\"450\" height=\"299\" class=\"size-full wp-image-19503\" srcset=\"https:\/\/www.rwg-bayreuth.de\/home\/wp-content\/uploads\/2018\/07\/17-18-Verab-Sch\u00fcler-450.jpg 450w, https:\/\/www.rwg-bayreuth.de\/home\/wp-content\/uploads\/2018\/07\/17-18-Verab-Sch\u00fcler-450-250x166.jpg 250w\" sizes=\"(max-width: 450px) 100vw, 450px\" \/><\/a><p id=\"caption-attachment-19503\" class=\"wp-caption-text\">Alle Sch\u00fcler waren zur Verabschiedung von Mathias Weber in die Turnhalle gekommen.<\/p><\/div>\n<p>\u00dcberhaupt ist an Mathias Weber ein Diplomat verloren gegangen: Dazu geh\u00f6ren nicht nur ein stets makelloses \u00e4u\u00dferes Erscheinungsbild, bei dem die Krawatte noch fest sitzt, wenn andere \u00fcber Hitzefrei nachdenken, sondern auch tadellose Manieren und vor allem Fingerspitzengef\u00fchl im Umgang mit Sch\u00fclern, Eltern und Kollegen. So schaffte er es, Wogen zu gl\u00e4tten, Konflikte zu entsch\u00e4rfen und so die Schule am Laufen zu halten. Hinzu kamen sein \u00fcberragendes Organisationsgeschick, welches daf\u00fcr sorgte, dass Personaleinteilungen und  b\u00fcrokratischer Schreibkram stets so erledigt wurden, dass die Schule zu allen Phasen des Schuljahres rund lief. <\/p>\n<p>Wie kein anderer hat es Mathias Weber geschafft, das Vertrauen der Sch\u00fcler zu erwerben. Er war f\u00fcr sie eine Respektsperson, aber eine, vor der man keine Angst haben musste. Deshalb dr\u00e4ngten sich in manchen Pausen Sch\u00fclertrauben vor oder in seinem B\u00fcro, sei es weil sie vorgeladen wurden, weil sie ein aus ihrer Sicht unaufschiebbares und wichtiges Anliegen vortragen wollten (\u201eF\u00e4llt heute die sechste Stunde aus\u2026?\u201c) oder um sich an der Bonbondose zu bedienen, die Herr Weber, wie ihn alle nannten, einige Zeit in seinem Zimmer aufbewahrte.<\/p>\n<div id=\"attachment_19499\" style=\"width: 460px\" class=\"wp-caption aligncenter\"><a href=\"https:\/\/www.rwg-bayreuth.de\/home\/wp-content\/uploads\/2018\/07\/17-18-Verab-Weber-solo-450.jpg\"><img loading=\"lazy\" decoding=\"async\" aria-describedby=\"caption-attachment-19499\" src=\"https:\/\/www.rwg-bayreuth.de\/home\/wp-content\/uploads\/2018\/07\/17-18-Verab-Weber-solo-450.jpg\" alt=\"\" width=\"450\" height=\"299\" class=\"size-full wp-image-19499\" srcset=\"https:\/\/www.rwg-bayreuth.de\/home\/wp-content\/uploads\/2018\/07\/17-18-Verab-Weber-solo-450.jpg 450w, https:\/\/www.rwg-bayreuth.de\/home\/wp-content\/uploads\/2018\/07\/17-18-Verab-Weber-solo-450-250x166.jpg 250w\" sizes=\"(max-width: 450px) 100vw, 450px\" \/><\/a><p id=\"caption-attachment-19499\" class=\"wp-caption-text\">Mattias Weber genoss es, noch einmal im Kreise seiner lieben Sch\u00fcler zu sitzen.<\/p><\/div>\n<p>Dies alles wurde am Verabschiedungstag gew\u00fcrdigt. Dazu hatte sich bereits am Vormittag die gesamte Sch\u00fclerschaft in der Turnhalle zu einer Vollversammlung getroffen, zu der Mathias Weber von Sch\u00fclern dazu gef\u00fchrt wurde, um von einem bequemen Sessel aus sein Sch\u00fclerabschiedsgeschenk zu genie\u00dfen: Die Sch\u00fcler hatten einen Film gedreht, bei dem Richard Wagner, der Namenspatron unserer Schule, h\u00f6chst selbst ans RWG kommt, um Herrn Weber zu suchen. So konnte er verschiedene Stimmen einfangen, die sich in einem einig waren, n\u00e4mlich dass Herr Weber der wohl beste Lehrer des RWG ist, den das RWG je hatte.<\/p>\n<div id=\"attachment_19510\" style=\"width: 460px\" class=\"wp-caption aligncenter\"><a href=\"https:\/\/www.rwg-bayreuth.de\/home\/wp-content\/uploads\/2018\/07\/17-18-Verab-Wb-Sch\u00fcler-450.jpg\"><img loading=\"lazy\" decoding=\"async\" aria-describedby=\"caption-attachment-19510\" src=\"https:\/\/www.rwg-bayreuth.de\/home\/wp-content\/uploads\/2018\/07\/17-18-Verab-Wb-Sch\u00fcler-450.jpg\" alt=\"\" width=\"450\" height=\"301\" class=\"size-full wp-image-19510\" srcset=\"https:\/\/www.rwg-bayreuth.de\/home\/wp-content\/uploads\/2018\/07\/17-18-Verab-Wb-Sch\u00fcler-450.jpg 450w, https:\/\/www.rwg-bayreuth.de\/home\/wp-content\/uploads\/2018\/07\/17-18-Verab-Wb-Sch\u00fcler-450-250x167.jpg 250w\" sizes=\"(max-width: 450px) 100vw, 450px\" \/><\/a><p id=\"caption-attachment-19510\" class=\"wp-caption-text\">Herr Weber hatte stets ein offenes Ohr f\u00fcr die Sch\u00fcler &#8211; deshalb liebten ihn alle.<\/p><\/div>\n<p>Sein Abschied in den Ruhestand ist nicht der einzige, den das RWG in diesem Schuljahr zu verkraften hat: Mit Erika Sevestre, Lehrerin f\u00fcr Sport und Franz\u00f6sisch, verl\u00e4sst die langj\u00e4hrige Oberstufenkoordinatorin das RWG, an dem sie schier unglaubliche 37 Jahre lang Lehrerin gewesen ist \u2013 ein wohl einzigartiger Rekord. Besonders gew\u00fcrdigt wurde ihr stets offenes Ohr, was alle Sch\u00fclerangelegenheiten betrifft und ihre schier unerm\u00fcdliche Hilfsbereitschaft und Geduld im Umgang mit den Kollegen.<\/p>\n<div id=\"attachment_19507\" style=\"width: 460px\" class=\"wp-caption aligncenter\"><a href=\"https:\/\/www.rwg-bayreuth.de\/home\/wp-content\/uploads\/2018\/07\/17-18-Verab-Sr-Se-450.jpg\"><img loading=\"lazy\" decoding=\"async\" aria-describedby=\"caption-attachment-19507\" src=\"https:\/\/www.rwg-bayreuth.de\/home\/wp-content\/uploads\/2018\/07\/17-18-Verab-Sr-Se-450.jpg\" alt=\"\" width=\"450\" height=\"372\" class=\"size-full wp-image-19507\" srcset=\"https:\/\/www.rwg-bayreuth.de\/home\/wp-content\/uploads\/2018\/07\/17-18-Verab-Sr-Se-450.jpg 450w, https:\/\/www.rwg-bayreuth.de\/home\/wp-content\/uploads\/2018\/07\/17-18-Verab-Sr-Se-450-250x207.jpg 250w\" sizes=\"(max-width: 450px) 100vw, 450px\" \/><\/a><p id=\"caption-attachment-19507\" class=\"wp-caption-text\">Erika Sevestre (links) und Hans Sperber (rechts) waren \u00fcber drei\u00dfig Jahre am RWG.<\/p><\/div>\n<p>Wenn sie als gut trainierte Sportlehrerin mit stets emsigen Schritten durch die Korridore der Schule sprintete, um hier und da gleichzeitig zu sein, ist das Lebensmotto von Hans Sperber, dass mit heiterer Gelassenheit, Ruhe und \u00dcberblick alles leichter geht. Diese Einstellung half ihm in seinen Jahren als Mitarbeiter in der Schulleitung, aber auch in seiner T\u00e4tigkeit als Fachbetreuer f\u00fcr Franz\u00f6sisch, was die Arbeit mit den Kollegen betrifft, aber besonders im t\u00e4glichen Umgang mit den Sch\u00fclern. Er unterrichtete sie in Englisch und Franz\u00f6sisch, aber es ist ein offenes Geheimnis, dass seine gro\u00dfe Liebe Frankreich geh\u00f6rt und er es verstand davon viel an die Sch\u00fcler weiterzugeben. Man munkelt von einer gut gef\u00fcllten Sch\u00fclerliste, die im n\u00e4chsten Schuljahr mit Herrn Sperber Konversation betreiben wollen \u2013 auf Franz\u00f6sisch nat\u00fcrlich.<\/p>\n<div id=\"attachment_19501\" style=\"width: 460px\" class=\"wp-caption aligncenter\"><a href=\"https:\/\/www.rwg-bayreuth.de\/home\/wp-content\/uploads\/2018\/07\/17-18-Verab-Kuchen-450.jpg\"><img loading=\"lazy\" decoding=\"async\" aria-describedby=\"caption-attachment-19501\" src=\"https:\/\/www.rwg-bayreuth.de\/home\/wp-content\/uploads\/2018\/07\/17-18-Verab-Kuchen-450.jpg\" alt=\"\" width=\"450\" height=\"338\" class=\"size-full wp-image-19501\" srcset=\"https:\/\/www.rwg-bayreuth.de\/home\/wp-content\/uploads\/2018\/07\/17-18-Verab-Kuchen-450.jpg 450w, https:\/\/www.rwg-bayreuth.de\/home\/wp-content\/uploads\/2018\/07\/17-18-Verab-Kuchen-450-250x188.jpg 250w\" sizes=\"(max-width: 450px) 100vw, 450px\" \/><\/a><p id=\"caption-attachment-19501\" class=\"wp-caption-text\">Herr Weber musste die Abschiedstorte anschneiden, die die Sch\u00fcler gebacken hatten.<\/p><\/div>\n<p>F\u00fcr die vielen Gl\u00fcckw\u00fcnsche, die vielen Verabschiedungsreden und die vielen r\u00fchrenden, aber oft auch heiteren Erinnerungen revanchierten sie sich beim Kollegium mit einem \u00fcppigen Abschiedsessen, zu dem sie in die Aula einluden. Herr Weber durfte im Gang seine Verabschiedungstorte anschneiden und alle konnten sich am gro\u00dfz\u00fcgigen B\u00fcfett bedienen. <\/p>\n<div id=\"attachment_19502\" style=\"width: 460px\" class=\"wp-caption aligncenter\"><a href=\"https:\/\/www.rwg-bayreuth.de\/home\/wp-content\/uploads\/2018\/07\/17-18-Verab-Pausenhof-450.jpg\"><img loading=\"lazy\" decoding=\"async\" aria-describedby=\"caption-attachment-19502\" src=\"https:\/\/www.rwg-bayreuth.de\/home\/wp-content\/uploads\/2018\/07\/17-18-Verab-Pausenhof-450.jpg\" alt=\"\" width=\"450\" height=\"338\" class=\"size-full wp-image-19502\" srcset=\"https:\/\/www.rwg-bayreuth.de\/home\/wp-content\/uploads\/2018\/07\/17-18-Verab-Pausenhof-450.jpg 450w, https:\/\/www.rwg-bayreuth.de\/home\/wp-content\/uploads\/2018\/07\/17-18-Verab-Pausenhof-450-250x188.jpg 250w\" sizes=\"(max-width: 450px) 100vw, 450px\" \/><\/a><p id=\"caption-attachment-19502\" class=\"wp-caption-text\">Auf dem Pausenhof wurde bis in die Nacht hinein gefeiert.<\/p><\/div>\n<p>Lustig wurde es anschlie\u00dfend im Pausenhof, wo die Fachschaften die drei Pensionisten feierten. Auch wenn sie es wahrscheinlich noch gar nicht fassen konnten, &#8211; ihre Unterschrift unter die offizielle Urkunde des Staatsministeriums f\u00fcr Unterricht und Kultus, die sie vor versammelter Lehrermannschaft auf ihrer letzten Konferenz schon am Vormittag geleistet hatten, machte es endg\u00fcltig: Mathias Weber, Erika Sevestre und Hans Sperber sind im Ruhestand.<\/p>\n","protected":false},"excerpt":{"rendered":"<p>Mit unserem stellvertretenden Schulleiter Mathias Weber, mit Oberstufenbetreuerin Erika Sevestre und Hans Sperber, Fachbetreuer f\u00fcr Franz\u00f6sisch und lange Jahre Mitarbeiter in der Schulleitung, hat das RWG drei Lehrkr\u00e4fte in den Ruhestand verabschiedet, die die Schule entscheidend mitgepr\u00e4gt haben. So richtig kann es noch gar niemand glauben, dass die drei verdienten Kollegen im n\u00e4chsten Schuljahr nicht&hellip;<\/p>\n","protected":false},"author":1,"featured_media":19498,"comment_status":"closed","ping_status":"closed","sticky":false,"template":"","format":"standard","meta":{"footnotes":""},"categories":[1],"tags":[51],"_links":{"self":[{"href":"https:\/\/www.rwg-bayreuth.de\/home\/index.php?rest_route=\/wp\/v2\/posts\/19497"}],"collection":[{"href":"https:\/\/www.rwg-bayreuth.de\/home\/index.php?rest_route=\/wp\/v2\/posts"}],"about":[{"href":"https:\/\/www.rwg-bayreuth.de\/home\/index.php?rest_route=\/wp\/v2\/types\/post"}],"author":[{"embeddable":true,"href":"https:\/\/www.rwg-bayreuth.de\/home\/index.php?rest_route=\/wp\/v2\/users\/1"}],"replies":[{"embeddable":true,"href":"https:\/\/www.rwg-bayreuth.de\/home\/index.php?rest_route=%2Fwp%2Fv2%2Fcomments&post=19497"}],"version-history":[{"count":10,"href":"https:\/\/www.rwg-bayreuth.de\/home\/index.php?rest_route=\/wp\/v2\/posts\/19497\/revisions"}],"predecessor-version":[{"id":19563,"href":"https:\/\/www.rwg-bayreuth.de\/home\/index.php?rest_route=\/wp\/v2\/posts\/19497\/revisions\/19563"}],"wp:featuredmedia":[{"embeddable":true,"href":"https:\/\/www.rwg-bayreuth.de\/home\/index.php?rest_route=\/wp\/v2\/media\/19498"}],"wp:attachment":[{"href":"https:\/\/www.rwg-bayreuth.de\/home\/index.php?rest_route=%2Fwp%2Fv2%2Fmedia&parent=19497"}],"wp:term":[{"taxonomy":"category","embeddable":true,"href":"https:\/\/www.rwg-bayreuth.de\/home\/index.php?rest_route=%2Fwp%2Fv2%2Fcategories&post=19497"},{"taxonomy":"post_tag","embeddable":true,"href":"https:\/\/www.rwg-bayreuth.de\/home\/index.php?rest_route=%2Fwp%2Fv2%2Ftags&post=19497"}],"curies":[{"name":"wp","href":"https:\/\/api.w.org\/{rel}","templated":true}]}}