{"id":19379,"date":"2018-07-11T08:37:42","date_gmt":"2018-07-11T06:37:42","guid":{"rendered":"http:\/\/www.rwg-bayreuth.de\/home\/?p=19379"},"modified":"2019-01-25T11:25:39","modified_gmt":"2019-01-25T10:25:39","slug":"ein-packender-vortrag-von-zweitzeugen","status":"publish","type":"post","link":"https:\/\/www.rwg-bayreuth.de\/home\/?p=19379","title":{"rendered":"Ein packender Vortrag von &#8222;Zweitzeugen&#8220;"},"content":{"rendered":"<div id=\"attachment_19380\" style=\"width: 460px\" class=\"wp-caption aligncenter\"><a href=\"https:\/\/www.rwg-bayreuth.de\/home\/wp-content\/uploads\/2018\/07\/17-18-Zweitzeugen-Zuh\u00f6rer-450.jpg\"><img loading=\"lazy\" decoding=\"async\" aria-describedby=\"caption-attachment-19380\" src=\"https:\/\/www.rwg-bayreuth.de\/home\/wp-content\/uploads\/2018\/07\/17-18-Zweitzeugen-Zuh\u00f6rer-450.jpg\" alt=\"\" class=\"size-full wp-image-19380\" width=\"450\" height=\"311\" srcset=\"https:\/\/www.rwg-bayreuth.de\/home\/wp-content\/uploads\/2018\/07\/17-18-Zweitzeugen-Zuh\u00f6rer-450.jpg 450w, https:\/\/www.rwg-bayreuth.de\/home\/wp-content\/uploads\/2018\/07\/17-18-Zweitzeugen-Zuh\u00f6rer-450-250x173.jpg 250w\" sizes=\"(max-width: 450px) 100vw, 450px\" \/><\/a><p id=\"caption-attachment-19380\" class=\"wp-caption-text\">Die bewegende Lebensgeschichte von Erna de Vries fesselte die Zuh\u00f6rer.<\/p><\/div>\n<p>Die Klasse 9b des MWG war an unserer Schule zu Gast, um \u00fcber ein Holocaust-Schicksal zu berichten.<\/p>\n<p>Das Projekt \u201eHEIMATSUCHER e.V.\u201c interviewt Zeitzeug*innen des Holocausts, dokumentiert ihre Geschichten und erz\u00e4hlt sie dann in Schulklassen und ihrer Ausstellung weiter. Der \u00dcberlebende Elie Wiesel sagte einmal: \u00bbJeder, der heute einem Zeitzeugen zuh\u00f6rt, wird selbst ein Zeuge werden.\u00ab Und so sehen die \u201eHeimatsucher\u201c ihren Auftrag darin, als \u00bbZweitzeug*innen\u00ab, (junge) Menschen stark gegen jegliche Art von Rassismus und Fremdenfeindlichkeit zu machen.<\/p>\n<p>Die Sch\u00fcler*innen der Klasse 9b des MWG waren so beeindruckt von diesem Projekt, an dem sie an ihrer Schule teilgenommen hatten, dass sie beschlossen, auch zu \u201eZweitzeugen\u201c zu werden und boten sich an, zwei 9. Klassen des RWG zu besuchen und im Rahmen des Geschichts- und Sozialkundeunterricht \u00fcber das Leben einer Holocaust-\u00dcberlebenden zu berichten.<\/p>\n<div id=\"attachment_19381\" style=\"width: 460px\" class=\"wp-caption aligncenter\"><a href=\"https:\/\/www.rwg-bayreuth.de\/home\/wp-content\/uploads\/2018\/07\/17-18-Zweitzeugen-Vortrag-450.jpg\"><img loading=\"lazy\" decoding=\"async\" aria-describedby=\"caption-attachment-19381\" src=\"https:\/\/www.rwg-bayreuth.de\/home\/wp-content\/uploads\/2018\/07\/17-18-Zweitzeugen-Vortrag-450.jpg\" alt=\"\" class=\"size-full wp-image-19381\" width=\"450\" height=\"298\" srcset=\"https:\/\/www.rwg-bayreuth.de\/home\/wp-content\/uploads\/2018\/07\/17-18-Zweitzeugen-Vortrag-450.jpg 450w, https:\/\/www.rwg-bayreuth.de\/home\/wp-content\/uploads\/2018\/07\/17-18-Zweitzeugen-Vortrag-450-250x166.jpg 250w\" sizes=\"(max-width: 450px) 100vw, 450px\" \/><\/a><p id=\"caption-attachment-19381\" class=\"wp-caption-text\">Als &#8222;Zweitzeugen&#8220; waren Sch\u00fclerinnen des MWG gekommen.<\/p><\/div>\n<p>Die Gruppe von insgesamt 22 Sch\u00fclern und Sch\u00fclerinnen der Klasse 9b unter der Leitung ihrer Geschichtslehrerin, Frau Gosslar, hielt mit Hilfe von Filmaufnahmen, dem Interview mit der \u00dcberlebenden Erna de Vries und eigenen Notizen einen sehr packenden und ergreifenden Vortrag \u00fcber die Biografie der von den Nationalsozialisten gepeinigten und verfolgten jungen Frau.<\/p>\n<p>Die Klasse hatte auch einen Flyer \u00fcber das Leben von Erna de Vries f\u00fcr uns dabei, den sie selbst verfasst und gestaltet hatten. Abschlie\u00dfend sollten die Zuh\u00f6rer ihre Impressionen \u00fcber das Geh\u00f6rte aufschreiben und vorlesen und wurden auch darum gebeten, diese in Briefform an die \u00dcberlebende zu schicken.<br \/>\nWir waren alle sehr betroffen von dem schrecklichen Schicksal der noch lebenden Zeitzeugin und sehr beeindruckt vom Vortrag der MWGler \u00fcber sie. Wir fanden es sch\u00f6n, dass eine solche Begegnung zwischen beiden Schulen stattgefunden hat und hoffentlich auch in Zukunft geben wird.<\/p>\n<p>Vielleicht findet sich auch an unserer Schule eine Gruppe von Sch\u00fclern und Sch\u00fclerinnen, die zu \u201eZweitzeugen\u201c werden wollen und so einen Beitrag gegen Rassismus leisten und an die Verfolgungen der Juden im Nationalsozialismus erinnern.<\/p>\n<p><em>Maria Herrmann-Maier<\/em><\/p>\n","protected":false},"excerpt":{"rendered":"<p>Die Klasse 9b des MWG war an unserer Schule zu Gast, um \u00fcber ein Holocaust-Schicksal zu berichten. Das Projekt \u201eHEIMATSUCHER e.V.\u201c interviewt Zeitzeug*innen des Holocausts, dokumentiert ihre Geschichten und erz\u00e4hlt sie dann in Schulklassen und ihrer Ausstellung weiter. Der \u00dcberlebende Elie Wiesel sagte einmal: \u00bbJeder, der heute einem Zeitzeugen zuh\u00f6rt, wird selbst ein Zeuge werden.\u00ab&hellip;<\/p>\n","protected":false},"author":1,"featured_media":19380,"comment_status":"closed","ping_status":"closed","sticky":false,"template":"","format":"standard","meta":{"footnotes":""},"categories":[1],"tags":[90,51],"_links":{"self":[{"href":"https:\/\/www.rwg-bayreuth.de\/home\/index.php?rest_route=\/wp\/v2\/posts\/19379"}],"collection":[{"href":"https:\/\/www.rwg-bayreuth.de\/home\/index.php?rest_route=\/wp\/v2\/posts"}],"about":[{"href":"https:\/\/www.rwg-bayreuth.de\/home\/index.php?rest_route=\/wp\/v2\/types\/post"}],"author":[{"embeddable":true,"href":"https:\/\/www.rwg-bayreuth.de\/home\/index.php?rest_route=\/wp\/v2\/users\/1"}],"replies":[{"embeddable":true,"href":"https:\/\/www.rwg-bayreuth.de\/home\/index.php?rest_route=%2Fwp%2Fv2%2Fcomments&post=19379"}],"version-history":[{"count":2,"href":"https:\/\/www.rwg-bayreuth.de\/home\/index.php?rest_route=\/wp\/v2\/posts\/19379\/revisions"}],"predecessor-version":[{"id":20360,"href":"https:\/\/www.rwg-bayreuth.de\/home\/index.php?rest_route=\/wp\/v2\/posts\/19379\/revisions\/20360"}],"wp:featuredmedia":[{"embeddable":true,"href":"https:\/\/www.rwg-bayreuth.de\/home\/index.php?rest_route=\/wp\/v2\/media\/19380"}],"wp:attachment":[{"href":"https:\/\/www.rwg-bayreuth.de\/home\/index.php?rest_route=%2Fwp%2Fv2%2Fmedia&parent=19379"}],"wp:term":[{"taxonomy":"category","embeddable":true,"href":"https:\/\/www.rwg-bayreuth.de\/home\/index.php?rest_route=%2Fwp%2Fv2%2Fcategories&post=19379"},{"taxonomy":"post_tag","embeddable":true,"href":"https:\/\/www.rwg-bayreuth.de\/home\/index.php?rest_route=%2Fwp%2Fv2%2Ftags&post=19379"}],"curies":[{"name":"wp","href":"https:\/\/api.w.org\/{rel}","templated":true}]}}