{"id":19319,"date":"2018-07-01T11:02:08","date_gmt":"2018-07-01T09:02:08","guid":{"rendered":"http:\/\/www.rwg-bayreuth.de\/home\/?p=19319"},"modified":"2018-07-03T14:56:32","modified_gmt":"2018-07-03T12:56:32","slug":"die-neuen-chancen-nutzen","status":"publish","type":"post","link":"https:\/\/www.rwg-bayreuth.de\/home\/?p=19319","title":{"rendered":"&#8222;Die neuen Chancen nutzen!&#8220;"},"content":{"rendered":"<div id=\"attachment_19320\" style=\"width: 1034px\" class=\"wp-caption aligncenter\"><a href=\"https:\/\/www.rwg-bayreuth.de\/home\/wp-content\/uploads\/2018\/07\/17-18-Abi-Gruppe-1024.jpg\"><img loading=\"lazy\" decoding=\"async\" aria-describedby=\"caption-attachment-19320\" class=\"size-full wp-image-19320\" src=\"https:\/\/www.rwg-bayreuth.de\/home\/wp-content\/uploads\/2018\/07\/17-18-Abi-Gruppe-1024.jpg\" alt=\"\" width=\"1024\" height=\"371\" srcset=\"https:\/\/www.rwg-bayreuth.de\/home\/wp-content\/uploads\/2018\/07\/17-18-Abi-Gruppe-1024.jpg 1024w, https:\/\/www.rwg-bayreuth.de\/home\/wp-content\/uploads\/2018\/07\/17-18-Abi-Gruppe-1024-450x163.jpg 450w, https:\/\/www.rwg-bayreuth.de\/home\/wp-content\/uploads\/2018\/07\/17-18-Abi-Gruppe-1024-768x278.jpg 768w, https:\/\/www.rwg-bayreuth.de\/home\/wp-content\/uploads\/2018\/07\/17-18-Abi-Gruppe-1024-250x91.jpg 250w\" sizes=\"(max-width: 1024px) 100vw, 1024px\" \/><\/a><p id=\"caption-attachment-19320\" class=\"wp-caption-text\">Der Abijahrgang 2018 erzielte ausgezeichnete Resultate. (<em>Foto: D\u00f6rfler)<\/em><\/p><\/div>\n<p>Mit ausgezeichneten Ergebnissen haben die diesj\u00e4hrigen Abiturienten die Abiturpr\u00fcfung 2018 abgelegt.<\/p>\n<p>Wie stellvertretender Schulleiter Mathias Weber in seiner Abschlussrede herausstellte, gab es heuer 92 erfolgreiche Abiturientinnen und Abiturienten. Der Abi-Schnitt kann sich mit 2,19 sehen lassen. Was die Breite der Spitzenleistungen betrifft, schnitt das RWG sehr gut ab: 38-mal gab es eine Eins vor dem Komma, viermal sogar die Note 1,0.<\/p>\n<div id=\"attachment_19321\" style=\"width: 460px\" class=\"wp-caption aligncenter\"><a href=\"https:\/\/www.rwg-bayreuth.de\/home\/wp-content\/uploads\/2018\/07\/17-18-Abi-Weber-450.jpg\"><img loading=\"lazy\" decoding=\"async\" aria-describedby=\"caption-attachment-19321\" class=\"size-full wp-image-19321\" src=\"https:\/\/www.rwg-bayreuth.de\/home\/wp-content\/uploads\/2018\/07\/17-18-Abi-Weber-450.jpg\" alt=\"\" width=\"450\" height=\"338\" srcset=\"https:\/\/www.rwg-bayreuth.de\/home\/wp-content\/uploads\/2018\/07\/17-18-Abi-Weber-450.jpg 450w, https:\/\/www.rwg-bayreuth.de\/home\/wp-content\/uploads\/2018\/07\/17-18-Abi-Weber-450-250x188.jpg 250w\" sizes=\"(max-width: 450px) 100vw, 450px\" \/><\/a><p id=\"caption-attachment-19321\" class=\"wp-caption-text\">Stellvertretender Schulleiter Mathisa Weber lobte den Abiturientenjahrgang.<\/p><\/div>\n<p>Mathias Weber stellte heraus, das ihm der Jahrgang nicht nur wegen der Noten besonders ans Herz gewachsen sei. In seinem \u00dcberblick \u00fcber den schulischen Werdegang erl\u00e4uterte er, dass sich die Sch\u00fcler schon in der Mittelstufe immer wieder um das Schulleben verdient gemacht h\u00e4tten, sei es bei Wettbewerben, in der Kunst, beim Theater, bei der Ausgestaltung schulischer Veranstaltungen und besonders bei der Tutorenarbeit: \u201eSie alle pr\u00e4gten das freundliche Gesicht des RWG mit\u201c, sagte Weber.<\/p>\n<p>Wenn es jetzt Abschied nehmen hei\u00dfe, w\u00fcnsche er sich nicht allzu viel wehm\u00fctige Stimmung: In jedem Abschied liege eine neue M\u00f6glichkeit. Weber versuchte alle Bedenken zu zerstreuen, man k\u00f6nne es m\u00f6glicherweise nicht schaffen. \u201eAm RWG haben Sie die besten Voraussetzungen erhalten\u201c, sagte Weber und verwies auf die gelungenen Lebenswege vieler ehemaliger Sch\u00fcler. An die Abiturienten gewandt sagte Weber: \u201eSie geh\u00f6ren zu den Leistungsf\u00e4higen und werden diese Chance nutzen!\u201c<\/p>\n<div id=\"attachment_19322\" style=\"width: 460px\" class=\"wp-caption aligncenter\"><a href=\"https:\/\/www.rwg-bayreuth.de\/home\/wp-content\/uploads\/2018\/07\/17-18-Abi-Str\u00f6hla-450.jpg\"><img loading=\"lazy\" decoding=\"async\" aria-describedby=\"caption-attachment-19322\" class=\"size-full wp-image-19322\" src=\"https:\/\/www.rwg-bayreuth.de\/home\/wp-content\/uploads\/2018\/07\/17-18-Abi-Str\u00f6hla-450.jpg\" alt=\"\" width=\"450\" height=\"313\" srcset=\"https:\/\/www.rwg-bayreuth.de\/home\/wp-content\/uploads\/2018\/07\/17-18-Abi-Str\u00f6hla-450.jpg 450w, https:\/\/www.rwg-bayreuth.de\/home\/wp-content\/uploads\/2018\/07\/17-18-Abi-Str\u00f6hla-450-250x174.jpg 250w\" sizes=\"(max-width: 450px) 100vw, 450px\" \/><\/a><p id=\"caption-attachment-19322\" class=\"wp-caption-text\">Oberstufenkoordinator Christian Str\u00f6hla lie\u00df die Schulzeit der Abiturienten Revue passieren.<\/p><\/div>\n<p>Oberstufenbetreuer Christian Str\u00f6hla versuchte den Werdegang seiner Sch\u00fctzlinge in Zahlen auszudr\u00fccken: Rund 20.000 Schulstunden und rund 32 Klausuren in den letzten beiden Jahren &#8211; das Abitur nicht eingerechnet &#8211; seien bemerkenswert. Was davon bleibe, sei vor allem die Bildung, die unabh\u00e4ngig vom Abiturschnitt erworben worden sei. Sie habe sich in den letzten Jahren immer dann gezeigt, wenn die jetzigen Abiturienten Verantwortung \u00fcbernommen h\u00e4tten, am Schulleben nicht nur teilzuhaben, sondern es auch zu gestalten.<\/p>\n<div id=\"attachment_19323\" style=\"width: 460px\" class=\"wp-caption aligncenter\"><a href=\"https:\/\/www.rwg-bayreuth.de\/home\/wp-content\/uploads\/2018\/07\/17-18-Abirede-Sch\u00fcler-450.jpg\"><img loading=\"lazy\" decoding=\"async\" aria-describedby=\"caption-attachment-19323\" class=\"size-full wp-image-19323\" src=\"https:\/\/www.rwg-bayreuth.de\/home\/wp-content\/uploads\/2018\/07\/17-18-Abirede-Sch\u00fcler-450.jpg\" alt=\"\" width=\"450\" height=\"328\" srcset=\"https:\/\/www.rwg-bayreuth.de\/home\/wp-content\/uploads\/2018\/07\/17-18-Abirede-Sch\u00fcler-450.jpg 450w, https:\/\/www.rwg-bayreuth.de\/home\/wp-content\/uploads\/2018\/07\/17-18-Abirede-Sch\u00fcler-450-250x182.jpg 250w\" sizes=\"(max-width: 450px) 100vw, 450px\" \/><\/a><p id=\"caption-attachment-19323\" class=\"wp-caption-text\">Die Abiturrede hielten Jessica Brandt und Christina Revenko.<\/p><\/div>\n<p>In ihrer Abiturrede stellten Jessica Brand und Christina Revenko heraus, dass f\u00fcr sie die Schule mehr als nur eine \u201eAnstalt\u201c gewesen sei. Das RWG habe sie bis ins Erwachsenenalter begleitet. Sie habe Wissen vermittelt, aber auch Werte. Jetzt sei man frei, das Leben eigenverantwortlich zu gestalten. Dank gelte den Lehrern, aber auch den Eltern, nicht zuletzt f\u00fcr das Daumendr\u00fccken und die Unterst\u00fctzung beim Abitur.<\/p>\n<div id=\"attachment_19324\" style=\"width: 460px\" class=\"wp-caption aligncenter\"><a href=\"https:\/\/www.rwg-bayreuth.de\/home\/wp-content\/uploads\/2018\/07\/17-18-Abi-F\u00e4rber-450.jpg\"><img loading=\"lazy\" decoding=\"async\" aria-describedby=\"caption-attachment-19324\" class=\"size-full wp-image-19324\" src=\"https:\/\/www.rwg-bayreuth.de\/home\/wp-content\/uploads\/2018\/07\/17-18-Abi-F\u00e4rber-450.jpg\" alt=\"\" width=\"450\" height=\"312\" srcset=\"https:\/\/www.rwg-bayreuth.de\/home\/wp-content\/uploads\/2018\/07\/17-18-Abi-F\u00e4rber-450.jpg 450w, https:\/\/www.rwg-bayreuth.de\/home\/wp-content\/uploads\/2018\/07\/17-18-Abi-F\u00e4rber-450-250x173.jpg 250w\" sizes=\"(max-width: 450px) 100vw, 450px\" \/><\/a><p id=\"caption-attachment-19324\" class=\"wp-caption-text\">Auch f\u00fcr die Eltern war das Abitur aufregend, meinte F\u00fcrgen F\u00e4rber vom Elternbeirat.<\/p><\/div>\n<p>Auch der Vorsitzende des RWG-Elternbeirates, J\u00fcrgen F\u00e4rber, hatte diesen Gedanken aufgegriffen: Mit Erleichterung und nach vielen unfreiwilligen Lektionen, die man als Eltern bei der Abiturvorbereitung mitlernen musste, stehe nun f\u00fcr die Eltern eine neue Lektion an: Man m\u00fcsse nun lernen loszulassen, wenn die Kinder jetzt erwachsen seien.<\/p>\n<div id=\"attachment_19325\" style=\"width: 460px\" class=\"wp-caption aligncenter\"><a href=\"https:\/\/www.rwg-bayreuth.de\/home\/wp-content\/uploads\/2018\/07\/17-18-Abi-Hurra-450.jpg\"><img loading=\"lazy\" decoding=\"async\" aria-describedby=\"caption-attachment-19325\" class=\"size-full wp-image-19325\" src=\"https:\/\/www.rwg-bayreuth.de\/home\/wp-content\/uploads\/2018\/07\/17-18-Abi-Hurra-450.jpg\" alt=\"\" width=\"450\" height=\"302\" srcset=\"https:\/\/www.rwg-bayreuth.de\/home\/wp-content\/uploads\/2018\/07\/17-18-Abi-Hurra-450.jpg 450w, https:\/\/www.rwg-bayreuth.de\/home\/wp-content\/uploads\/2018\/07\/17-18-Abi-Hurra-450-250x168.jpg 250w\" sizes=\"(max-width: 450px) 100vw, 450px\" \/><\/a><p id=\"caption-attachment-19325\" class=\"wp-caption-text\">Hurra &#8211; das Abi ist geschafft!<\/p><\/div>\n<p>Gro\u00dfe Freude herrschte dann bei der Verleihung der Abiturzeugnisse. Auch wenn die Kommazahl bereits bekannt war, f\u00fchlt es sich doch noch einmal anders an, wenn man den Umschlag in H\u00e4nden halten kann. Besonders geehrt wurden nicht nur die Besten des Jahrgangs, sondern auch etliche Sch\u00fcler f\u00fcr herausragende Leistungen in den Naturwissenschaften und Sprachen.<\/p>\n<div id=\"attachment_19326\" style=\"width: 460px\" class=\"wp-caption aligncenter\"><a href=\"https:\/\/www.rwg-bayreuth.de\/home\/wp-content\/uploads\/2018\/07\/17-18-Abi-Beste-450.jpg\"><img loading=\"lazy\" decoding=\"async\" aria-describedby=\"caption-attachment-19326\" class=\"size-full wp-image-19326\" src=\"https:\/\/www.rwg-bayreuth.de\/home\/wp-content\/uploads\/2018\/07\/17-18-Abi-Beste-450.jpg\" alt=\"\" width=\"450\" height=\"295\" srcset=\"https:\/\/www.rwg-bayreuth.de\/home\/wp-content\/uploads\/2018\/07\/17-18-Abi-Beste-450.jpg 450w, https:\/\/www.rwg-bayreuth.de\/home\/wp-content\/uploads\/2018\/07\/17-18-Abi-Beste-450-250x164.jpg 250w\" sizes=\"(max-width: 450px) 100vw, 450px\" \/><\/a><p id=\"caption-attachment-19326\" class=\"wp-caption-text\">Eine besondere Ehrung erfuhren die Besten des Jahrgangs und die Tr\u00e4ger der Sonderpreise.<\/p><\/div>\n","protected":false},"excerpt":{"rendered":"<p>Mit ausgezeichneten Ergebnissen haben die diesj\u00e4hrigen Abiturienten die Abiturpr\u00fcfung 2018 abgelegt. Wie stellvertretender Schulleiter Mathias Weber in seiner Abschlussrede herausstellte, gab es heuer 92 erfolgreiche Abiturientinnen und Abiturienten. Der Abi-Schnitt kann sich mit 2,19 sehen lassen. Was die Breite der Spitzenleistungen betrifft, schnitt das RWG sehr gut ab: 38-mal gab es eine Eins vor dem&hellip;<\/p>\n","protected":false},"author":1,"featured_media":19320,"comment_status":"closed","ping_status":"closed","sticky":false,"template":"","format":"standard","meta":{"footnotes":""},"categories":[1],"tags":[51],"_links":{"self":[{"href":"https:\/\/www.rwg-bayreuth.de\/home\/index.php?rest_route=\/wp\/v2\/posts\/19319"}],"collection":[{"href":"https:\/\/www.rwg-bayreuth.de\/home\/index.php?rest_route=\/wp\/v2\/posts"}],"about":[{"href":"https:\/\/www.rwg-bayreuth.de\/home\/index.php?rest_route=\/wp\/v2\/types\/post"}],"author":[{"embeddable":true,"href":"https:\/\/www.rwg-bayreuth.de\/home\/index.php?rest_route=\/wp\/v2\/users\/1"}],"replies":[{"embeddable":true,"href":"https:\/\/www.rwg-bayreuth.de\/home\/index.php?rest_route=%2Fwp%2Fv2%2Fcomments&post=19319"}],"version-history":[{"count":8,"href":"https:\/\/www.rwg-bayreuth.de\/home\/index.php?rest_route=\/wp\/v2\/posts\/19319\/revisions"}],"predecessor-version":[{"id":19345,"href":"https:\/\/www.rwg-bayreuth.de\/home\/index.php?rest_route=\/wp\/v2\/posts\/19319\/revisions\/19345"}],"wp:featuredmedia":[{"embeddable":true,"href":"https:\/\/www.rwg-bayreuth.de\/home\/index.php?rest_route=\/wp\/v2\/media\/19320"}],"wp:attachment":[{"href":"https:\/\/www.rwg-bayreuth.de\/home\/index.php?rest_route=%2Fwp%2Fv2%2Fmedia&parent=19319"}],"wp:term":[{"taxonomy":"category","embeddable":true,"href":"https:\/\/www.rwg-bayreuth.de\/home\/index.php?rest_route=%2Fwp%2Fv2%2Fcategories&post=19319"},{"taxonomy":"post_tag","embeddable":true,"href":"https:\/\/www.rwg-bayreuth.de\/home\/index.php?rest_route=%2Fwp%2Fv2%2Ftags&post=19319"}],"curies":[{"name":"wp","href":"https:\/\/api.w.org\/{rel}","templated":true}]}}