{"id":19267,"date":"2018-06-26T22:55:46","date_gmt":"2018-06-26T20:55:46","guid":{"rendered":"http:\/\/www.rwg-bayreuth.de\/home\/?p=19267"},"modified":"2020-03-13T17:23:53","modified_gmt":"2020-03-13T16:23:53","slug":"ein-musikalisches-feuerwerk","status":"publish","type":"post","link":"https:\/\/www.rwg-bayreuth.de\/home\/?p=19267","title":{"rendered":"Ein musikalisches Feuerwerk"},"content":{"rendered":"<div id=\"attachment_19268\" style=\"width: 1034px\" class=\"wp-caption aligncenter\"><a href=\"https:\/\/www.rwg-bayreuth.de\/home\/wp-content\/uploads\/2018\/06\/17-18-Sommerkonz-GrChor-1024.jpg\"><img loading=\"lazy\" decoding=\"async\" aria-describedby=\"caption-attachment-19268\" src=\"https:\/\/www.rwg-bayreuth.de\/home\/wp-content\/uploads\/2018\/06\/17-18-Sommerkonz-GrChor-1024.jpg\" alt=\"\" width=\"1024\" height=\"689\" class=\"size-full wp-image-19268\" srcset=\"https:\/\/www.rwg-bayreuth.de\/home\/wp-content\/uploads\/2018\/06\/17-18-Sommerkonz-GrChor-1024.jpg 1024w, https:\/\/www.rwg-bayreuth.de\/home\/wp-content\/uploads\/2018\/06\/17-18-Sommerkonz-GrChor-1024-450x303.jpg 450w, https:\/\/www.rwg-bayreuth.de\/home\/wp-content\/uploads\/2018\/06\/17-18-Sommerkonz-GrChor-1024-768x517.jpg 768w, https:\/\/www.rwg-bayreuth.de\/home\/wp-content\/uploads\/2018\/06\/17-18-Sommerkonz-GrChor-1024-250x168.jpg 250w\" sizes=\"(max-width: 1024px) 100vw, 1024px\" \/><\/a><p id=\"caption-attachment-19268\" class=\"wp-caption-text\">Der Gro\u00dfe Chor war ein H\u00f6hepunkt des Doppelkonzertes unserer Schule.<\/p><\/div>\n<p><a href=\"https:\/\/www.youtube.com\/watch?v=LA7a5x-2Hjo&#038;feature=youtu.be\" Target=\" \"><img loading=\"lazy\" decoding=\"async\" src=\"https:\/\/www.rwg-bayreuth.de\/home\/wp-content\/uploads\/2018\/04\/Symbol-Kamera.jpg\" alt=\"\" width=\"25\" height=\"25\" class=\"alignleft size-full wp-image-18908\" \/> Video: &#8222;Play for me a Simple Melody&#8230;&#8220;<\/a><\/p>\n<p>Ein abwechslungsreiches Konzert boten die Ch\u00f6re, Instrumentalgruppen und Solisten unserer Schule im Zentrum an der Badstra\u00dfe.<\/p>\n<p>Was den Spielort betrifft, trauert fast niemand mehr der Stadthalle nach: Das Zentrum verf\u00fcgt \u00fcber einen akustisch guten Saal mit ausgezeichneten Sichtverh\u00e4ltnissen f\u00fcr das Publikum, welches das Konzert sehr zahlreich anlockte. Da der Saal nicht alle fasste, mussten die Mitwirkenden gleich zweimal ran, denn das Konzert wurde nachmittags und abends gespielt und das fast ohne Pause f\u00fcr die Musiker. <\/p>\n<div id=\"attachment_19269\" style=\"width: 460px\" class=\"wp-caption aligncenter\"><a href=\"https:\/\/www.rwg-bayreuth.de\/home\/wp-content\/uploads\/2018\/06\/17-18-Sommerkon-Orchester-450.jpg\"><img loading=\"lazy\" decoding=\"async\" aria-describedby=\"caption-attachment-19269\" src=\"https:\/\/www.rwg-bayreuth.de\/home\/wp-content\/uploads\/2018\/06\/17-18-Sommerkon-Orchester-450.jpg\" alt=\"\" width=\"450\" height=\"286\" class=\"size-full wp-image-19269\" srcset=\"https:\/\/www.rwg-bayreuth.de\/home\/wp-content\/uploads\/2018\/06\/17-18-Sommerkon-Orchester-450.jpg 450w, https:\/\/www.rwg-bayreuth.de\/home\/wp-content\/uploads\/2018\/06\/17-18-Sommerkon-Orchester-450-250x159.jpg 250w\" sizes=\"(max-width: 450px) 100vw, 450px\" \/><\/a><p id=\"caption-attachment-19269\" class=\"wp-caption-text\">Das RWG-Orchester wird von Albert Hubert geleitet.<\/p><\/div>\n<p>Das Programm zeigte eine breite Palette all dessen, was anspruchsvolle Musik ausmacht: Nat\u00fcrlich gab es Klassisches zu h\u00f6ren. Hier gl\u00e4nzten das Orchester, welches das Konzert er\u00f6ffnete, besonders aber unsere Gesangessolisten, die sich Mozarts Opern ausgesucht hatten: Luisa Kania lie\u00dfen ihre wundersch\u00f6nen Stimmen mit Arien aus \u201eDon Giovanni\u201c, Charlotte He\u00df aus der \u201eZauberfl\u00f6te\u201c und Lena Bitterwolf aus \u201eCosi fan tutte\u201c erklingen.<\/p>\n<p>Zu h\u00f6ren gab es auch viele Musicalmelodien. Der Gro\u00dfe Chor sang aus dem Musical \u201eRent\u201c und lie\u00df auch Klassiker wie \u201eSunny\u201c oder \u201ePlay for me a Simple Melody\u201c erklingen. Ein besonderer H\u00f6hepunkt war ein Medley aus dem Musical \u201eMy Fair Lady\u201c des Kammerchores. <\/p>\n<p>Nicht vergessen werden d\u00fcrfen bei den Chorauftritten unsere F\u00fcnftkl\u00e4ssler: Sie standen allesamt auf der B\u00fchne des Zentrums und stimmten die RWG-Hymne an: \u201eWir sind das RWG \/ im Herzen dieser Stadt, \/\/ wir sind das RWG, \/ die Schul\u2019, die alles hat.\u201c <\/p>\n<div id=\"attachment_19270\" style=\"width: 460px\" class=\"wp-caption aligncenter\"><a href=\"https:\/\/www.rwg-bayreuth.de\/home\/wp-content\/uploads\/2018\/06\/17-18-Somemrkon-UstChor-450.jpg\"><img loading=\"lazy\" decoding=\"async\" aria-describedby=\"caption-attachment-19270\" src=\"https:\/\/www.rwg-bayreuth.de\/home\/wp-content\/uploads\/2018\/06\/17-18-Somemrkon-UstChor-450.jpg\" alt=\"\" width=\"450\" height=\"268\" class=\"size-full wp-image-19270\" srcset=\"https:\/\/www.rwg-bayreuth.de\/home\/wp-content\/uploads\/2018\/06\/17-18-Somemrkon-UstChor-450.jpg 450w, https:\/\/www.rwg-bayreuth.de\/home\/wp-content\/uploads\/2018\/06\/17-18-Somemrkon-UstChor-450-250x149.jpg 250w\" sizes=\"(max-width: 450px) 100vw, 450px\" \/><\/a><p id=\"caption-attachment-19270\" class=\"wp-caption-text\">Der Unterstufenchor sang ein kleines H\u00f6rspiel f\u00fcr Kinder.<\/p><\/div>\n<p>Ein Mini-H\u00f6rspiel f\u00fcr Kinder hatte der Unterstufenchor parat: Es ging um H\u00e4nsel und Gretel, und daf\u00fcr liefert Engelbert Humperdinck eine sch\u00f6ne Vorlage, aus der der \u201eAbendsegen\u201c zu h\u00f6ren war. F\u00fcr die Fortsetzung sorgten zwei eigens f\u00fcr den Abend von Florian Mehling komponierte Lieder, bevor das traditionelle und allen bekannte Volkslied den Abschuss bildete.<\/p>\n<div id=\"attachment_19271\" style=\"width: 460px\" class=\"wp-caption aligncenter\"><a href=\"https:\/\/www.rwg-bayreuth.de\/home\/wp-content\/uploads\/2018\/06\/17-18-Sommerkonz-9a-450.jpg\"><img loading=\"lazy\" decoding=\"async\" aria-describedby=\"caption-attachment-19271\" src=\"https:\/\/www.rwg-bayreuth.de\/home\/wp-content\/uploads\/2018\/06\/17-18-Sommerkonz-9a-450.jpg\" alt=\"\" width=\"450\" height=\"302\" class=\"size-full wp-image-19271\" srcset=\"https:\/\/www.rwg-bayreuth.de\/home\/wp-content\/uploads\/2018\/06\/17-18-Sommerkonz-9a-450.jpg 450w, https:\/\/www.rwg-bayreuth.de\/home\/wp-content\/uploads\/2018\/06\/17-18-Sommerkonz-9a-450-250x168.jpg 250w\" sizes=\"(max-width: 450px) 100vw, 450px\" \/><\/a><p id=\"caption-attachment-19271\" class=\"wp-caption-text\">Es kommt nicht oft vor, dass eine ganze Klasse &#8211; hier die 9a &#8211; einen gemeinsamen Auftritt beim Schulkonzert hat.<\/p><\/div>\n<p>Ganz unterschiedliche Stimmungen brachte der zweite Gesangssolistenblock in den Saal des Zentrums: Jannis Wachs sang &#8211; stilecht mit schwarzer Kutte als Priester verkleidet &#8211; das \u201eFeuer der H\u00f6lle\u201c aus dem Musical \u201eDer Gl\u00f6ckner von N\u00f4tre Dame\u201c. Schkurte Mustafa hatte Alicia Keys \u201eFalling\u201c ausgesucht und wurde dazu von Sophia Sander begleitet &#8211; nicht auf einem Instrument, sondern mit einem expressiven Tanzauftritt, der eine wirkungsvolle optische Erg\u00e4nzung zum Gesang bot. Getanzt wurde auch zu Franz L\u00e9hars \u201eLustiger Witwe\u201c, denn Jannis Wachs und Nike Hellbach sangen nicht nur \u201eLippen schweigen\u201c im Duett, sondern legten auch einen perfekten Wiener Walzer auf das Parkett der B\u00fchne. Dazu passte auch der Schlager-Walzer \u201eIch tanze mit dir in den Himmel hinein\u201c, den Dana Maier, Lena Kropf. Corinna Stoyke und Corinna Scherer spielten. Einen ganz besonderen Moment hatte die Klasse 9a, die als Klassenchor auf der B\u00fchne stand: Sie sangen \u201eThe Rose\u201c von A. McBroom und J. Knowles und hatten das Lied auch selbst einstudiert.<\/p>\n<div id=\"attachment_19272\" style=\"width: 460px\" class=\"wp-caption aligncenter\"><a href=\"https:\/\/www.rwg-bayreuth.de\/home\/wp-content\/uploads\/2018\/06\/17-18-Sommerkonz-Fl\u00f6ten-450.jpg\"><img loading=\"lazy\" decoding=\"async\" aria-describedby=\"caption-attachment-19272\" src=\"https:\/\/www.rwg-bayreuth.de\/home\/wp-content\/uploads\/2018\/06\/17-18-Sommerkonz-Fl\u00f6ten-450.jpg\" alt=\"\" width=\"450\" height=\"300\" class=\"size-full wp-image-19272\" srcset=\"https:\/\/www.rwg-bayreuth.de\/home\/wp-content\/uploads\/2018\/06\/17-18-Sommerkonz-Fl\u00f6ten-450.jpg 450w, https:\/\/www.rwg-bayreuth.de\/home\/wp-content\/uploads\/2018\/06\/17-18-Sommerkonz-Fl\u00f6ten-450-250x167.jpg 250w\" sizes=\"(max-width: 450px) 100vw, 450px\" \/><\/a><p id=\"caption-attachment-19272\" class=\"wp-caption-text\">Die Gitarren- und die Blockfl\u00f6tengruppe traten abwechselnd auf.<\/p><\/div>\n<p>Bei den Spielgruppen hatte das Gitarrenensemble einen sch\u00f6nen Auftritt mit einem klassischen Rondo und dem Lied \u201eLittle Friends von H. R. Maibach. Schlie\u00dflich waren auch die Blockfl\u00f6tenspieler mit dabei. Sie spielten \u201eTea for Two\u201c.<\/p>\n<div id=\"attachment_19273\" style=\"width: 460px\" class=\"wp-caption aligncenter\"><a href=\"https:\/\/www.rwg-bayreuth.de\/home\/wp-content\/uploads\/2018\/06\/17-18-Sommerkonz-Querfl\u00f6ten-full-450.jpg\"><img loading=\"lazy\" decoding=\"async\" aria-describedby=\"caption-attachment-19273\" src=\"https:\/\/www.rwg-bayreuth.de\/home\/wp-content\/uploads\/2018\/06\/17-18-Sommerkonz-Querfl\u00f6ten-full-450.jpg\" alt=\"\" width=\"450\" height=\"294\" class=\"size-full wp-image-19273\" srcset=\"https:\/\/www.rwg-bayreuth.de\/home\/wp-content\/uploads\/2018\/06\/17-18-Sommerkonz-Querfl\u00f6ten-full-450.jpg 450w, https:\/\/www.rwg-bayreuth.de\/home\/wp-content\/uploads\/2018\/06\/17-18-Sommerkonz-Querfl\u00f6ten-full-450-250x163.jpg 250w\" sizes=\"(max-width: 450px) 100vw, 450px\" \/><\/a><p id=\"caption-attachment-19273\" class=\"wp-caption-text\">Am RWG gibt es auch ein starkes Querfl\u00f6tenensemble.<\/p><\/div>\n<p>Das Querfl\u00f6tenensemble bot noch einmal eine Musicalmelodie, die man aus \u201eMary Poppins\u201c kennt. \u201eChim Chim Cher-ee\u201c ist ein fr\u00f6hliches Lied, das zum Mitsummen einl\u00e4dt. <\/p>\n<p>Wenn man dem Programm folgte, war der Schlusspunkt eigentlich der RWG-Bigband vorbehalten, in der Sch\u00fcler, Lehrer und Freunde der Schule zusammen musizieren. \u201eHello Dolly\u201c, \u201eSummertime\u201c und \u201eWhat a Wonderful World\u201c war zu h\u00f6ren, bevor Schulleiterin Ursula Graf beim Abendkonzert das Wort ergriff und sich besonders bei den vielen Mitwirkenden aus der Q12 bedankte, f\u00fcr die es ja das letzte Sommerkonzert in einer langen Reihe von vielen seit der 5. Klasse gewesen sei. Dass es musikalisch, aber auch menschlich sch\u00f6ne Jahre gewesen seien, betonte Luisa Kania, die zusammen mit Charlotte He\u00df den Abend moderiert hatte. Sichtlich ger\u00fchrt und bewegt gab sie den Dank an die Musiklehrer des RWG weiter, an Tatjana und Albert Hubrich (Steichinstrumente und Orchester), an Judith Fink-Porr (Chor und Orchester) und vor allem an die Familie Helmut, Ulrike und Florian Mehling.<\/p>\n<div id=\"attachment_19274\" style=\"width: 460px\" class=\"wp-caption aligncenter\"><a href=\"https:\/\/www.rwg-bayreuth.de\/home\/wp-content\/uploads\/2018\/06\/17-18-Sommerkonz-Bigband-450.jpg\"><img loading=\"lazy\" decoding=\"async\" aria-describedby=\"caption-attachment-19274\" src=\"https:\/\/www.rwg-bayreuth.de\/home\/wp-content\/uploads\/2018\/06\/17-18-Sommerkonz-Bigband-450.jpg\" alt=\"\" width=\"450\" height=\"300\" class=\"size-full wp-image-19274\" srcset=\"https:\/\/www.rwg-bayreuth.de\/home\/wp-content\/uploads\/2018\/06\/17-18-Sommerkonz-Bigband-450.jpg 450w, https:\/\/www.rwg-bayreuth.de\/home\/wp-content\/uploads\/2018\/06\/17-18-Sommerkonz-Bigband-450-250x167.jpg 250w\" sizes=\"(max-width: 450px) 100vw, 450px\" \/><\/a><p id=\"caption-attachment-19274\" class=\"wp-caption-text\">Die Bigband setzte mit der RWG-Hymne den Schlusspunkt unter den Abend.<\/p><\/div>\n<p>An dieser Stelle musste einfach eine flotte Zugabe her. Zum Gl\u00fcck hatte die Bigband noch nicht eingepackt und was sonst sollte man spielen au\u00dfer der RWG-Hymne: \u201eWir sind das RWG \/ im Herzen dieser Stadt, \/\/ wir sind das RWG, \/ die Schul\u2019, die alles hat.\u201c <\/p>\n","protected":false},"excerpt":{"rendered":"<p>Video: &#8222;Play for me a Simple Melody&#8230;&#8220; Ein abwechslungsreiches Konzert boten die Ch\u00f6re, Instrumentalgruppen und Solisten unserer Schule im Zentrum an der Badstra\u00dfe. Was den Spielort betrifft, trauert fast niemand mehr der Stadthalle nach: Das Zentrum verf\u00fcgt \u00fcber einen akustisch guten Saal mit ausgezeichneten Sichtverh\u00e4ltnissen f\u00fcr das Publikum, welches das Konzert sehr zahlreich anlockte. Da&hellip;<\/p>\n","protected":false},"author":1,"featured_media":19268,"comment_status":"closed","ping_status":"closed","sticky":false,"template":"","format":"standard","meta":{"footnotes":""},"categories":[1],"tags":[51,44],"_links":{"self":[{"href":"https:\/\/www.rwg-bayreuth.de\/home\/index.php?rest_route=\/wp\/v2\/posts\/19267"}],"collection":[{"href":"https:\/\/www.rwg-bayreuth.de\/home\/index.php?rest_route=\/wp\/v2\/posts"}],"about":[{"href":"https:\/\/www.rwg-bayreuth.de\/home\/index.php?rest_route=\/wp\/v2\/types\/post"}],"author":[{"embeddable":true,"href":"https:\/\/www.rwg-bayreuth.de\/home\/index.php?rest_route=\/wp\/v2\/users\/1"}],"replies":[{"embeddable":true,"href":"https:\/\/www.rwg-bayreuth.de\/home\/index.php?rest_route=%2Fwp%2Fv2%2Fcomments&post=19267"}],"version-history":[{"count":8,"href":"https:\/\/www.rwg-bayreuth.de\/home\/index.php?rest_route=\/wp\/v2\/posts\/19267\/revisions"}],"predecessor-version":[{"id":24551,"href":"https:\/\/www.rwg-bayreuth.de\/home\/index.php?rest_route=\/wp\/v2\/posts\/19267\/revisions\/24551"}],"wp:featuredmedia":[{"embeddable":true,"href":"https:\/\/www.rwg-bayreuth.de\/home\/index.php?rest_route=\/wp\/v2\/media\/19268"}],"wp:attachment":[{"href":"https:\/\/www.rwg-bayreuth.de\/home\/index.php?rest_route=%2Fwp%2Fv2%2Fmedia&parent=19267"}],"wp:term":[{"taxonomy":"category","embeddable":true,"href":"https:\/\/www.rwg-bayreuth.de\/home\/index.php?rest_route=%2Fwp%2Fv2%2Fcategories&post=19267"},{"taxonomy":"post_tag","embeddable":true,"href":"https:\/\/www.rwg-bayreuth.de\/home\/index.php?rest_route=%2Fwp%2Fv2%2Ftags&post=19267"}],"curies":[{"name":"wp","href":"https:\/\/api.w.org\/{rel}","templated":true}]}}