{"id":19246,"date":"2018-06-21T11:07:13","date_gmt":"2018-06-21T09:07:13","guid":{"rendered":"http:\/\/www.rwg-bayreuth.de\/home\/?p=19246"},"modified":"2019-01-26T12:15:26","modified_gmt":"2019-01-26T11:15:26","slug":"engagement-in-der-kunst","status":"publish","type":"post","link":"https:\/\/www.rwg-bayreuth.de\/home\/?p=19246","title":{"rendered":"Engagement in der Kunst"},"content":{"rendered":"<div id=\"attachment_19247\" style=\"width: 460px\" class=\"wp-caption aligncenter\"><a href=\"https:\/\/www.rwg-bayreuth.de\/home\/wp-content\/uploads\/2018\/06\/17-18-EWett-Jana-Dimitrova-9e-450.jpg\"><img loading=\"lazy\" decoding=\"async\" aria-describedby=\"caption-attachment-19247\" src=\"https:\/\/www.rwg-bayreuth.de\/home\/wp-content\/uploads\/2018\/06\/17-18-EWett-Jana-Dimitrova-9e-450.jpg\" alt=\"\" width=\"450\" height=\"347\" class=\"size-full wp-image-19247\" srcset=\"https:\/\/www.rwg-bayreuth.de\/home\/wp-content\/uploads\/2018\/06\/17-18-EWett-Jana-Dimitrova-9e-450.jpg 450w, https:\/\/www.rwg-bayreuth.de\/home\/wp-content\/uploads\/2018\/06\/17-18-EWett-Jana-Dimitrova-9e-450-250x193.jpg 250w\" sizes=\"(max-width: 450px) 100vw, 450px\" \/><\/a><p id=\"caption-attachment-19247\" class=\"wp-caption-text\">Eines der Siegerbilder ist von Jana Dimitrova.<\/p><\/div>\n<p>Es lohnt durchaus, sich im Sinne der Idee eines geeinten Europa zu engagieren. Ein politisches Engagement wurde auch von unseren Sch\u00fclern im Kunstunterricht mit der Teilnahme am Europ\u00e4ischen Wettbewerb 2018 verfolgt, wo sie sich bildnerisch mit europ\u00e4ischen Themen auseinandersetzten.<\/p>\n<p>Das sich das in diesem Jahr durchaus auch monet\u00e4r gelohnt hat, \u00fcberraschte unsere kleine \u201eK\u00fcnstlergemeinschaft\u201c aus dem dritten Stock dann doch freudig. So hat doch Jana Dimitrova, 9a, im l\u00e4nder\u00fcbergreifenden Wettbewerb einen Geldpreis erhalten, indem sie eine Malerei zu einem \u201everwunschenen, vergessenen Ort\u201c in Europa herstellte. <\/p>\n<div id=\"attachment_19248\" style=\"width: 460px\" class=\"wp-caption aligncenter\"><a href=\"https:\/\/www.rwg-bayreuth.de\/home\/wp-content\/uploads\/2018\/06\/17-18-EWett-Marie-Leonardt-9e450.jpg\"><img loading=\"lazy\" decoding=\"async\" aria-describedby=\"caption-attachment-19248\" src=\"https:\/\/www.rwg-bayreuth.de\/home\/wp-content\/uploads\/2018\/06\/17-18-EWett-Marie-Leonardt-9e450.jpg\" alt=\"\" width=\"450\" height=\"345\" class=\"size-full wp-image-19248\" srcset=\"https:\/\/www.rwg-bayreuth.de\/home\/wp-content\/uploads\/2018\/06\/17-18-EWett-Marie-Leonardt-9e450.jpg 450w, https:\/\/www.rwg-bayreuth.de\/home\/wp-content\/uploads\/2018\/06\/17-18-EWett-Marie-Leonardt-9e450-250x192.jpg 250w\" sizes=\"(max-width: 450px) 100vw, 450px\" \/><\/a><p id=\"caption-attachment-19248\" class=\"wp-caption-text\">Marie Leonhardt war mit ihrem Bild ebenfalls bei den Preistr\u00e4gern.<\/p><\/div>\n<p>Auch das Werk von Marie Leonhardt (9e) zum selben Thema \u201eVergiss mein nicht\u201c konnte den Preis des Bundestagspr\u00e4sidenten, eine Urkunde und ein Buch sowie eine DVD erhalten. Beide Sch\u00fclerinnen f\u00fchrten eine Riege von preisverd\u00e4chtigen Werken auf L\u00e4nderebene an. Immerhin wurden insgesamt 17 Bilder f\u00fcr den Wettbewerb auf Bundesebene eingereicht. Alle Sch\u00fclerinnen und Sch\u00fcler erhalten eine Teilnahmeurkunde f\u00fcr wirklich sehr aussagekr\u00e4ftige Werke. <\/p>\n<div id=\"attachment_19249\" style=\"width: 460px\" class=\"wp-caption aligncenter\"><a href=\"https:\/\/www.rwg-bayreuth.de\/home\/wp-content\/uploads\/2018\/06\/17-18-EWett-Vanessa-Schlenk-9a-450.jpg\"><img loading=\"lazy\" decoding=\"async\" aria-describedby=\"caption-attachment-19249\" src=\"https:\/\/www.rwg-bayreuth.de\/home\/wp-content\/uploads\/2018\/06\/17-18-EWett-Vanessa-Schlenk-9a-450.jpg\" alt=\"\" width=\"450\" height=\"329\" class=\"size-full wp-image-19249\" srcset=\"https:\/\/www.rwg-bayreuth.de\/home\/wp-content\/uploads\/2018\/06\/17-18-EWett-Vanessa-Schlenk-9a-450.jpg 450w, https:\/\/www.rwg-bayreuth.de\/home\/wp-content\/uploads\/2018\/06\/17-18-EWett-Vanessa-Schlenk-9a-450-250x183.jpg 250w\" sizes=\"(max-width: 450px) 100vw, 450px\" \/><\/a><p id=\"caption-attachment-19249\" class=\"wp-caption-text\">Das Bild von Vanessa Schlenk erz\u00e4hlt die stumme Geschichte eines Industriebaus.<\/p><\/div>\n<p>\u201eVergiss mein nicht\u201c, damit haben sich unsere Sch\u00fcler auf eine Suche nach  Bauwerken, Denkm\u00e4lern, Industriebauten, Parks, begeben, die stumm Geschichten erz\u00e4hlen; ob alt, zerfallen, wiederaufgebaut, poliert, verlassen oder bewohnt. Einige Bilder finden sich aktuell noch in einer Fotoausstellung des Profilfaches Q12 im Treppenhausgang des Altbaus. Weitergereicht wurden Werke von Vanessa Schlenk sowie Jan Wild.<\/p>\n<p><strong>\u201eAussterbende Berufe\u201c<\/strong><\/p>\n<div id=\"attachment_19250\" style=\"width: 460px\" class=\"wp-caption aligncenter\"><a href=\"https:\/\/www.rwg-bayreuth.de\/home\/wp-content\/uploads\/2018\/06\/17-18-Antonia-Hirsch-9d-450.jpg\"><img loading=\"lazy\" decoding=\"async\" aria-describedby=\"caption-attachment-19250\" src=\"https:\/\/www.rwg-bayreuth.de\/home\/wp-content\/uploads\/2018\/06\/17-18-Antonia-Hirsch-9d-450.jpg\" alt=\"\" width=\"450\" height=\"434\" class=\"size-full wp-image-19250\" srcset=\"https:\/\/www.rwg-bayreuth.de\/home\/wp-content\/uploads\/2018\/06\/17-18-Antonia-Hirsch-9d-450.jpg 450w, https:\/\/www.rwg-bayreuth.de\/home\/wp-content\/uploads\/2018\/06\/17-18-Antonia-Hirsch-9d-450-250x241.jpg 250w\" sizes=\"(max-width: 450px) 100vw, 450px\" \/><\/a><p id=\"caption-attachment-19250\" class=\"wp-caption-text\">Antonia Hirschs Bild arbeitet mit kr\u00e4ftigen Farben.<\/p><\/div>\n<p>Wei\u00dft du, was ein K\u00fcrschner macht, ein Posamentierer, ein Blaudrucker oder ein K\u00f6rber? Viele alte Handwerksberufe Europas sind in den letzten zwei Jahrhunderten der zunehmenden Mechanisierung und Industrialisierung zum Opfer gefallen. Wir haben uns im Kunstunterricht malerisch auch auf recht \u201epoppige\u201c Art und Weise mit dieser Thematik befasst. Dabei haben unsere Sch\u00fcler einiges wissenswertes zu historischen Berufen herausgefunden und festgestellt, dass es gut ist einige Berufe nicht mehr aus\u00fcben zu m\u00fcssen z.B. den der  \u201eAbtrittanbieterin\u201c. Weitergesendet auf der l\u00e4nder\u00fcbergreifenden Ebene wurden Johanna B\u00e4r, Antonia Hirsch, Lea Sophie Opel, Lea Raders, Madeleine Sonntag, Maxima Walter und Amelie Wolf.<\/p>\n<p><strong>\u201eVom Hofmaler zum \u201eSelfie\u201c<\/strong><\/p>\n<div id=\"attachment_19251\" style=\"width: 460px\" class=\"wp-caption aligncenter\"><a href=\"https:\/\/www.rwg-bayreuth.de\/home\/wp-content\/uploads\/2018\/06\/17-18-EWett-Liana-Karpow-Q11-450.jpg\"><img loading=\"lazy\" decoding=\"async\" aria-describedby=\"caption-attachment-19251\" src=\"https:\/\/www.rwg-bayreuth.de\/home\/wp-content\/uploads\/2018\/06\/17-18-EWett-Liana-Karpow-Q11-450.jpg\" alt=\"\" width=\"450\" height=\"305\" class=\"size-full wp-image-19251\" srcset=\"https:\/\/www.rwg-bayreuth.de\/home\/wp-content\/uploads\/2018\/06\/17-18-EWett-Liana-Karpow-Q11-450.jpg 450w, https:\/\/www.rwg-bayreuth.de\/home\/wp-content\/uploads\/2018\/06\/17-18-EWett-Liana-Karpow-Q11-450-250x169.jpg 250w\" sizes=\"(max-width: 450px) 100vw, 450px\" \/><\/a><p id=\"caption-attachment-19251\" class=\"wp-caption-text\">Ein Selfie mit dem Zeichenstift fertigte Liana Karpow.<\/p><\/div>\n<p>Die Selbstdarstellung, welche nicht selten auch zur Selbstinszenierung wird, hat in den vergangenen Jahrhunderten eine deutlich ver\u00e4nderte Kultur hervorgebracht. Wir haben untersucht, inwiefern sich unsere heutige Kultur der Selbstinszenierung auf die Ver\u00e4nderung der europ\u00e4ische Gesellschaft  auswirken kann, indem wir uns dabei  mit einem \u201eSmartphone in der Hand\u201c zeichnerisch dargestellt haben. Da wir zudem noch ausgefallene Kopfbedeckungen erstellten, k\u00f6nnte es durchaus m\u00f6glich sein, dass diese ungew\u00f6hnlichen Inszenierungen bei den Juroren Gefallen gefunden haben. Immerhin wurden die Werke aus der Q11 auf L\u00e4nderebene weitergereicht und erhielten eine Urkunde: Melissa Herek, Liana Karpow, Lisa Kropf, Amelie Rohmer. <\/p>\n<div id=\"attachment_19252\" style=\"width: 460px\" class=\"wp-caption aligncenter\"><a href=\"https:\/\/www.rwg-bayreuth.de\/home\/wp-content\/uploads\/2018\/06\/17-18-EWett-Stefan-Heck-7c-450.jpg\"><img loading=\"lazy\" decoding=\"async\" aria-describedby=\"caption-attachment-19252\" src=\"https:\/\/www.rwg-bayreuth.de\/home\/wp-content\/uploads\/2018\/06\/17-18-EWett-Stefan-Heck-7c-450.jpg\" alt=\"\" width=\"450\" height=\"342\" class=\"size-full wp-image-19252\" srcset=\"https:\/\/www.rwg-bayreuth.de\/home\/wp-content\/uploads\/2018\/06\/17-18-EWett-Stefan-Heck-7c-450.jpg 450w, https:\/\/www.rwg-bayreuth.de\/home\/wp-content\/uploads\/2018\/06\/17-18-EWett-Stefan-Heck-7c-450-250x190.jpg 250w\" sizes=\"(max-width: 450px) 100vw, 450px\" \/><\/a><p id=\"caption-attachment-19252\" class=\"wp-caption-text\">Eine alte mittelalterliche Kathedrale inspirierte Stefan Heck.<\/p><\/div>\n<p>Bayerische Landespreise erhielten \u00fcbrigens nicht nur die \u201eGro\u00dfen\u201c, nein auch unsere Sch\u00fcler aus den 5ten, 6ten und 7ten Klassen haben sich Urkunden erworben. Eine Preisverleihung im Hause findet noch vor den Sommerferien auf dem Pausenhof im Rahmen einer \u201eKunstpause\u201c statt, dort werden alle Arbeiten der Sieger ausgestellt. Zu den 17 weitergereichten Arbeiten haben wir in diesem Jahr 53 Landessieger zu feiern.<br \/>\nGezeigt werden dann nicht nur Werke zu den obigen Themenbereichen, sondern auch zur Auseinandersetzung mit m\u00f6glichen \u201eAbenteuern in Schl\u00f6ssern, Burgen und Gottesh\u00e4usern\u201c, bei denen unsere j\u00fcngeren Sch\u00fclerinnen und Sch\u00fcler noch einmal richtig ihre Fantasie spielen lassen konnten. <\/p>\n<div id=\"attachment_19253\" style=\"width: 460px\" class=\"wp-caption aligncenter\"><a href=\"https:\/\/www.rwg-bayreuth.de\/home\/wp-content\/uploads\/2018\/06\/17-18-EWett-Emely-Richer-9d-450.jpg\"><img loading=\"lazy\" decoding=\"async\" aria-describedby=\"caption-attachment-19253\" src=\"https:\/\/www.rwg-bayreuth.de\/home\/wp-content\/uploads\/2018\/06\/17-18-EWett-Emely-Richer-9d-450.jpg\" alt=\"\" width=\"450\" height=\"340\" class=\"size-full wp-image-19253\" srcset=\"https:\/\/www.rwg-bayreuth.de\/home\/wp-content\/uploads\/2018\/06\/17-18-EWett-Emely-Richer-9d-450.jpg 450w, https:\/\/www.rwg-bayreuth.de\/home\/wp-content\/uploads\/2018\/06\/17-18-EWett-Emely-Richer-9d-450-250x189.jpg 250w\" sizes=\"(max-width: 450px) 100vw, 450px\" \/><\/a><p id=\"caption-attachment-19253\" class=\"wp-caption-text\">Eine Zeichnung von Emely Richter.<\/p><\/div>\n<p>Sieger\/innen auf Landesebene sind: Laura Tambasco , Feyza Yildirim , Angelina Brehm, Mira Filbry, Vanessa Schlenk, Laura Hollfelder, Vanessa Kotrin, Lena Schamel, Marie Nei\u00df, Madeleine letz, Kristina Pinzer, Cindy Schanz, Karen Scheuerecker, Frederik Linhardt, Antonia Wohlrab, Laura Runge, Lara Wick, Michael Opel, Michael Keller, Paula B\u00e4r, Eva Theisinger, Lena Sedlmeier, Franziska Hackl, Johanna B\u00e4r, Melissa Herek, Jan Wild, Leah Sophie Opel, Lea Raders, Antonia Hirsch, Madeleine Sonntag, Amelie Wolf, Maxima Walter, Jana Dimitrova, Marie Leonhadt, Amelie Rohmer, Liana Karpow, Lisa Kropf,Lisa Schulz, Anni Schneider, Elena Stahlmann, Stefan Heck, Berta Eckert, Hugo Schneider, Christopher Schuster, Nicole Ognev, Emely Zuber, Frederike M\u00fcnch, Lena Maisel, Carina H\u00fcttner, Sophia Griese, Paulina Kaufmann, Lisa Revenko, Larissa Knoppek und Emely Richter.<\/p>\n<div id=\"attachment_19254\" style=\"width: 460px\" class=\"wp-caption aligncenter\"><a href=\"https:\/\/www.rwg-bayreuth.de\/home\/wp-content\/uploads\/2018\/06\/17-18-EWett-Leah-Opel-9b-450.jpg\"><img loading=\"lazy\" decoding=\"async\" aria-describedby=\"caption-attachment-19254\" src=\"https:\/\/www.rwg-bayreuth.de\/home\/wp-content\/uploads\/2018\/06\/17-18-EWett-Leah-Opel-9b-450.jpg\" alt=\"\" width=\"450\" height=\"342\" class=\"size-full wp-image-19254\" srcset=\"https:\/\/www.rwg-bayreuth.de\/home\/wp-content\/uploads\/2018\/06\/17-18-EWett-Leah-Opel-9b-450.jpg 450w, https:\/\/www.rwg-bayreuth.de\/home\/wp-content\/uploads\/2018\/06\/17-18-EWett-Leah-Opel-9b-450-250x190.jpg 250w\" sizes=\"(max-width: 450px) 100vw, 450px\" \/><\/a><p id=\"caption-attachment-19254\" class=\"wp-caption-text\">Leah Opel befasst sich mit dem Beruf des T\u00f6pfers.<\/p><\/div>\n<p>Wir gratulieren allen Preistr\u00e4ger\/innen und hoffen auf viele weitere preisverd\u00e4chtige Werke mit oder auch ohne ein politisches Engagement. Es steckt sichtbar viel gedankliche Arbeit und ein gro\u00dfartiges handwerkliches Geschick in euren Arbeiten!<\/p>\n<p><em>Gerdes<\/em><\/p>\n","protected":false},"excerpt":{"rendered":"<p>Es lohnt durchaus, sich im Sinne der Idee eines geeinten Europa zu engagieren. Ein politisches Engagement wurde auch von unseren Sch\u00fclern im Kunstunterricht mit der Teilnahme am Europ\u00e4ischen Wettbewerb 2018 verfolgt, wo sie sich bildnerisch mit europ\u00e4ischen Themen auseinandersetzten. Das sich das in diesem Jahr durchaus auch monet\u00e4r gelohnt hat, \u00fcberraschte unsere kleine \u201eK\u00fcnstlergemeinschaft\u201c aus&hellip;<\/p>\n","protected":false},"author":1,"featured_media":19247,"comment_status":"closed","ping_status":"closed","sticky":false,"template":"","format":"standard","meta":{"footnotes":""},"categories":[1],"tags":[51,41],"_links":{"self":[{"href":"https:\/\/www.rwg-bayreuth.de\/home\/index.php?rest_route=\/wp\/v2\/posts\/19246"}],"collection":[{"href":"https:\/\/www.rwg-bayreuth.de\/home\/index.php?rest_route=\/wp\/v2\/posts"}],"about":[{"href":"https:\/\/www.rwg-bayreuth.de\/home\/index.php?rest_route=\/wp\/v2\/types\/post"}],"author":[{"embeddable":true,"href":"https:\/\/www.rwg-bayreuth.de\/home\/index.php?rest_route=\/wp\/v2\/users\/1"}],"replies":[{"embeddable":true,"href":"https:\/\/www.rwg-bayreuth.de\/home\/index.php?rest_route=%2Fwp%2Fv2%2Fcomments&post=19246"}],"version-history":[{"count":3,"href":"https:\/\/www.rwg-bayreuth.de\/home\/index.php?rest_route=\/wp\/v2\/posts\/19246\/revisions"}],"predecessor-version":[{"id":19258,"href":"https:\/\/www.rwg-bayreuth.de\/home\/index.php?rest_route=\/wp\/v2\/posts\/19246\/revisions\/19258"}],"wp:featuredmedia":[{"embeddable":true,"href":"https:\/\/www.rwg-bayreuth.de\/home\/index.php?rest_route=\/wp\/v2\/media\/19247"}],"wp:attachment":[{"href":"https:\/\/www.rwg-bayreuth.de\/home\/index.php?rest_route=%2Fwp%2Fv2%2Fmedia&parent=19246"}],"wp:term":[{"taxonomy":"category","embeddable":true,"href":"https:\/\/www.rwg-bayreuth.de\/home\/index.php?rest_route=%2Fwp%2Fv2%2Fcategories&post=19246"},{"taxonomy":"post_tag","embeddable":true,"href":"https:\/\/www.rwg-bayreuth.de\/home\/index.php?rest_route=%2Fwp%2Fv2%2Ftags&post=19246"}],"curies":[{"name":"wp","href":"https:\/\/api.w.org\/{rel}","templated":true}]}}