{"id":19230,"date":"2018-06-14T16:30:31","date_gmt":"2018-06-14T14:30:31","guid":{"rendered":"http:\/\/www.rwg-bayreuth.de\/home\/?p=19230"},"modified":"2018-06-14T16:40:17","modified_gmt":"2018-06-14T14:40:17","slug":"die-ausbildungs-und-studienmesse-2017-in-bayreuth","status":"publish","type":"post","link":"https:\/\/www.rwg-bayreuth.de\/home\/?p=19230","title":{"rendered":"Die Ausbildungs- und Studienmesse 2017 in Bayreuth"},"content":{"rendered":"<p><img loading=\"lazy\" decoding=\"async\" src=\"https:\/\/www.rwg-bayreuth.de\/home\/wp-content\/uploads\/2018\/06\/Berufsmesse-Logo-450x238.jpg\" alt=\"\" width=\"450\" height=\"238\" class=\"aligncenter size-medium wp-image-19232\" srcset=\"https:\/\/www.rwg-bayreuth.de\/home\/wp-content\/uploads\/2018\/06\/Berufsmesse-Logo-450x238.jpg 450w, https:\/\/www.rwg-bayreuth.de\/home\/wp-content\/uploads\/2018\/06\/Berufsmesse-Logo-768x406.jpg 768w, https:\/\/www.rwg-bayreuth.de\/home\/wp-content\/uploads\/2018\/06\/Berufsmesse-Logo-250x132.jpg 250w, https:\/\/www.rwg-bayreuth.de\/home\/wp-content\/uploads\/2018\/06\/Berufsmesse-Logo.jpg 992w\" sizes=\"(max-width: 450px) 100vw, 450px\" \/><\/p>\n<p>Am 30. September fand in der Oberfrankenhalle die allj\u00e4hrliche Berufsmesse, zur Orientierung und Informationsm\u00f6glichkeit f\u00fcr Sch\u00fcler und angehende Auszubildende, statt.<\/p>\n<p>Wie jedes Jahr war der Andrang gro\u00df, da sich s\u00e4mtliche Sch\u00fcler Bayreuths, unabh\u00e4ngig von ihrer Schule, ein Bild von ihren Zukunftschancen und Berufsangeboten in ganz Deutschland machen wollten.<\/p>\n<p>Die Messe beinhaltete sehr viele verschiedene St\u00e4nde. Dabei war von Studium, Ausbildung oder auch dualem Studium alles vertreten, und innerhalb dieser Auswahlm\u00f6glichkeiten stellten sich die unterschiedlichen Berufsfelder vor.<\/p>\n<p>Bei jedem Stand konnte man bei Interesse ein Gespr\u00e4ch mit den Vertretern des Unternehmens f\u00fchren, um einen besseren Eindruck, von denen im Beruf beinhalteten Aufgaben und T\u00e4tigkeiten zu bekommen. Dabei waren alle Beteiligten sehr h\u00f6flich und geduldig und nahmen sich Zeit f\u00fcr alle Fragen und Unklarheiten.<\/p>\n<p>Abgesehen von der gro\u00dfen Berufsvielfalt und den unterschiedlichen Ausbildungsm\u00f6glichkeiten, die man auf der Messe kennen lernen konnte, lohnte sich der Besuch insofern, dass man auch Informationen zu bisher eher unbekannten Berufen erfahren konnte.<\/p>\n<p>Eine besondere Hilfe waren die jungen Auszubildenden, die ganz pers\u00f6nliche Eindr\u00fccke schildern konnten, und eine ehrliche Meinung zu ihrer Berufswahl gaben; da diese eben gerade erst in ein Job-Feld eingestiegen waren und deswegen ihre frischen Erfahrungen teilten.<\/p>\n<p>Wer sich also \u00fcber M\u00f6glichkeiten nach dem Abitur interessiert, sollte die Ausbildungs- und Studienmesse besuchen, auch, da es zum Nachlesen f\u00fcr daheim ausf\u00fchrliche und informative Flyer gibt, die dem einen oder anderen bestimmt einige Denkanst\u00f6\u00dfe bringen.<\/p>\n<p><em>Amelie Rohmer (Q11)<\/em><\/p>\n","protected":false},"excerpt":{"rendered":"<p>Am 30. September fand in der Oberfrankenhalle die allj\u00e4hrliche Berufsmesse, zur Orientierung und Informationsm\u00f6glichkeit f\u00fcr Sch\u00fcler und angehende Auszubildende, statt. Wie jedes Jahr war der Andrang gro\u00df, da sich s\u00e4mtliche Sch\u00fcler Bayreuths, unabh\u00e4ngig von ihrer Schule, ein Bild von ihren Zukunftschancen und Berufsangeboten in ganz Deutschland machen wollten. Die Messe beinhaltete sehr viele verschiedene St\u00e4nde.&hellip;<\/p>\n","protected":false},"author":11,"featured_media":19232,"comment_status":"closed","ping_status":"closed","sticky":false,"template":"","format":"standard","meta":{"footnotes":""},"categories":[1],"tags":[37,51],"_links":{"self":[{"href":"https:\/\/www.rwg-bayreuth.de\/home\/index.php?rest_route=\/wp\/v2\/posts\/19230"}],"collection":[{"href":"https:\/\/www.rwg-bayreuth.de\/home\/index.php?rest_route=\/wp\/v2\/posts"}],"about":[{"href":"https:\/\/www.rwg-bayreuth.de\/home\/index.php?rest_route=\/wp\/v2\/types\/post"}],"author":[{"embeddable":true,"href":"https:\/\/www.rwg-bayreuth.de\/home\/index.php?rest_route=\/wp\/v2\/users\/11"}],"replies":[{"embeddable":true,"href":"https:\/\/www.rwg-bayreuth.de\/home\/index.php?rest_route=%2Fwp%2Fv2%2Fcomments&post=19230"}],"version-history":[{"count":4,"href":"https:\/\/www.rwg-bayreuth.de\/home\/index.php?rest_route=\/wp\/v2\/posts\/19230\/revisions"}],"predecessor-version":[{"id":19235,"href":"https:\/\/www.rwg-bayreuth.de\/home\/index.php?rest_route=\/wp\/v2\/posts\/19230\/revisions\/19235"}],"wp:featuredmedia":[{"embeddable":true,"href":"https:\/\/www.rwg-bayreuth.de\/home\/index.php?rest_route=\/wp\/v2\/media\/19232"}],"wp:attachment":[{"href":"https:\/\/www.rwg-bayreuth.de\/home\/index.php?rest_route=%2Fwp%2Fv2%2Fmedia&parent=19230"}],"wp:term":[{"taxonomy":"category","embeddable":true,"href":"https:\/\/www.rwg-bayreuth.de\/home\/index.php?rest_route=%2Fwp%2Fv2%2Fcategories&post=19230"},{"taxonomy":"post_tag","embeddable":true,"href":"https:\/\/www.rwg-bayreuth.de\/home\/index.php?rest_route=%2Fwp%2Fv2%2Ftags&post=19230"}],"curies":[{"name":"wp","href":"https:\/\/api.w.org\/{rel}","templated":true}]}}