{"id":19218,"date":"2018-06-14T16:13:33","date_gmt":"2018-06-14T14:13:33","guid":{"rendered":"http:\/\/www.rwg-bayreuth.de\/home\/?p=19218"},"modified":"2019-05-17T23:02:52","modified_gmt":"2019-05-17T21:02:52","slug":"die-boehners-on-tour","status":"publish","type":"post","link":"https:\/\/www.rwg-bayreuth.de\/home\/?p=19218","title":{"rendered":"Die B\u00f6hners on tour"},"content":{"rendered":"<p><a href=\"https:\/\/www.rwg-bayreuth.de\/home\/wp-content\/uploads\/2018\/06\/Blick-auf-die-H\u00fctte-k.jpg\"><img loading=\"lazy\" decoding=\"async\" src=\"https:\/\/www.rwg-bayreuth.de\/home\/wp-content\/uploads\/2018\/06\/Blick-auf-die-H\u00fctte-k-450x338.jpg\" alt=\"\" width=\"450\" height=\"338\" class=\"aligncenter size-medium wp-image-19222\" srcset=\"https:\/\/www.rwg-bayreuth.de\/home\/wp-content\/uploads\/2018\/06\/Blick-auf-die-H\u00fctte-k-450x338.jpg 450w, https:\/\/www.rwg-bayreuth.de\/home\/wp-content\/uploads\/2018\/06\/Blick-auf-die-H\u00fctte-k-768x576.jpg 768w, https:\/\/www.rwg-bayreuth.de\/home\/wp-content\/uploads\/2018\/06\/Blick-auf-die-H\u00fctte-k.jpg 1024w, https:\/\/www.rwg-bayreuth.de\/home\/wp-content\/uploads\/2018\/06\/Blick-auf-die-H\u00fctte-k-250x188.jpg 250w\" sizes=\"(max-width: 450px) 100vw, 450px\" \/><\/a><\/p>\n<p>\u201eMit schwerem Reisegep\u00e4ck auf dem R\u00fccken von H\u00fctte zu H\u00fctte und dann auch noch bergauf?! Also, so hab ich mir meine letzte chillige Schulwoche definitiv nicht vorgestellt\u2026 Da bin ich eh viel zu unsportlich und au\u00dferdem gibt\u00b4s da bestimmt kein gutes Mobilfunknetz.\u201c<\/p>\n<p><a href=\"https:\/\/www.rwg-bayreuth.de\/home\/wp-content\/uploads\/2018\/06\/Blick-auf-den-Schliersee-k.jpg\"><img loading=\"lazy\" decoding=\"async\" src=\"https:\/\/www.rwg-bayreuth.de\/home\/wp-content\/uploads\/2018\/06\/Blick-auf-den-Schliersee-k-450x338.jpg\" alt=\"\" width=\"450\" height=\"338\" class=\"alignleft size-medium wp-image-19220\" srcset=\"https:\/\/www.rwg-bayreuth.de\/home\/wp-content\/uploads\/2018\/06\/Blick-auf-den-Schliersee-k-450x338.jpg 450w, https:\/\/www.rwg-bayreuth.de\/home\/wp-content\/uploads\/2018\/06\/Blick-auf-den-Schliersee-k-768x576.jpg 768w, https:\/\/www.rwg-bayreuth.de\/home\/wp-content\/uploads\/2018\/06\/Blick-auf-den-Schliersee-k.jpg 1024w, https:\/\/www.rwg-bayreuth.de\/home\/wp-content\/uploads\/2018\/06\/Blick-auf-den-Schliersee-k-250x188.jpg 250w\" sizes=\"(max-width: 450px) 100vw, 450px\" \/><\/a>Ausreden findet doch jeder von uns! Trotz allem werden sich auch dieses Jahr erneut acht motivierte Sch\u00fcler zusammen&shy;finden, um statt typischen Shopping&shy;trips und Museums&shy;besuchen die Wander&shy;montur anzulegen und im Osttiroler Virgental von H\u00fctte zu H\u00fctte zu marschieren. Doch bevor wir uns im Juli auf dieses Abenteuer einlassen k\u00f6nnen, sollten wir uns pr\u00e4ventiv mit der einen oder anderen mehr&shy;st\u00fcndigen Wanderung auf die Anspr\u00fcche einer solchen Tour einstellen. Aus genau diesem Grund machten wir uns daher am 29.04.18 auf den Weg in den S\u00fcden Bayerns, um die Alpenlandschaft rund um den Schliersee unsicher zu machen. Ziel der zwei&shy;t\u00e4gigen Probe&shy;wanderung war es also eine Vorstellung von den k\u00f6rper&shy;lichen Anspr\u00fcchen zu erhalten und im Voraus die Ausr\u00fcstung auf m\u00f6gliche M\u00e4ngel zu testen, wie auch die Wanderschuhe bestenfalls blasenfrei einzulaufen. <\/p>\n<p><a href=\"https:\/\/www.rwg-bayreuth.de\/home\/wp-content\/uploads\/2018\/06\/Gipfelkreuz-J\u00e4gerkamp-k.jpg\"><img loading=\"lazy\" decoding=\"async\" src=\"https:\/\/www.rwg-bayreuth.de\/home\/wp-content\/uploads\/2018\/06\/Gipfelkreuz-J\u00e4gerkamp-k-338x450.jpg\" alt=\"\" width=\"338\" height=\"450\" class=\"alignright size-medium wp-image-19223\" srcset=\"https:\/\/www.rwg-bayreuth.de\/home\/wp-content\/uploads\/2018\/06\/Gipfelkreuz-J\u00e4gerkamp-k-338x450.jpg 338w, https:\/\/www.rwg-bayreuth.de\/home\/wp-content\/uploads\/2018\/06\/Gipfelkreuz-J\u00e4gerkamp-k-768x1024.jpg 768w, https:\/\/www.rwg-bayreuth.de\/home\/wp-content\/uploads\/2018\/06\/Gipfelkreuz-J\u00e4gerkamp-k-250x333.jpg 250w, https:\/\/www.rwg-bayreuth.de\/home\/wp-content\/uploads\/2018\/06\/Gipfelkreuz-J\u00e4gerkamp-k.jpg 1024w\" sizes=\"(max-width: 338px) 100vw, 338px\" \/><\/a>Nach einer vierst\u00fcndigen Anreise kamen wir Sonntag gegen 11Uhr am Wander&shy;parkplatz \u201eJ\u00e4gerkamp\u201c an. Ganz unter dem Motto: \u201eRaus aus dem Auto, rein in die Wander&shy;schuh!\u201c bereiteten wir uns und unser Gep\u00e4ck vor. Um die ersten steilen Anstiege leichter meistern zu k\u00f6nnen, wurden uns freund&shy;licher Weise leihweise Wander&shy;st\u00f6cke von LEKI zur Verf\u00fcgung gestellt. Unter wolken&shy;freiem Himmel, bei strahlenden Sonnen&shy;schein und dem einen oder anderen Schnee&shy;abschnitt unter den F\u00fc\u00dfen ging es zun\u00e4chst nur bergauf bis wir gegen 13 Uhr am Gipfel angekommen unsere Brote zur St\u00e4rkung verzehren konnten und selbst&shy;verst\u00e4ndlich auch den traumhaften Ausblick in vollsten Z\u00fcgen genossen haben.  Anschlie\u00dfend an die ausreichende Pause ging es weiter zu unserer Unterkunft, bei der wir erneut neben einem angenehmen Sonnenbad auf der Terrasse auch ordentlich unseren Durst l\u00f6schen konnten, denn eins steht definitiv fest: Bei 6,2km und 730HM geraten auch die Sportlichsten ins Schwitzen!<\/p>\n<p><a href=\"https:\/\/www.rwg-bayreuth.de\/home\/wp-content\/uploads\/2018\/06\/Blick-auf-den-Spitzingsee-k.jpg\"><img loading=\"lazy\" decoding=\"async\" src=\"https:\/\/www.rwg-bayreuth.de\/home\/wp-content\/uploads\/2018\/06\/Blick-auf-den-Spitzingsee-k-450x338.jpg\" alt=\"\" width=\"450\" height=\"338\" class=\"alignleft size-medium wp-image-19221\" srcset=\"https:\/\/www.rwg-bayreuth.de\/home\/wp-content\/uploads\/2018\/06\/Blick-auf-den-Spitzingsee-k-450x338.jpg 450w, https:\/\/www.rwg-bayreuth.de\/home\/wp-content\/uploads\/2018\/06\/Blick-auf-den-Spitzingsee-k-768x576.jpg 768w, https:\/\/www.rwg-bayreuth.de\/home\/wp-content\/uploads\/2018\/06\/Blick-auf-den-Spitzingsee-k.jpg 1024w, https:\/\/www.rwg-bayreuth.de\/home\/wp-content\/uploads\/2018\/06\/Blick-auf-den-Spitzingsee-k-250x188.jpg 250w\" sizes=\"(max-width: 450px) 100vw, 450px\" \/><\/a>Dass unser Abenteuer aber auch viele lustige Aspekte aufwies, stellten wir schon beim H\u00fctten-Check-in fest. Dort wurden wir von der Chefin zun\u00e4chst als Gro\u00df&shy;familie aufgefasst und trugen daher fortan den Gruppen&shy;namen \u201eDie B\u00f6hners\u201c. Vor dem leckeren Abendessen auf der H\u00fctte bestand die M\u00f6glichkeit zu einem kurzen Spaziergang zu einem Aussichtspunkt mit Blick auf den wundersch\u00f6nen Spitzingsee. Neben k\u00f6stlichen H\u00fctten&shy;schmankerln wie Kaasspatzln oder Kaiserschmarrn bot das K\u00fcchenteam spitzen Unterhaltung und wir konnten mit einem Kniffelabend (bei dem nat\u00fcrlich der Mathelehrer unfairer Weise seine Gewinnwahrscheinlichkeiten ausgerechnet hat) den anstrengenden Tag ausklingen lassen. Highlight war aber letztendlich dann der beeindruckende Mondaufgang hinter der Bergkulisse.<\/p>\n<p><a href=\"https:\/\/www.rwg-bayreuth.de\/home\/wp-content\/uploads\/2018\/06\/Gruppe-im-Schneefeld-k.jpg\"><img loading=\"lazy\" decoding=\"async\" src=\"https:\/\/www.rwg-bayreuth.de\/home\/wp-content\/uploads\/2018\/06\/Gruppe-im-Schneefeld-k-338x450.jpg\" alt=\"\" width=\"338\" height=\"450\" class=\"alignright size-medium wp-image-19219\" srcset=\"https:\/\/www.rwg-bayreuth.de\/home\/wp-content\/uploads\/2018\/06\/Gruppe-im-Schneefeld-k-338x450.jpg 338w, https:\/\/www.rwg-bayreuth.de\/home\/wp-content\/uploads\/2018\/06\/Gruppe-im-Schneefeld-k-768x1024.jpg 768w, https:\/\/www.rwg-bayreuth.de\/home\/wp-content\/uploads\/2018\/06\/Gruppe-im-Schneefeld-k-250x333.jpg 250w, https:\/\/www.rwg-bayreuth.de\/home\/wp-content\/uploads\/2018\/06\/Gruppe-im-Schneefeld-k.jpg 1024w\" sizes=\"(max-width: 338px) 100vw, 338px\" \/><\/a>Fit und blasenfrei konnten wir nach dem leckeren Fr\u00fchst\u00fcck in den n\u00e4chsten Tag starten. Die von unseren Lehrern eigentlich geplante Tour zum Aiplspitz musste leider am Vortag auf Grund von zu viel Schnee spontan umgeplant werden, sodass eine 8km lange Route mit 380HM vor uns lag, bei der wir leider die ersten Stunden von leichtem Nieselregen und Nebel begleitet wurden. Nachdem wir den zweiten Gipfel (Rauhkopf) erklommen hatten, kam gl\u00fccklicherweise schnell die Sonne hervor und wir machten uns auch schon \u00fcber den Spitzing&shy;sattel auf den R\u00fcckweg zu den Autos.  Bei dieser Strecke wurden wir abschlie\u00dfend nochmal besonders auf Tritt&shy;festigkeit und Schwindel&shy;freiheit gepr\u00fcft, da das rutschige, unebene und mit Hindernissen versehene Gef\u00e4lle wohl eher einem Adventure&shy;trip als einem sicheren Wander&shy;pfad glich.  Am Parkplatz angekommen traten wir um 12 Uhr bereits die Heimkehr an mit dem Fazit: \u201eMia san fit f\u00fcr unsere Abifohrt!\u201c <\/p>\n<p>Ein gro\u00dfes Dankesch\u00f6n an unseren Sponsor LEKI und selbstverst\u00e4ndlich auch an Frau Rupp und Herrn B\u00f6hner, die sich intensiv mit der Organisation f\u00fcr die Testwanderung besch\u00e4ftigt haben.<\/p>\n<p><em>Lena Neuner (Q11)<\/em><\/p>\n","protected":false},"excerpt":{"rendered":"<p>\u201eMit schwerem Reisegep\u00e4ck auf dem R\u00fccken von H\u00fctte zu H\u00fctte und dann auch noch bergauf?! Also, so hab ich mir meine letzte chillige Schulwoche definitiv nicht vorgestellt\u2026 Da bin ich eh viel zu unsportlich und au\u00dferdem gibt\u00b4s da bestimmt kein gutes Mobilfunknetz.\u201c Ausreden findet doch jeder von uns! Trotz allem werden sich auch dieses Jahr&hellip;<\/p>\n","protected":false},"author":11,"featured_media":19222,"comment_status":"closed","ping_status":"closed","sticky":false,"template":"","format":"standard","meta":{"footnotes":""},"categories":[1],"tags":[65,51],"_links":{"self":[{"href":"https:\/\/www.rwg-bayreuth.de\/home\/index.php?rest_route=\/wp\/v2\/posts\/19218"}],"collection":[{"href":"https:\/\/www.rwg-bayreuth.de\/home\/index.php?rest_route=\/wp\/v2\/posts"}],"about":[{"href":"https:\/\/www.rwg-bayreuth.de\/home\/index.php?rest_route=\/wp\/v2\/types\/post"}],"author":[{"embeddable":true,"href":"https:\/\/www.rwg-bayreuth.de\/home\/index.php?rest_route=\/wp\/v2\/users\/11"}],"replies":[{"embeddable":true,"href":"https:\/\/www.rwg-bayreuth.de\/home\/index.php?rest_route=%2Fwp%2Fv2%2Fcomments&post=19218"}],"version-history":[{"count":5,"href":"https:\/\/www.rwg-bayreuth.de\/home\/index.php?rest_route=\/wp\/v2\/posts\/19218\/revisions"}],"predecessor-version":[{"id":19228,"href":"https:\/\/www.rwg-bayreuth.de\/home\/index.php?rest_route=\/wp\/v2\/posts\/19218\/revisions\/19228"}],"wp:featuredmedia":[{"embeddable":true,"href":"https:\/\/www.rwg-bayreuth.de\/home\/index.php?rest_route=\/wp\/v2\/media\/19222"}],"wp:attachment":[{"href":"https:\/\/www.rwg-bayreuth.de\/home\/index.php?rest_route=%2Fwp%2Fv2%2Fmedia&parent=19218"}],"wp:term":[{"taxonomy":"category","embeddable":true,"href":"https:\/\/www.rwg-bayreuth.de\/home\/index.php?rest_route=%2Fwp%2Fv2%2Fcategories&post=19218"},{"taxonomy":"post_tag","embeddable":true,"href":"https:\/\/www.rwg-bayreuth.de\/home\/index.php?rest_route=%2Fwp%2Fv2%2Ftags&post=19218"}],"curies":[{"name":"wp","href":"https:\/\/api.w.org\/{rel}","templated":true}]}}