{"id":19169,"date":"2018-05-13T10:54:09","date_gmt":"2018-05-13T08:54:09","guid":{"rendered":"http:\/\/www.rwg-bayreuth.de\/home\/?p=19169"},"modified":"2019-01-28T16:51:19","modified_gmt":"2019-01-28T15:51:19","slug":"diskutieren-wie-die-politiker","status":"publish","type":"post","link":"https:\/\/www.rwg-bayreuth.de\/home\/?p=19169","title":{"rendered":"Diskutieren wie die Politiker"},"content":{"rendered":"<div id=\"attachment_19170\" style=\"width: 460px\" class=\"wp-caption aligncenter\"><a href=\"https:\/\/www.rwg-bayreuth.de\/home\/wp-content\/uploads\/2018\/05\/17-18-Schney-450.jpg\"><img loading=\"lazy\" decoding=\"async\" aria-describedby=\"caption-attachment-19170\" src=\"https:\/\/www.rwg-bayreuth.de\/home\/wp-content\/uploads\/2018\/05\/17-18-Schney-450.jpg\" alt=\"\" width=\"450\" height=\"322\" class=\"size-full wp-image-19170\" srcset=\"https:\/\/www.rwg-bayreuth.de\/home\/wp-content\/uploads\/2018\/05\/17-18-Schney-450.jpg 450w, https:\/\/www.rwg-bayreuth.de\/home\/wp-content\/uploads\/2018\/05\/17-18-Schney-450-250x179.jpg 250w\" sizes=\"(max-width: 450px) 100vw, 450px\" \/><\/a><p id=\"caption-attachment-19170\" class=\"wp-caption-text\">Schloss Schney ist ein sch\u00f6nes Barockschloss am Stadtrand von Lichtenfels<\/p><\/div>\n<p>Mit der Europ\u00e4ischen Union befasste sich eine Sch\u00fclergruppe unserer Sch\u00fcler bei einem Seminar auf Schloss Schney. Hier ist ein Bericht von Emely Richter:<\/p>\n<p>Endlich hatten wir nach einer langen Zugfahrt unser Ziel erreicht: Die Franken-Akademie Schloss Schney. Wir widmeten uns dort in den drei Tagen Aufenthalt dem Thema \u201eDie Europ\u00e4ische Union\u201c und lernten so, was es hei\u00dft Europ\u00e4er zu sein. <\/p>\n<p>Abgesehen von den informativen Seminarvortr\u00e4gen durften wir auch selbst in kleinen Gruppen verschiedene Themen bearbeiten, welche wir anschie\u00dfend vor laufender Kamera pr\u00e4sentiert haben. Wir lernten nicht nur die Entstehung, die Probleme und Gefahren der EU kennen, sondern auch was Rhetorik und Kommunikation bedeutet. Zusammen meisterten wir die schwierigeren Teile der Seminare und lie\u00dfen uns das gute Essen schmecken. Wir hatten viel Spa\u00df beim Debattieren, Recherchieren und dabei, einmal so zu sprechen wie ein richtiger Politiker am Rednerpult. <\/p>\n<p>Zusammenfassend kann man sagen, dass wir alle sehr viel neues Wissen \u00fcber die Europ\u00e4ische Union mit nach Hause genommen haben.<br \/>\n<em><br \/>\nVon Emely Richter<\/em><\/p>\n","protected":false},"excerpt":{"rendered":"<p>Mit der Europ\u00e4ischen Union befasste sich eine Sch\u00fclergruppe unserer Sch\u00fcler bei einem Seminar auf Schloss Schney. Hier ist ein Bericht von Emely Richter: Endlich hatten wir nach einer langen Zugfahrt unser Ziel erreicht: Die Franken-Akademie Schloss Schney. Wir widmeten uns dort in den drei Tagen Aufenthalt dem Thema \u201eDie Europ\u00e4ische Union\u201c und lernten so, was&hellip;<\/p>\n","protected":false},"author":1,"featured_media":19170,"comment_status":"closed","ping_status":"closed","sticky":false,"template":"","format":"standard","meta":{"footnotes":""},"categories":[1],"tags":[51,52],"_links":{"self":[{"href":"https:\/\/www.rwg-bayreuth.de\/home\/index.php?rest_route=\/wp\/v2\/posts\/19169"}],"collection":[{"href":"https:\/\/www.rwg-bayreuth.de\/home\/index.php?rest_route=\/wp\/v2\/posts"}],"about":[{"href":"https:\/\/www.rwg-bayreuth.de\/home\/index.php?rest_route=\/wp\/v2\/types\/post"}],"author":[{"embeddable":true,"href":"https:\/\/www.rwg-bayreuth.de\/home\/index.php?rest_route=\/wp\/v2\/users\/1"}],"replies":[{"embeddable":true,"href":"https:\/\/www.rwg-bayreuth.de\/home\/index.php?rest_route=%2Fwp%2Fv2%2Fcomments&post=19169"}],"version-history":[{"count":1,"href":"https:\/\/www.rwg-bayreuth.de\/home\/index.php?rest_route=\/wp\/v2\/posts\/19169\/revisions"}],"predecessor-version":[{"id":19171,"href":"https:\/\/www.rwg-bayreuth.de\/home\/index.php?rest_route=\/wp\/v2\/posts\/19169\/revisions\/19171"}],"wp:featuredmedia":[{"embeddable":true,"href":"https:\/\/www.rwg-bayreuth.de\/home\/index.php?rest_route=\/wp\/v2\/media\/19170"}],"wp:attachment":[{"href":"https:\/\/www.rwg-bayreuth.de\/home\/index.php?rest_route=%2Fwp%2Fv2%2Fmedia&parent=19169"}],"wp:term":[{"taxonomy":"category","embeddable":true,"href":"https:\/\/www.rwg-bayreuth.de\/home\/index.php?rest_route=%2Fwp%2Fv2%2Fcategories&post=19169"},{"taxonomy":"post_tag","embeddable":true,"href":"https:\/\/www.rwg-bayreuth.de\/home\/index.php?rest_route=%2Fwp%2Fv2%2Ftags&post=19169"}],"curies":[{"name":"wp","href":"https:\/\/api.w.org\/{rel}","templated":true}]}}