{"id":18917,"date":"2018-04-21T13:47:04","date_gmt":"2018-04-21T11:47:04","guid":{"rendered":"http:\/\/www.rwg-bayreuth.de\/home\/?p=18917"},"modified":"2023-01-08T19:35:54","modified_gmt":"2023-01-08T18:35:54","slug":"10-gute-gruende-fuer-das-rwg","status":"publish","type":"post","link":"https:\/\/www.rwg-bayreuth.de\/home\/?p=18917","title":{"rendered":"10 gute Gr\u00fcnde f\u00fcr das RWG &#8211; Infotag 2018"},"content":{"rendered":"<div id=\"attachment_18919\" style=\"width: 1034px\" class=\"wp-caption aligncenter\"><a href=\"https:\/\/www.rwg-bayreuth.de\/home\/wp-content\/uploads\/2018\/04\/17-18-Infotag-M\u00fctzen1024.jpg\"><img loading=\"lazy\" decoding=\"async\" aria-describedby=\"caption-attachment-18919\" class=\"size-full wp-image-18919\" src=\"https:\/\/www.rwg-bayreuth.de\/home\/wp-content\/uploads\/2018\/04\/17-18-Infotag-M\u00fctzen1024.jpg\" alt=\"\" width=\"1024\" height=\"702\" srcset=\"https:\/\/www.rwg-bayreuth.de\/home\/wp-content\/uploads\/2018\/04\/17-18-Infotag-M\u00fctzen1024.jpg 1024w, https:\/\/www.rwg-bayreuth.de\/home\/wp-content\/uploads\/2018\/04\/17-18-Infotag-M\u00fctzen1024-450x308.jpg 450w, https:\/\/www.rwg-bayreuth.de\/home\/wp-content\/uploads\/2018\/04\/17-18-Infotag-M\u00fctzen1024-768x527.jpg 768w, https:\/\/www.rwg-bayreuth.de\/home\/wp-content\/uploads\/2018\/04\/17-18-Infotag-M\u00fctzen1024-250x171.jpg 250w\" sizes=\"(max-width: 1024px) 100vw, 1024px\" \/><\/a><p id=\"caption-attachment-18919\" class=\"wp-caption-text\">Gespannt warteten alle, was es am RWG zu erkunden geben w\u00fcrde: Mit der M\u00fctze konnte jeder seinen Profilschwerpunkt ausw\u00e4hlen.<\/p><\/div>\n<p>Mit einem Info-Tag stellte sich das RWG den Viertkl\u00e4sslern und ihren Eltern vor. Im Mittelpunkt stand das Profilprogramm f\u00fcr die n\u00e4chsten f\u00fcnften Klassen. \u201eEntdecke, was in die steckt\u201c, hei\u00dft das Motto des Angebots \u2013 einer von zehn Gr\u00fcnden, die f\u00fcr das RWG sprechen.<\/p>\n<p>Schulleiterin Ursula Graf stellte den Eltern diese zehn Punkte vor, die das RWG als Schule im Herzen der Stadt auszeichnen. <strong> <a href=\"https:\/\/www.rwg-bayreuth.de\/home\/?p=24075\">[Zehn gute Gr\u00fcnde f\u00fcr das RWG\u2026]<\/a><br \/>\n<\/strong><\/p>\n<p>Bei der Info-Veranstaltung wurde das neue Konzept ausf\u00fchrlich pr\u00e4sentiert. F\u00fcr die neuen F\u00fcnftkl\u00e4ssler wird es f\u00fcnf Profilbereiche geben, die im normalen Stundenplan unterrichtet werden \u2013 ganz ohne Nachmittagsunterricht <a href=\"https:\/\/www.rwg-bayreuth.de\/home\/?page_id=29773\">[mehr\u2026]<\/a>.<\/p>\n<p>Die Sch\u00fclerinnen und Sch\u00fcler, die mit ihren Eltern sehr zahlreich zum Infotag gekommen waren, konnten die Aktivit\u00e4ten gleich ausprobieren und sehen, was in ihnen steckt <a href=\"https:\/\/www.rwg-bayreuth.de\/home\/?p=19000\">[mehr\u2026]<\/a><\/p>\n<div id=\"attachment_18927\" style=\"width: 1034px\" class=\"wp-caption aligncenter\"><a href=\"https:\/\/www.rwg-bayreuth.de\/home\/wp-content\/uploads\/2018\/04\/17-18-Infotag-Hof1024.jpg\"><img loading=\"lazy\" decoding=\"async\" aria-describedby=\"caption-attachment-18927\" class=\"size-full wp-image-18927\" src=\"https:\/\/www.rwg-bayreuth.de\/home\/wp-content\/uploads\/2018\/04\/17-18-Infotag-Hof1024.jpg\" alt=\"\" width=\"1024\" height=\"615\" srcset=\"https:\/\/www.rwg-bayreuth.de\/home\/wp-content\/uploads\/2018\/04\/17-18-Infotag-Hof1024.jpg 1024w, https:\/\/www.rwg-bayreuth.de\/home\/wp-content\/uploads\/2018\/04\/17-18-Infotag-Hof1024-450x270.jpg 450w, https:\/\/www.rwg-bayreuth.de\/home\/wp-content\/uploads\/2018\/04\/17-18-Infotag-Hof1024-768x461.jpg 768w, https:\/\/www.rwg-bayreuth.de\/home\/wp-content\/uploads\/2018\/04\/17-18-Infotag-Hof1024-250x150.jpg 250w\" sizes=\"(max-width: 1024px) 100vw, 1024px\" \/><\/a><p id=\"caption-attachment-18927\" class=\"wp-caption-text\">Eine Oase in der Stadt ist unser RWG-Pausenhof. Hier trafen sich alle zum Hausrundgang.<\/p><\/div>\n<p>Beim Rundgang durchs Haus gab es Gelegenheit, die Schule kennen zu lernen. Dazu geh\u00f6rte nicht nur die Vorstellung des Programms an Aktivit\u00e4ten, das die n\u00e4chsten F\u00fcnftkl\u00e4ssler erwartet, sondern auch Unterhaltung und nat\u00fcrlich Informationen \u00fcber die Schule und ihr Zweigangebot. Auch die Verpflegung durfte nicht zu kurz kommen, sei es in der Mensa oder in der Pausenhalle, wo der Elternbeirat ein \u00fcppiges B\u00fcfett vorbereitet hatte.<\/p>\n<div id=\"attachment_18930\" style=\"width: 460px\" class=\"wp-caption aligncenter\"><a href=\"https:\/\/www.rwg-bayreuth.de\/home\/wp-content\/uploads\/2018\/04\/17-18-Infotag-Chor-450.jpg\"><img loading=\"lazy\" decoding=\"async\" aria-describedby=\"caption-attachment-18930\" class=\"size-full wp-image-18930\" src=\"https:\/\/www.rwg-bayreuth.de\/home\/wp-content\/uploads\/2018\/04\/17-18-Infotag-Chor-450.jpg\" alt=\"\" width=\"450\" height=\"298\" srcset=\"https:\/\/www.rwg-bayreuth.de\/home\/wp-content\/uploads\/2018\/04\/17-18-Infotag-Chor-450.jpg 450w, https:\/\/www.rwg-bayreuth.de\/home\/wp-content\/uploads\/2018\/04\/17-18-Infotag-Chor-450-250x166.jpg 250w\" sizes=\"(max-width: 450px) 100vw, 450px\" \/><\/a><p id=\"caption-attachment-18930\" class=\"wp-caption-text\">Die jetztigen F\u00fcnft- und Sechstkl\u00e4ssler hie\u00dfen die potentiell Neuen willkommen.<\/p><\/div>\n<p>In der Turnhalle hatten die Sch\u00fcler des RWG zur Begr\u00fc\u00dfung und Einstimmung Lied- und Sportvorf\u00fchrungen einstudiert.<\/p>\n<p><a href=\"https:\/\/www.rwg-bayreuth.de\/home\/wp-content\/uploads\/2018\/04\/Symbol-Kamera.jpg\"><img loading=\"lazy\" decoding=\"async\" src=\"https:\/\/www.rwg-bayreuth.de\/home\/wp-content\/uploads\/2018\/04\/Symbol-Kamera.jpg\" alt=\"\" width=\"25\" height=\"25\" class=\"alignleft size-full wp-image-18908\"><\/a><a href=\"https:\/\/youtu.be\/g38H8SCPE3o\" rel=\"noopener noreferrer\" target=\"_blank\">[Video: Begr\u00fc\u00dfung der F\u00fcnftkl\u00e4ssler&#8230;]<\/a><\/p>\n<p>Die jetzigen F\u00fcnft- und Sechstkl\u00e4ssler zeigten im flotten Gesang, dass Schule etwas Fr\u00f6hliches sein kann \u2013 und dass jeder willkommen ist. Dazu hatten sie Mark Forster ausgesucht: \u201eDer beste Mensch bist du \/ Ich roll&#8216; den roten Teppich aus \/ Durch die Stadt, bis vor dein Haus \/ Du bist das Ding f\u00fcr mich \/ Und die Ch\u00f6re singen f\u00fcr dich\u201c, begr\u00fc\u00dften sie ihre Noch-Nicht-Ganz-Altersgenossen.<\/p>\n<div id=\"attachment_18931\" style=\"width: 460px\" class=\"wp-caption aligncenter\"><a href=\"https:\/\/www.rwg-bayreuth.de\/home\/wp-content\/uploads\/2018\/04\/17-18-Infotag-Tanz-450.jpg\"><img loading=\"lazy\" decoding=\"async\" aria-describedby=\"caption-attachment-18931\" class=\"size-full wp-image-18931\" src=\"https:\/\/www.rwg-bayreuth.de\/home\/wp-content\/uploads\/2018\/04\/17-18-Infotag-Tanz-450.jpg\" alt=\"\" width=\"450\" height=\"298\" srcset=\"https:\/\/www.rwg-bayreuth.de\/home\/wp-content\/uploads\/2018\/04\/17-18-Infotag-Tanz-450.jpg 450w, https:\/\/www.rwg-bayreuth.de\/home\/wp-content\/uploads\/2018\/04\/17-18-Infotag-Tanz-450-250x166.jpg 250w\" sizes=\"(max-width: 450px) 100vw, 450px\" \/><\/a><p id=\"caption-attachment-18931\" class=\"wp-caption-text\">Sch\u00f6n anzusehen war der B\u00e4ndertanz der Sch\u00fclerinnen.<\/p><\/div>\n<p>Ein B\u00e4ndertanz der Gro\u00dfen demonstrierte, dass Bewegung und Harmonie bestens zusammenpassen.<\/p>\n<p><a href=\"https:\/\/www.rwg-bayreuth.de\/home\/wp-content\/uploads\/2018\/04\/Symbol-Kamera.jpg\"><img loading=\"lazy\" decoding=\"async\" src=\"https:\/\/www.rwg-bayreuth.de\/home\/wp-content\/uploads\/2018\/04\/Symbol-Kamera.jpg\" alt=\"\" width=\"25\" height=\"25\" class=\"alignleft size-full wp-image-18908\"><\/a><a href=\"https:\/\/youtu.be\/Oqv1G2nB-U8\" rel=\"noopener noreferrer\" target=\"_blank\">[Video: B\u00e4ndertanz&#8230;]<\/a><\/p>\n<p>Die Parcours-Artisten gaben einen Eindruck, was es hei\u00dft, seine Grenzen auszuloten.<\/p>\n<p><a href=\"https:\/\/www.rwg-bayreuth.de\/home\/wp-content\/uploads\/2018\/04\/Symbol-Kamera.jpg\"><img loading=\"lazy\" decoding=\"async\" src=\"https:\/\/www.rwg-bayreuth.de\/home\/wp-content\/uploads\/2018\/04\/Symbol-Kamera.jpg\" alt=\"\" width=\"25\" height=\"25\" class=\"alignleft size-full wp-image-18908\"><\/a><a href=\"https:\/\/youtu.be\/ZBZtryudjnc\" rel=\"noopener noreferrer\" target=\"_blank\">[Video: Parcours-Artisten bei der Vorf\u00fchrung&#8230;]<\/a><\/p>\n<div id=\"attachment_18932\" style=\"width: 460px\" class=\"wp-caption aligncenter\"><a href=\"https:\/\/www.rwg-bayreuth.de\/home\/wp-content\/uploads\/2018\/04\/17-18-Infotag-Experimente-450.jpg\"><img loading=\"lazy\" decoding=\"async\" aria-describedby=\"caption-attachment-18932\" class=\"size-full wp-image-18932\" src=\"https:\/\/www.rwg-bayreuth.de\/home\/wp-content\/uploads\/2018\/04\/17-18-Infotag-Experimente-450.jpg\" alt=\"\" width=\"450\" height=\"338\" srcset=\"https:\/\/www.rwg-bayreuth.de\/home\/wp-content\/uploads\/2018\/04\/17-18-Infotag-Experimente-450.jpg 450w, https:\/\/www.rwg-bayreuth.de\/home\/wp-content\/uploads\/2018\/04\/17-18-Infotag-Experimente-450-250x188.jpg 250w\" sizes=\"(max-width: 450px) 100vw, 450px\" \/><\/a><p id=\"caption-attachment-18932\" class=\"wp-caption-text\">F\u00fcr die Neuen gab es f\u00fcnf Stationen, um zu erkunden, was in ihnen steckt &#8211; zum Beispiel Experimentieren.<\/p><\/div>\n<p>W\u00e4hrend die Eltern den Informationen zur Schule, den Besonderheiten des RWG und den Schulzweigen lauschten, konnten ihre Kinder zusammen mit den Tutoren und sp\u00e4ter auch noch mit den Eltern die Workshops erkunden. <a href=\"https:\/\/www.rwg-bayreuth.de\/home\/?p=19000\">[mehr&#8230;]<\/a> Gem\u00e4\u00df dem Motto \u201eEntdecke, was in dir steckt\u2026\u201c konnten sich die Kinder am Beginn des Info-Tag aussuchen, welche Aktivit\u00e4t sie ausprobieren wollten und konnten sich zwei genau f\u00fcr sie passende Optionen zusammenstellen. Schlie\u00dflich meint es das RWG ernst mit dem Bem\u00fchen, sich im jedes Kind k\u00fcmmern zu wollen.<\/p>\n","protected":false},"excerpt":{"rendered":"<p>Mit einem Info-Tag stellte sich das RWG den Viertkl\u00e4sslern und ihren Eltern vor. Im Mittelpunkt stand das Profilprogramm f\u00fcr die n\u00e4chsten f\u00fcnften Klassen. \u201eEntdecke, was in die steckt\u201c, hei\u00dft das Motto des Angebots \u2013 einer von zehn Gr\u00fcnden, die f\u00fcr das RWG sprechen. Schulleiterin Ursula Graf stellte den Eltern diese zehn Punkte vor, die das&hellip;<\/p>\n","protected":false},"author":1,"featured_media":18919,"comment_status":"closed","ping_status":"closed","sticky":false,"template":"","format":"standard","meta":{"footnotes":""},"categories":[1],"tags":[51,125],"_links":{"self":[{"href":"https:\/\/www.rwg-bayreuth.de\/home\/index.php?rest_route=\/wp\/v2\/posts\/18917"}],"collection":[{"href":"https:\/\/www.rwg-bayreuth.de\/home\/index.php?rest_route=\/wp\/v2\/posts"}],"about":[{"href":"https:\/\/www.rwg-bayreuth.de\/home\/index.php?rest_route=\/wp\/v2\/types\/post"}],"author":[{"embeddable":true,"href":"https:\/\/www.rwg-bayreuth.de\/home\/index.php?rest_route=\/wp\/v2\/users\/1"}],"replies":[{"embeddable":true,"href":"https:\/\/www.rwg-bayreuth.de\/home\/index.php?rest_route=%2Fwp%2Fv2%2Fcomments&post=18917"}],"version-history":[{"count":26,"href":"https:\/\/www.rwg-bayreuth.de\/home\/index.php?rest_route=\/wp\/v2\/posts\/18917\/revisions"}],"predecessor-version":[{"id":33071,"href":"https:\/\/www.rwg-bayreuth.de\/home\/index.php?rest_route=\/wp\/v2\/posts\/18917\/revisions\/33071"}],"wp:featuredmedia":[{"embeddable":true,"href":"https:\/\/www.rwg-bayreuth.de\/home\/index.php?rest_route=\/wp\/v2\/media\/18919"}],"wp:attachment":[{"href":"https:\/\/www.rwg-bayreuth.de\/home\/index.php?rest_route=%2Fwp%2Fv2%2Fmedia&parent=18917"}],"wp:term":[{"taxonomy":"category","embeddable":true,"href":"https:\/\/www.rwg-bayreuth.de\/home\/index.php?rest_route=%2Fwp%2Fv2%2Fcategories&post=18917"},{"taxonomy":"post_tag","embeddable":true,"href":"https:\/\/www.rwg-bayreuth.de\/home\/index.php?rest_route=%2Fwp%2Fv2%2Ftags&post=18917"}],"curies":[{"name":"wp","href":"https:\/\/api.w.org\/{rel}","templated":true}]}}