{"id":18868,"date":"2018-04-08T19:36:48","date_gmt":"2018-04-08T17:36:48","guid":{"rendered":"http:\/\/www.rwg-bayreuth.de\/home\/?p=18868"},"modified":"2018-04-08T19:47:06","modified_gmt":"2018-04-08T17:47:06","slug":"helfen-wenn-die-seele-krank-ist","status":"publish","type":"post","link":"https:\/\/www.rwg-bayreuth.de\/home\/?p=18868","title":{"rendered":"Helfen, wenn die Seele krank ist"},"content":{"rendered":"<div id=\"attachment_18869\" style=\"width: 460px\" class=\"wp-caption aligncenter\"><a href=\"https:\/\/www.rwg-bayreuth.de\/home\/wp-content\/uploads\/2018\/04\/17-18-Psychisch-Kranke-SWG-450.jpg\"><img loading=\"lazy\" decoding=\"async\" aria-describedby=\"caption-attachment-18869\" src=\"https:\/\/www.rwg-bayreuth.de\/home\/wp-content\/uploads\/2018\/04\/17-18-Psychisch-Kranke-SWG-450.jpg\" alt=\"\" width=\"450\" height=\"312\" class=\"size-full wp-image-18869\" srcset=\"https:\/\/www.rwg-bayreuth.de\/home\/wp-content\/uploads\/2018\/04\/17-18-Psychisch-Kranke-SWG-450.jpg 450w, https:\/\/www.rwg-bayreuth.de\/home\/wp-content\/uploads\/2018\/04\/17-18-Psychisch-Kranke-SWG-450-250x173.jpg 250w\" sizes=\"(max-width: 450px) 100vw, 450px\" \/><\/a><p id=\"caption-attachment-18869\" class=\"wp-caption-text\">Zum Seminar geh\u00f6rten auch praktische \u00dcbungen im Umgang mit anderen.<\/p><\/div>\n<p>In Zusammenarbeit mit dem Verein AKP (Angeh\u00f6rige psychisch Kranker) fand f\u00fcr die Sch\u00fclerInnen der 9. Klassen im sozialwissenschaftlichen Zweig ein Projekttag zum Thema \u201eAngst &#8211; Depression &#8211; Sucht\u201c statt.<\/p>\n<p>Die Sch\u00fclerinnen und Sch\u00fcler lernten an diesem Vormittag, der unter dem Thema \u201eVerr\u00fcckt &#8211; na und?\u201c stand, viele interessante Dinge \u00fcber psychische Erkrankungen. Im ersten Teil fand eine Einf\u00fchrung in das Thema statt. Dabei beantworteten die Sch\u00fcler zun\u00e4chst die Fragen \u201eWas ist normal?\u201c bzw. \u201eWas ist verr\u00fcckt?\u201c, wobei sehr unterschiedliche Ergebnisse herauskamen. <\/p>\n<p>Dann zeigten uns die beiden Referentinnen, die im Namen des Verein APK diesen Projekttag mit uns durchf\u00fchrten, eine Power-Point-Pr\u00e4sentation \u00fcber die Definitionen von \u201enormal\u201c und \u201epsychisch krank\u201c. Danach beantworteten wir die Frage, welche unserer Eigenschaften wir auf eine Reise mitnehmen und welche wir zu Hause lassen w\u00fcrden. <\/p>\n<p>Im Anschluss daran machten wir eine \u00dcbung, bei der jede\/jeder einem Klassenkameraden jeweils eine positive und negative Eigenschaft zuordnen sollte. Nun wurden uns noch einige interessante Zahlen zum Thema \u201epsychische Erkrankungen\u201c pr\u00e4sentiert, wie z.B. dass jeder Dritte im Laufe seines Lebens einmal von einer psychischen Erkrankung betroffen ist. Nach einer 15-min\u00fctigen Pause gingen wir frisch gest\u00e4rkt in den zweiten Teil des Projektes, der aus Gruppenarbeit bestand. <\/p>\n<p>Nachdem in den Gruppen etwa eine Stunde lang \u00fcber Themen wie Umgang mit Gef\u00fchlen, Selbstempfindung und seelische Gesundheit diskutiert wurde, legten wir erneut eine kurze Pause ein. Anschlie\u00dfend besprachen wir alle zusammen die Ergebnisse der einzelnen Kleingruppen. Im letzten Teil der Veranstaltung erz\u00e4hlte eine der beiden Damen ihre pers\u00f6nliche Krankheitsgeschichte und beantwortete unsere Fragen dazu. Zum Abschluss gab dann jeder seine pers\u00f6nliche R\u00fcckmeldung zu diesem wirklich sehr lehrreichen und spannenden Projekttag.<\/p>\n<p>Wir w\u00fcrden uns freuen, wenn wir \u00e4hnliche Projekte auch in Zukunft an unserer Schule durchf\u00fchren k\u00f6nnten.<\/p>\n<p>Lisda Schulz und Michelle Borowsky, 9b <\/p>\n","protected":false},"excerpt":{"rendered":"<p>In Zusammenarbeit mit dem Verein AKP (Angeh\u00f6rige psychisch Kranker) fand f\u00fcr die Sch\u00fclerInnen der 9. Klassen im sozialwissenschaftlichen Zweig ein Projekttag zum Thema \u201eAngst &#8211; Depression &#8211; Sucht\u201c statt. Die Sch\u00fclerinnen und Sch\u00fcler lernten an diesem Vormittag, der unter dem Thema \u201eVerr\u00fcckt &#8211; na und?\u201c stand, viele interessante Dinge \u00fcber psychische Erkrankungen. Im ersten Teil&hellip;<\/p>\n","protected":false},"author":2,"featured_media":18869,"comment_status":"closed","ping_status":"closed","sticky":false,"template":"","format":"standard","meta":{"footnotes":""},"categories":[1],"tags":[51],"_links":{"self":[{"href":"https:\/\/www.rwg-bayreuth.de\/home\/index.php?rest_route=\/wp\/v2\/posts\/18868"}],"collection":[{"href":"https:\/\/www.rwg-bayreuth.de\/home\/index.php?rest_route=\/wp\/v2\/posts"}],"about":[{"href":"https:\/\/www.rwg-bayreuth.de\/home\/index.php?rest_route=\/wp\/v2\/types\/post"}],"author":[{"embeddable":true,"href":"https:\/\/www.rwg-bayreuth.de\/home\/index.php?rest_route=\/wp\/v2\/users\/2"}],"replies":[{"embeddable":true,"href":"https:\/\/www.rwg-bayreuth.de\/home\/index.php?rest_route=%2Fwp%2Fv2%2Fcomments&post=18868"}],"version-history":[{"count":2,"href":"https:\/\/www.rwg-bayreuth.de\/home\/index.php?rest_route=\/wp\/v2\/posts\/18868\/revisions"}],"predecessor-version":[{"id":18872,"href":"https:\/\/www.rwg-bayreuth.de\/home\/index.php?rest_route=\/wp\/v2\/posts\/18868\/revisions\/18872"}],"wp:featuredmedia":[{"embeddable":true,"href":"https:\/\/www.rwg-bayreuth.de\/home\/index.php?rest_route=\/wp\/v2\/media\/18869"}],"wp:attachment":[{"href":"https:\/\/www.rwg-bayreuth.de\/home\/index.php?rest_route=%2Fwp%2Fv2%2Fmedia&parent=18868"}],"wp:term":[{"taxonomy":"category","embeddable":true,"href":"https:\/\/www.rwg-bayreuth.de\/home\/index.php?rest_route=%2Fwp%2Fv2%2Fcategories&post=18868"},{"taxonomy":"post_tag","embeddable":true,"href":"https:\/\/www.rwg-bayreuth.de\/home\/index.php?rest_route=%2Fwp%2Fv2%2Ftags&post=18868"}],"curies":[{"name":"wp","href":"https:\/\/api.w.org\/{rel}","templated":true}]}}