{"id":18859,"date":"2018-04-05T12:08:19","date_gmt":"2018-04-05T10:08:19","guid":{"rendered":"http:\/\/www.rwg-bayreuth.de\/home\/?p=18859"},"modified":"2018-04-16T16:48:08","modified_gmt":"2018-04-16T14:48:08","slug":"eintag-fuer-die-begabten","status":"publish","type":"post","link":"https:\/\/www.rwg-bayreuth.de\/home\/?p=18859","title":{"rendered":"Ein Tag f\u00fcr die Begabten"},"content":{"rendered":"<div id=\"attachment_18860\" style=\"width: 460px\" class=\"wp-caption aligncenter\"><a href=\"https:\/\/www.rwg-bayreuth.de\/home\/wp-content\/uploads\/2018\/04\/7-18-Tag-der-Begabtenf\u00f6rderung-450.jpg\"><img loading=\"lazy\" decoding=\"async\" aria-describedby=\"caption-attachment-18860\" src=\"https:\/\/www.rwg-bayreuth.de\/home\/wp-content\/uploads\/2018\/04\/7-18-Tag-der-Begabtenf\u00f6rderung-450.jpg\" alt=\"\" width=\"450\" height=\"297\" class=\"size-full wp-image-18860\" srcset=\"https:\/\/www.rwg-bayreuth.de\/home\/wp-content\/uploads\/2018\/04\/7-18-Tag-der-Begabtenf\u00f6rderung-450.jpg 450w, https:\/\/www.rwg-bayreuth.de\/home\/wp-content\/uploads\/2018\/04\/7-18-Tag-der-Begabtenf\u00f6rderung-450-250x165.jpg 250w\" sizes=\"(max-width: 450px) 100vw, 450px\" \/><\/a><p id=\"caption-attachment-18860\" class=\"wp-caption-text\">Am Ende des Tages gab es bei allen Teilnehmern zufriedene Gesichter &#8211; und eine Urkunde.<\/p><\/div>\n<p>Vier Sch\u00fclerinnen und ein Sch\u00fcler der 6. Jahrgangsstufe machten sich gemeinsam mit Frau Scriba auf zum Kleinen Tag der Begabtenf\u00f6rderung.<\/p>\n<p>Dort konnte man zwischen verschiedenen interessanten Workshops w\u00e4hlen, in denen man sich mit anderen Kursteilnehmern und einer Lehrkraft zum Thema auseinandersetzte. Manche Kurse fanden auch au\u00dferhalb des MWG statt, das die Veranstaltung ausrichtete. Einige Sch\u00fcler besuchten zum Beispiel den Nordbayerischen Kurier, gingen in der Studiob\u00fchne auf Erkundungstour oder forschten an der Universit\u00e4t. Aber auch die Arbeitsgruppen, die an der Schule blieben, hatten sich spannende Themen ausgesucht. So wurden zum Beispiel Einblicke in die chinesische Kultur und Sprache oder ein Schnupperkurs in Altgriechisch geboten. Auch f\u00fcr eine Mittagsverpflegung war gesorgt. Um 15.30 Uhr trafen sich alle Sch\u00fcler und Lehrer wieder in der Aula und berichteten \u00fcber ihre Aktivit\u00e4ten.<\/p>\n<p>Gegen 16 Uhr konnten alle Teilnehmer dann mit neuen Erfahrungen nach Hause gehen. <\/p>\n<p><em>Kristin Breuer, 6b<\/em><\/p>\n","protected":false},"excerpt":{"rendered":"<p>Vier Sch\u00fclerinnen und ein Sch\u00fcler der 6. Jahrgangsstufe machten sich gemeinsam mit Frau Scriba auf zum Kleinen Tag der Begabtenf\u00f6rderung. Dort konnte man zwischen verschiedenen interessanten Workshops w\u00e4hlen, in denen man sich mit anderen Kursteilnehmern und einer Lehrkraft zum Thema auseinandersetzte. Manche Kurse fanden auch au\u00dferhalb des MWG statt, das die Veranstaltung ausrichtete. Einige Sch\u00fcler&hellip;<\/p>\n","protected":false},"author":2,"featured_media":18860,"comment_status":"closed","ping_status":"closed","sticky":false,"template":"","format":"standard","meta":{"footnotes":""},"categories":[1],"tags":[51],"_links":{"self":[{"href":"https:\/\/www.rwg-bayreuth.de\/home\/index.php?rest_route=\/wp\/v2\/posts\/18859"}],"collection":[{"href":"https:\/\/www.rwg-bayreuth.de\/home\/index.php?rest_route=\/wp\/v2\/posts"}],"about":[{"href":"https:\/\/www.rwg-bayreuth.de\/home\/index.php?rest_route=\/wp\/v2\/types\/post"}],"author":[{"embeddable":true,"href":"https:\/\/www.rwg-bayreuth.de\/home\/index.php?rest_route=\/wp\/v2\/users\/2"}],"replies":[{"embeddable":true,"href":"https:\/\/www.rwg-bayreuth.de\/home\/index.php?rest_route=%2Fwp%2Fv2%2Fcomments&post=18859"}],"version-history":[{"count":4,"href":"https:\/\/www.rwg-bayreuth.de\/home\/index.php?rest_route=\/wp\/v2\/posts\/18859\/revisions"}],"predecessor-version":[{"id":18897,"href":"https:\/\/www.rwg-bayreuth.de\/home\/index.php?rest_route=\/wp\/v2\/posts\/18859\/revisions\/18897"}],"wp:featuredmedia":[{"embeddable":true,"href":"https:\/\/www.rwg-bayreuth.de\/home\/index.php?rest_route=\/wp\/v2\/media\/18860"}],"wp:attachment":[{"href":"https:\/\/www.rwg-bayreuth.de\/home\/index.php?rest_route=%2Fwp%2Fv2%2Fmedia&parent=18859"}],"wp:term":[{"taxonomy":"category","embeddable":true,"href":"https:\/\/www.rwg-bayreuth.de\/home\/index.php?rest_route=%2Fwp%2Fv2%2Fcategories&post=18859"},{"taxonomy":"post_tag","embeddable":true,"href":"https:\/\/www.rwg-bayreuth.de\/home\/index.php?rest_route=%2Fwp%2Fv2%2Ftags&post=18859"}],"curies":[{"name":"wp","href":"https:\/\/api.w.org\/{rel}","templated":true}]}}