{"id":18853,"date":"2018-03-26T14:25:14","date_gmt":"2018-03-26T12:25:14","guid":{"rendered":"http:\/\/www.rwg-bayreuth.de\/home\/?p=18853"},"modified":"2018-04-05T12:11:55","modified_gmt":"2018-04-05T10:11:55","slug":"gespenstische-gestalten","status":"publish","type":"post","link":"https:\/\/www.rwg-bayreuth.de\/home\/?p=18853","title":{"rendered":"Gespenstische Gestalten"},"content":{"rendered":"<div id=\"attachment_18854\" style=\"width: 460px\" class=\"wp-caption aligncenter\"><a href=\"https:\/\/www.rwg-bayreuth.de\/home\/wp-content\/uploads\/2018\/03\/17-18-Zusatzwandertag-9d-450.jpg\"><img loading=\"lazy\" decoding=\"async\" aria-describedby=\"caption-attachment-18854\" src=\"https:\/\/www.rwg-bayreuth.de\/home\/wp-content\/uploads\/2018\/03\/17-18-Zusatzwandertag-9d-450.jpg\" alt=\"\" width=\"450\" height=\"337\" class=\"size-full wp-image-18854\" srcset=\"https:\/\/www.rwg-bayreuth.de\/home\/wp-content\/uploads\/2018\/03\/17-18-Zusatzwandertag-9d-450.jpg 450w, https:\/\/www.rwg-bayreuth.de\/home\/wp-content\/uploads\/2018\/03\/17-18-Zusatzwandertag-9d-450-250x187.jpg 250w\" sizes=\"(max-width: 450px) 100vw, 450px\" \/><\/a><p id=\"caption-attachment-18854\" class=\"wp-caption-text\">Das Schwarzlicht sorgte f\u00fcr eine gespenstische Stimmung.<\/p><\/div>\n<p>Weil sie so flei\u00dfig beim Spendenlauf zum Schuljubil\u00e4um gewesen waren, hatte die Klasse 9d einen Zusatzwandertag erhalten. Hier ist der Bericht.<\/p>\n<p>Endlich war es endlich so weit! Unser Zusatzwandertag, den wir durch unsere Erfolge beim Spendenlauf \u201everdient\u201c hatten! Schon am fr\u00fchen Morgen traten wir unsere Zugfahrt nach N\u00fcrnberg an, wo wir die Schwarzlichtfabrik besuchten.<\/p>\n<p>Nach einer Stunde Anmalen mit speziellen Leuchtfarben ging es f\u00fcr 29 wilde Gestalten, ausgestattet mit 3D-Brillen, auf die Minigolfbahnen im Schwarzlicht. Nicht ganz einfach: Konnte man seinen Sinnen trauen? <\/p>\n<p>Anschlie\u00dfend hatten wir noch etwas freie Zeit in der Innenstadt zur Verf\u00fcgung. Trotz des schlechten Wetters lie\u00dfen wir uns die gute Laune nicht verderben und kamen am sp\u00e4ten Nachmittag wieder in Bayreuth an. <\/p>\n","protected":false},"excerpt":{"rendered":"<p>Weil sie so flei\u00dfig beim Spendenlauf zum Schuljubil\u00e4um gewesen waren, hatte die Klasse 9d einen Zusatzwandertag erhalten. Hier ist der Bericht. Endlich war es endlich so weit! Unser Zusatzwandertag, den wir durch unsere Erfolge beim Spendenlauf \u201everdient\u201c hatten! Schon am fr\u00fchen Morgen traten wir unsere Zugfahrt nach N\u00fcrnberg an, wo wir die Schwarzlichtfabrik besuchten. Nach&hellip;<\/p>\n","protected":false},"author":1,"featured_media":18854,"comment_status":"closed","ping_status":"closed","sticky":false,"template":"","format":"standard","meta":{"footnotes":""},"categories":[1],"tags":[51],"_links":{"self":[{"href":"https:\/\/www.rwg-bayreuth.de\/home\/index.php?rest_route=\/wp\/v2\/posts\/18853"}],"collection":[{"href":"https:\/\/www.rwg-bayreuth.de\/home\/index.php?rest_route=\/wp\/v2\/posts"}],"about":[{"href":"https:\/\/www.rwg-bayreuth.de\/home\/index.php?rest_route=\/wp\/v2\/types\/post"}],"author":[{"embeddable":true,"href":"https:\/\/www.rwg-bayreuth.de\/home\/index.php?rest_route=\/wp\/v2\/users\/1"}],"replies":[{"embeddable":true,"href":"https:\/\/www.rwg-bayreuth.de\/home\/index.php?rest_route=%2Fwp%2Fv2%2Fcomments&post=18853"}],"version-history":[{"count":1,"href":"https:\/\/www.rwg-bayreuth.de\/home\/index.php?rest_route=\/wp\/v2\/posts\/18853\/revisions"}],"predecessor-version":[{"id":18855,"href":"https:\/\/www.rwg-bayreuth.de\/home\/index.php?rest_route=\/wp\/v2\/posts\/18853\/revisions\/18855"}],"wp:featuredmedia":[{"embeddable":true,"href":"https:\/\/www.rwg-bayreuth.de\/home\/index.php?rest_route=\/wp\/v2\/media\/18854"}],"wp:attachment":[{"href":"https:\/\/www.rwg-bayreuth.de\/home\/index.php?rest_route=%2Fwp%2Fv2%2Fmedia&parent=18853"}],"wp:term":[{"taxonomy":"category","embeddable":true,"href":"https:\/\/www.rwg-bayreuth.de\/home\/index.php?rest_route=%2Fwp%2Fv2%2Fcategories&post=18853"},{"taxonomy":"post_tag","embeddable":true,"href":"https:\/\/www.rwg-bayreuth.de\/home\/index.php?rest_route=%2Fwp%2Fv2%2Ftags&post=18853"}],"curies":[{"name":"wp","href":"https:\/\/api.w.org\/{rel}","templated":true}]}}