{"id":18777,"date":"2018-03-17T19:03:27","date_gmt":"2018-03-17T18:03:27","guid":{"rendered":"http:\/\/www.rwg-bayreuth.de\/home\/?p=18777"},"modified":"2019-01-24T11:10:00","modified_gmt":"2019-01-24T10:10:00","slug":"besuch-im-sos-kinderdorf","status":"publish","type":"post","link":"https:\/\/www.rwg-bayreuth.de\/home\/?p=18777","title":{"rendered":"Besuch im SOS-Kinderdorf"},"content":{"rendered":"<div id=\"attachment_18778\" style=\"width: 460px\" class=\"wp-caption aligncenter\"><a href=\"https:\/\/www.rwg-bayreuth.de\/home\/wp-content\/uploads\/2018\/03\/17-18-Kinderdorf-Gruppe-450.jpg\"><img loading=\"lazy\" decoding=\"async\" aria-describedby=\"caption-attachment-18778\" src=\"https:\/\/www.rwg-bayreuth.de\/home\/wp-content\/uploads\/2018\/03\/17-18-Kinderdorf-Gruppe-450.jpg\" alt=\"\" class=\"size-full wp-image-18778\" width=\"450\" height=\"313\" srcset=\"https:\/\/www.rwg-bayreuth.de\/home\/wp-content\/uploads\/2018\/03\/17-18-Kinderdorf-Gruppe-450.jpg 450w, https:\/\/www.rwg-bayreuth.de\/home\/wp-content\/uploads\/2018\/03\/17-18-Kinderdorf-Gruppe-450-250x174.jpg 250w\" sizes=\"(max-width: 450px) 100vw, 450px\" \/><\/a><p id=\"caption-attachment-18778\" class=\"wp-caption-text\">Die Anreise nach Immenreuth erfolgte umweltfreundlich mit der Bahn.<\/p><\/div>\n<p>Das SOS-Kinderdorf in Immenreuth haben die Sch\u00fcler und Sch\u00fclerinnen der neunten Klasse des sozialwissenschaftlichen Zweigs besucht. Lorina Kastl, 9a, hat ihre Eindr\u00fccke zusammengefasst.<\/p>\n<p>Im SOS-Kinderdorf angekommen, wurden wir von dem Leiter, Holger Hassel, \u00fcber das Gel\u00e4nde gef\u00fchrt und durften sogar in eines der H\u00e4user, das leer stand, hinein. Er erz\u00e4hlte uns, dass in dem Kinderdorf Kinder leben, deren Eltern nicht im Stande sind, sich gut um ihre Kinder zu k\u00fcmmern, weil sie z.B. mit Alkoholproblemen zu k\u00e4mpfen haben. Diesen Kindern wird im SOS-Kinderdorf eine neue Familie geboten. Sie leben mit einer Kinderdorfmutter zusammen, die von einer Erzieherin unterst\u00fctzt wird.<\/p>\n<div id=\"attachment_18781\" style=\"width: 460px\" class=\"wp-caption aligncenter\"><a href=\"https:\/\/www.rwg-bayreuth.de\/home\/wp-content\/uploads\/2018\/03\/17-18-Kinderdorf-Leiter-450.jpg\"><img loading=\"lazy\" decoding=\"async\" aria-describedby=\"caption-attachment-18781\" src=\"https:\/\/www.rwg-bayreuth.de\/home\/wp-content\/uploads\/2018\/03\/17-18-Kinderdorf-Leiter-450.jpg\" alt=\"\" class=\"size-full wp-image-18781\" width=\"450\" height=\"338\" srcset=\"https:\/\/www.rwg-bayreuth.de\/home\/wp-content\/uploads\/2018\/03\/17-18-Kinderdorf-Leiter-450.jpg 450w, https:\/\/www.rwg-bayreuth.de\/home\/wp-content\/uploads\/2018\/03\/17-18-Kinderdorf-Leiter-450-250x188.jpg 250w\" sizes=\"(max-width: 450px) 100vw, 450px\" \/><\/a><p id=\"caption-attachment-18781\" class=\"wp-caption-text\">Der Leiter des Kinderdorfes, Holger Hassel, f\u00fchrte durch die Einrichtung.<\/p><\/div>\n<p>Besonders \u00fcberrascht hat viele von uns, dass das Kinderdorf wirklich wie ein kleines Dorf ist und dass die Kinder mit den M\u00fcttern auch zu einer Familie zusammenwachsen. Er erz\u00e4hlte uns auch, dass manchmal sogar die bereits ausgezogenen Kinder an Weihnachten wieder herkommen, um die Familie zu besuchen.<\/p>\n<p>Wir erfuhren auch \u00fcber die Ausbildung, die man gemacht haben muss, um eine Kinderdorfmutter zu werden. Au\u00dferdem wurde uns erkl\u00e4rt, dass eine Kinderdorfmutter 24 Stunden arbeitet, um f\u00fcr die Kinder wie eine Mutter sein zu k\u00f6nnen. Daf\u00fcr hat sie dann aber im Sommer f\u00fcr einige Wochen Urlaub, w\u00e4hrend denen die Kinder in einem Ferienzeltlager sind.<\/p>\n<div id=\"attachment_18782\" style=\"width: 460px\" class=\"wp-caption aligncenter\"><a href=\"https:\/\/www.rwg-bayreuth.de\/home\/wp-content\/uploads\/2018\/03\/17-18-Kinderdorf-450.jpg\"><img loading=\"lazy\" decoding=\"async\" aria-describedby=\"caption-attachment-18782\" src=\"https:\/\/www.rwg-bayreuth.de\/home\/wp-content\/uploads\/2018\/03\/17-18-Kinderdorf-450.jpg\" alt=\"\" class=\"size-full wp-image-18782\" width=\"450\" height=\"338\" srcset=\"https:\/\/www.rwg-bayreuth.de\/home\/wp-content\/uploads\/2018\/03\/17-18-Kinderdorf-450.jpg 450w, https:\/\/www.rwg-bayreuth.de\/home\/wp-content\/uploads\/2018\/03\/17-18-Kinderdorf-450-250x188.jpg 250w\" sizes=\"(max-width: 450px) 100vw, 450px\" \/><\/a><p id=\"caption-attachment-18782\" class=\"wp-caption-text\">Das kinderdorf hat ein freundliches Ambiente.<\/p><\/div>\n<p>Wir h\u00f6rten auch, dass es nicht nur Familien gibt, die im Kinderdorf zusammenleben, sondern auch Wohngemeinschaften von Jugendlichen, die mit gro\u00dfer Wahrscheinlichkeit wieder zu ihren echten Eltern zur\u00fcckkehren d\u00fcrfen. Diese Jugendlichen werden von Erziehern im Schichtdienst betreut.<\/p>\n<p>Als wir am Ende unserer Besichtigung angekommen waren, sahen wir uns noch eine Dokumentation an, die \u00fcber dieses Kinderdorf gedreht wurde, und bekamen dadurch noch n\u00e4here Einblicke in den Alltag einer Kinderdorffamilie.<\/p>\n<p>Abschlie\u00dfend kann man sagen, dass wir alle sehr positiv \u00fcberrascht waren und dass der Ausflug sehr interessant war.<br \/>\n<em><br \/>\nLorina Kastl, 9a<\/em><\/p>\n","protected":false},"excerpt":{"rendered":"<p>Das SOS-Kinderdorf in Immenreuth haben die Sch\u00fcler und Sch\u00fclerinnen der neunten Klasse des sozialwissenschaftlichen Zweigs besucht. Lorina Kastl, 9a, hat ihre Eindr\u00fccke zusammengefasst. Im SOS-Kinderdorf angekommen, wurden wir von dem Leiter, Holger Hassel, \u00fcber das Gel\u00e4nde gef\u00fchrt und durften sogar in eines der H\u00e4user, das leer stand, hinein. Er erz\u00e4hlte uns, dass in dem Kinderdorf&hellip;<\/p>\n","protected":false},"author":1,"featured_media":18778,"comment_status":"closed","ping_status":"closed","sticky":false,"template":"","format":"standard","meta":{"footnotes":""},"categories":[1],"tags":[51,52],"_links":{"self":[{"href":"https:\/\/www.rwg-bayreuth.de\/home\/index.php?rest_route=\/wp\/v2\/posts\/18777"}],"collection":[{"href":"https:\/\/www.rwg-bayreuth.de\/home\/index.php?rest_route=\/wp\/v2\/posts"}],"about":[{"href":"https:\/\/www.rwg-bayreuth.de\/home\/index.php?rest_route=\/wp\/v2\/types\/post"}],"author":[{"embeddable":true,"href":"https:\/\/www.rwg-bayreuth.de\/home\/index.php?rest_route=\/wp\/v2\/users\/1"}],"replies":[{"embeddable":true,"href":"https:\/\/www.rwg-bayreuth.de\/home\/index.php?rest_route=%2Fwp%2Fv2%2Fcomments&post=18777"}],"version-history":[{"count":3,"href":"https:\/\/www.rwg-bayreuth.de\/home\/index.php?rest_route=\/wp\/v2\/posts\/18777\/revisions"}],"predecessor-version":[{"id":20354,"href":"https:\/\/www.rwg-bayreuth.de\/home\/index.php?rest_route=\/wp\/v2\/posts\/18777\/revisions\/20354"}],"wp:featuredmedia":[{"embeddable":true,"href":"https:\/\/www.rwg-bayreuth.de\/home\/index.php?rest_route=\/wp\/v2\/media\/18778"}],"wp:attachment":[{"href":"https:\/\/www.rwg-bayreuth.de\/home\/index.php?rest_route=%2Fwp%2Fv2%2Fmedia&parent=18777"}],"wp:term":[{"taxonomy":"category","embeddable":true,"href":"https:\/\/www.rwg-bayreuth.de\/home\/index.php?rest_route=%2Fwp%2Fv2%2Fcategories&post=18777"},{"taxonomy":"post_tag","embeddable":true,"href":"https:\/\/www.rwg-bayreuth.de\/home\/index.php?rest_route=%2Fwp%2Fv2%2Ftags&post=18777"}],"curies":[{"name":"wp","href":"https:\/\/api.w.org\/{rel}","templated":true}]}}