{"id":18764,"date":"2018-03-12T07:53:29","date_gmt":"2018-03-12T06:53:29","guid":{"rendered":"http:\/\/www.rwg-bayreuth.de\/home\/?p=18764"},"modified":"2020-02-04T18:42:25","modified_gmt":"2020-02-04T17:42:25","slug":"18764","status":"publish","type":"post","link":"https:\/\/www.rwg-bayreuth.de\/home\/?p=18764","title":{"rendered":"Informationen \u00fcber Mobbing im Internet"},"content":{"rendered":"<div id=\"attachment_18765\" style=\"width: 460px\" class=\"wp-caption aligncenter\"><a href=\"https:\/\/www.rwg-bayreuth.de\/home\/wp-content\/uploads\/2018\/03\/17-18-Medienfortb-Meer2-450.jpg\"><img loading=\"lazy\" decoding=\"async\" aria-describedby=\"caption-attachment-18765\" src=\"https:\/\/www.rwg-bayreuth.de\/home\/wp-content\/uploads\/2018\/03\/17-18-Medienfortb-Meer2-450.jpg\" alt=\"\" width=\"450\" height=\"332\" class=\"size-full wp-image-18765\" srcset=\"https:\/\/www.rwg-bayreuth.de\/home\/wp-content\/uploads\/2018\/03\/17-18-Medienfortb-Meer2-450.jpg 450w, https:\/\/www.rwg-bayreuth.de\/home\/wp-content\/uploads\/2018\/03\/17-18-Medienfortb-Meer2-450-250x184.jpg 250w\" sizes=\"(max-width: 450px) 100vw, 450px\" \/><\/a><p id=\"caption-attachment-18765\" class=\"wp-caption-text\">Das sch\u00f6ne Wetter lud bei der Medienkonferenz in Rostock zu einer Strandexkursion an die Ostsee ein.<\/p><\/div>\n<p>Bei der Bundesjugendkonferenz \u201eMedien\u201c in Rostock waren erstmals auch die Medienscouts des Richard-Wagner-Gymnasiums dabei. Die Inhalte und Impulse, die sie dort von anerkannten Experten zum Thema \u201eDigitale Medien\u201c erhalten haben, wollen sie nun an ihrer Schule weitergeben. <\/p>\n<p>Benjamin Fokken ist ein eher unauff\u00e4lliger junger Mann. Der 23j\u00e4hrige und durchaus korpulente Norddeutsche bezeichnet seine K\u00f6rperstatur als \u201estabil\u201c und wirkt auf den ersten Eindruck eher zur\u00fcckhaltend, fast eingesch\u00fcchtert. Doch als er seine Geschichte zu erz\u00e4hlen beginnt, herrscht in dem gro\u00dfen Konferenzraum gebannte Stille \u2013 und das obwohl, oder gerade weil 300 Jugendliche aus ganz Deutschland seine Lebensgeschichte, die zugleich eine von Mobbing gekennzeichnete Leidensgeschichte ist, h\u00f6ren wollen. <\/p>\n<p>Sie alle sind Medienscouts, die sich auf den teils langen Weg an die Ostsee gemacht haben, um in Rostock drei Tage lang der 3. Bundesjugendkonferenz Medien (BJKM) beizuwohnen \u2013 darunter auch zehn Medienscouts des Bayreuther Richard-Wagner-Gymnasiums in Begleitung ihres Lehrers Florian Mehling.<\/p>\n<div id=\"attachment_18768\" style=\"width: 460px\" class=\"wp-caption aligncenter\"><a href=\"https:\/\/www.rwg-bayreuth.de\/home\/wp-content\/uploads\/2018\/03\/17-18-Medienfortb-Gruppe-2-450.jpg\"><img loading=\"lazy\" decoding=\"async\" aria-describedby=\"caption-attachment-18768\" src=\"https:\/\/www.rwg-bayreuth.de\/home\/wp-content\/uploads\/2018\/03\/17-18-Medienfortb-Gruppe-2-450.jpg\" alt=\"\" width=\"450\" height=\"301\" class=\"size-full wp-image-18768\" srcset=\"https:\/\/www.rwg-bayreuth.de\/home\/wp-content\/uploads\/2018\/03\/17-18-Medienfortb-Gruppe-2-450.jpg 450w, https:\/\/www.rwg-bayreuth.de\/home\/wp-content\/uploads\/2018\/03\/17-18-Medienfortb-Gruppe-2-450-250x167.jpg 250w\" sizes=\"(max-width: 450px) 100vw, 450px\" \/><\/a><p id=\"caption-attachment-18768\" class=\"wp-caption-text\">Der 1. Vorsitzende des Opferschutzverbandes der \u201eOpferhilfe Oberfranken\u201c Alfons Hrubesch (hinten links) und Florian Mehling (rechts) k\u00fcmmerten sich um die Gruppe. (Foto: mts)<\/p><\/div>\n<p>\u201eDiese Pr\u00e4senz macht deutlich, welch hohen Stellenwert die Medienerziehung am RWG einnimmt\u201c, erl\u00e4uterte Alfons Hrubesch das bemerkenswerte Engagement der Bayreuther Sch\u00fclerinnen und Sch\u00fcler. Dabei sind Hrubesch und der Opferschutzverband \u201eOpferhilfe Oberfranken\u201c (OHO), dessen Vorsitzender er ist, mitverantwortlich f\u00fcr die hohe Pr\u00e4senz der oberfr\u00e4nkischen Medienscouts im hohen Norden. Zusammen mit den Medienscouts aus Kronach, Coburg und Forchheim waren die Bayreuther immerhin auch die einzigen \u201eBayern\u201c in Rostock. Die OHO hat die Grundausbildung von mittlerweile \u00fcber 150 Medienscouts in Oberfranken initiiert. <\/p>\n<div id=\"attachment_18767\" style=\"width: 460px\" class=\"wp-caption aligncenter\"><a href=\"https:\/\/www.rwg-bayreuth.de\/home\/wp-content\/uploads\/2018\/03\/17-18-Medienfortb-Gruppe-450.jpg\"><img loading=\"lazy\" decoding=\"async\" aria-describedby=\"caption-attachment-18767\" src=\"https:\/\/www.rwg-bayreuth.de\/home\/wp-content\/uploads\/2018\/03\/17-18-Medienfortb-Gruppe-450.jpg\" alt=\"\" width=\"450\" height=\"300\" class=\"size-full wp-image-18767\" srcset=\"https:\/\/www.rwg-bayreuth.de\/home\/wp-content\/uploads\/2018\/03\/17-18-Medienfortb-Gruppe-450.jpg 450w, https:\/\/www.rwg-bayreuth.de\/home\/wp-content\/uploads\/2018\/03\/17-18-Medienfortb-Gruppe-450-250x167.jpg 250w\" sizes=\"(max-width: 450px) 100vw, 450px\" \/><\/a><p id=\"caption-attachment-18767\" class=\"wp-caption-text\">Bei der Konferenz gab es viel Wissenswertes zu h\u00f6ren. (Foto: mts)<\/p><\/div>\n<p>Die Zielsetzung der OHO und der Medienscouts, \u201ePr\u00e4vention ist der beste Opferschutz\u201c, war auch das Motto der Konferenz in Rostock. \u201eDie dreit\u00e4tige Konferenz in Rostock war f\u00fcr uns reich an Erkenntnissen und wird unsere Arbeit als Medienscouts an den Schulen sp\u00fcrbar beeinflussen\u201c, ist sich demnach auch die Bayreutherin Marie Nei\u00df sicher. Sie wurde wie all die anderen in Rostock anwesenden oberfr\u00e4nkischen Medienscouts von der OHO bereits im Vorfeld der Konferenz f\u00fcr die Rolle als \u201eMedienberaterin\u201c ausgebildet und steht seitdem im Sinne der \u201ePeer-to-Peer-Education\u201c (Sch\u00fcler bilden Sch\u00fcler aus) den Mitsch\u00fclerinnen und -sch\u00fclern als \u201eMedienexpertin auf Augenh\u00f6he\u201c zur Seite. <\/p>\n<p>Benjamin Fokkens Geschichte als Mobbing-Opfer, der sich eines Tages mittels eines selbst gedrehten YouTube-Videos gegen seine Peiniger zur Wehr setzt und somit in kurzer Zeit die Aufmerksamkeit von Millionen auf sich zieht, ist ein besonders einpr\u00e4gsamer Augenblick der Rostocker Konferenz, der sowohl bei den Medienscouts als auch bei deren Lehrkr\u00e4ften Spuren hinterlie\u00df. <\/p>\n<p>\u201eIch bin ich \u2013 und wir sind viele!\u201c lautet somit nicht nur der Titel des Buches, in dem Fokken von seiner Leidenszeit berichtet, sondern auch die an die Medienscouts gerichtete Botschaft. Sie werden als Ansprechpartner in der Pr\u00e4vention und bei der Intervention von Cyber-Mobbing an ihrer Schule mit \u00e4hnlichen Schicksalen konfrontiert werden. \u201eWir m\u00fcssen lauter als die Mobber und die Hasser im Netz sein\u201c, lautete demnach auch eine Botschaft, die von Rostock ausging. <\/p>\n<div id=\"attachment_18766\" style=\"width: 460px\" class=\"wp-caption aligncenter\"><a href=\"https:\/\/www.rwg-bayreuth.de\/home\/wp-content\/uploads\/2018\/03\/17-18-Medienfortb-Tuber-Loew450.jpg\"><img loading=\"lazy\" decoding=\"async\" aria-describedby=\"caption-attachment-18766\" src=\"https:\/\/www.rwg-bayreuth.de\/home\/wp-content\/uploads\/2018\/03\/17-18-Medienfortb-Tuber-Loew450.jpg\" alt=\"\" width=\"450\" height=\"301\" class=\"size-full wp-image-18766\" srcset=\"https:\/\/www.rwg-bayreuth.de\/home\/wp-content\/uploads\/2018\/03\/17-18-Medienfortb-Tuber-Loew450.jpg 450w, https:\/\/www.rwg-bayreuth.de\/home\/wp-content\/uploads\/2018\/03\/17-18-Medienfortb-Tuber-Loew450-250x167.jpg 250w\" sizes=\"(max-width: 450px) 100vw, 450px\" \/><\/a><p id=\"caption-attachment-18766\" class=\"wp-caption-text\">F\u00fcr die Medienscouts war der direkte Kontakt zu Cheng Loew, einem der bekanntesten You-Tuber Deutschlands, einer der vielen H\u00f6hepunkte der Medienkonferenz.<\/p><\/div>\n<p>Wie breit die Lebensgeschichten der virtuellen Welt gef\u00e4chert sind, machte der Besuch von YouTube-Star Cheng Loew am zweiten Tag der Konferenz deutlich. Der K\u00f6lner ist aufgrund seines \u201eLifestyles\u201c Vorbild f\u00fcr unz\u00e4hlige Jugendliche und z\u00e4hlt somit zu den  \u201eSocial Influencern\u201c unserer Zeit, die auch aufgrund ihres scheinbaren Vorbildcharakters f\u00fcr Kinder und Jugendliche die neuen Lieblinge der Werbeindustrie sind. Doch so unterschiedlich die Lebensgeschichten von Fokken und Loew auch sein m\u00f6gen, f\u00fcr die Medienscouts hatten beide denselben Auftrag: \u201eMischt euch ein, steht euren Mitsch\u00fclern zur Seite und beweist digitale Zivilcourage!\u201c, so Cheng Loew in Rostock. <\/p>\n<p>Diese Grundeinstellung zog sich wie ein roter Faden durch die Konferenz, die vor allem von zahlreichen Workshops gepr\u00e4gt war. Hier hatten die Jugendlichen bei Themen wie \u201eDarknet\u201c, \u201eHatespeech\u201c, \u201eSpielsucht\u201c und \u201eFake News\u201c auch ausreichend Gelegenheit, eigene Erfahrungen mit einzubringen und sich mit den Medienscouts der anderen Bundesl\u00e4nder auszutauschen und zu vernetzen. Ein gemeinsamer Besuch am Strand von Warnem\u00fcnde verst\u00e4rkte das \u201eWir-Gef\u00fchl\u201c der 300 Medienscouts zus\u00e4tzlich. \u201eRostock war spitze und ein wichtiger Impulsgeber f\u00fcr unsere Arbeit. Wir k\u00f6nnen es kaum erwarten, das Erlernte an unserer Schule umzusetzen\u201c, res\u00fcmierte auch RWG-Sch\u00fclerin G\u00fclse Cetiner das dreit\u00e4gige \u201eErlebnis\u201c Bundesjugendkonferenz Medien. <\/p>\n<p><em>-mts-<\/em><\/p>\n","protected":false},"excerpt":{"rendered":"<p>Bei der Bundesjugendkonferenz \u201eMedien\u201c in Rostock waren erstmals auch die Medienscouts des Richard-Wagner-Gymnasiums dabei. Die Inhalte und Impulse, die sie dort von anerkannten Experten zum Thema \u201eDigitale Medien\u201c erhalten haben, wollen sie nun an ihrer Schule weitergeben. Benjamin Fokken ist ein eher unauff\u00e4lliger junger Mann. Der 23j\u00e4hrige und durchaus korpulente Norddeutsche bezeichnet seine K\u00f6rperstatur als&hellip;<\/p>\n","protected":false},"author":1,"featured_media":18765,"comment_status":"closed","ping_status":"closed","sticky":false,"template":"","format":"standard","meta":{"footnotes":""},"categories":[1],"tags":[51,122],"_links":{"self":[{"href":"https:\/\/www.rwg-bayreuth.de\/home\/index.php?rest_route=\/wp\/v2\/posts\/18764"}],"collection":[{"href":"https:\/\/www.rwg-bayreuth.de\/home\/index.php?rest_route=\/wp\/v2\/posts"}],"about":[{"href":"https:\/\/www.rwg-bayreuth.de\/home\/index.php?rest_route=\/wp\/v2\/types\/post"}],"author":[{"embeddable":true,"href":"https:\/\/www.rwg-bayreuth.de\/home\/index.php?rest_route=\/wp\/v2\/users\/1"}],"replies":[{"embeddable":true,"href":"https:\/\/www.rwg-bayreuth.de\/home\/index.php?rest_route=%2Fwp%2Fv2%2Fcomments&post=18764"}],"version-history":[{"count":4,"href":"https:\/\/www.rwg-bayreuth.de\/home\/index.php?rest_route=\/wp\/v2\/posts\/18764\/revisions"}],"predecessor-version":[{"id":18775,"href":"https:\/\/www.rwg-bayreuth.de\/home\/index.php?rest_route=\/wp\/v2\/posts\/18764\/revisions\/18775"}],"wp:featuredmedia":[{"embeddable":true,"href":"https:\/\/www.rwg-bayreuth.de\/home\/index.php?rest_route=\/wp\/v2\/media\/18765"}],"wp:attachment":[{"href":"https:\/\/www.rwg-bayreuth.de\/home\/index.php?rest_route=%2Fwp%2Fv2%2Fmedia&parent=18764"}],"wp:term":[{"taxonomy":"category","embeddable":true,"href":"https:\/\/www.rwg-bayreuth.de\/home\/index.php?rest_route=%2Fwp%2Fv2%2Fcategories&post=18764"},{"taxonomy":"post_tag","embeddable":true,"href":"https:\/\/www.rwg-bayreuth.de\/home\/index.php?rest_route=%2Fwp%2Fv2%2Ftags&post=18764"}],"curies":[{"name":"wp","href":"https:\/\/api.w.org\/{rel}","templated":true}]}}