{"id":18614,"date":"2018-02-21T08:45:12","date_gmt":"2018-02-21T07:45:12","guid":{"rendered":"http:\/\/www.rwg-bayreuth.de\/home\/?p=18614"},"modified":"2019-08-12T18:58:32","modified_gmt":"2019-08-12T16:58:32","slug":"oberfrankenpreis-fuer-das-beste-p-seminar","status":"publish","type":"post","link":"https:\/\/www.rwg-bayreuth.de\/home\/?p=18614","title":{"rendered":"Oberfrankenpreis f\u00fcr das beste P-Seminar"},"content":{"rendered":"<div id=\"attachment_18624\" style=\"width: 1034px\" class=\"wp-caption aligncenter\"><a href=\"https:\/\/www.rwg-bayreuth.de\/home\/wp-content\/uploads\/2018\/02\/17-18-P-Sem-Ehrung-Gruppe-1024-1.jpg\"><img loading=\"lazy\" decoding=\"async\" aria-describedby=\"caption-attachment-18624\" src=\"https:\/\/www.rwg-bayreuth.de\/home\/wp-content\/uploads\/2018\/02\/17-18-P-Sem-Ehrung-Gruppe-1024-1.jpg\" alt=\"\" width=\"1024\" height=\"602\" class=\"size-full wp-image-18624\" srcset=\"https:\/\/www.rwg-bayreuth.de\/home\/wp-content\/uploads\/2018\/02\/17-18-P-Sem-Ehrung-Gruppe-1024-1.jpg 1024w, https:\/\/www.rwg-bayreuth.de\/home\/wp-content\/uploads\/2018\/02\/17-18-P-Sem-Ehrung-Gruppe-1024-1-450x265.jpg 450w, https:\/\/www.rwg-bayreuth.de\/home\/wp-content\/uploads\/2018\/02\/17-18-P-Sem-Ehrung-Gruppe-1024-1-768x452.jpg 768w, https:\/\/www.rwg-bayreuth.de\/home\/wp-content\/uploads\/2018\/02\/17-18-P-Sem-Ehrung-Gruppe-1024-1-250x147.jpg 250w\" sizes=\"(max-width: 1024px) 100vw, 1024px\" \/><\/a><p id=\"caption-attachment-18624\" class=\"wp-caption-text\">Die Theatergruppe von Angelika Guder-Sp\u00e4th, die Schauspieler und die G\u00e4ste freuten sich gleicherma\u00dfen \u00fcber den Preis.<\/p><\/div>\n<p>Der Preis f\u00fcr das beste P-Seminar in Oberfranken geht an unsere Schule: Ausgezeichnet wurde das P-Seminar Deutsch von Angelika Guder-Sp\u00e4th.<\/p>\n<p>Das P-Seminar-Projekt bestand darin, einen Regionalkrimi auf die B\u00fchne zu bringen. \u201eNotenspur in Moll\u201c hie\u00df das St\u00fcck, das im Herbst im Zusammenhang mit den Feierlichkeiten zum 150-j\u00e4hrigen Schuljubil\u00e4um aufgef\u00fchrt worden war. Es zeichnet , wie es sich f\u00fcr einen Krimi geh\u00f6rt, durch geheimnisvolle Verbrechen und viel Spannung aus, aber nicht nur das: das St\u00fcck lebt auch vom Bayreuther Lokalkolorit und Bez\u00fcgen zur Schulgeschichte, denn die Handlung nimmt mit einem realen Ereignis ihren Ausgangspunkt: Ein (echter!) Zeitungsartikel hatte im Jahr 1915 vom omin\u00f6sen Verschwinden einer der damaligen h\u00f6heren T\u00f6chter unserer Schule berichtet. Dies gab und gibt nat\u00fcrlich zu vielerlei Spekulationen Anlass. Im (nat\u00fcrlich fiktiven) Krimi f\u00fchrt eine Spur sogar ins Haus Wagner, denn eine geheimnisvolle Notenpartitur spielt bei der wendungsreichen Handlung eine gro\u00dfe Rolle. <\/p>\n<div id=\"attachment_18616\" style=\"width: 460px\" class=\"wp-caption aligncenter\"><a href=\"https:\/\/www.rwg-bayreuth.de\/home\/wp-content\/uploads\/2018\/02\/17-18-P-Sem-Ehrung-Szene2-450.jpg\"><img loading=\"lazy\" decoding=\"async\" aria-describedby=\"caption-attachment-18616\" src=\"https:\/\/www.rwg-bayreuth.de\/home\/wp-content\/uploads\/2018\/02\/17-18-P-Sem-Ehrung-Szene2-450.jpg\" alt=\"\" width=\"450\" height=\"304\" class=\"size-full wp-image-18616\" srcset=\"https:\/\/www.rwg-bayreuth.de\/home\/wp-content\/uploads\/2018\/02\/17-18-P-Sem-Ehrung-Szene2-450.jpg 450w, https:\/\/www.rwg-bayreuth.de\/home\/wp-content\/uploads\/2018\/02\/17-18-P-Sem-Ehrung-Szene2-450-250x169.jpg 250w\" sizes=\"(max-width: 450px) 100vw, 450px\" \/><\/a><p id=\"caption-attachment-18616\" class=\"wp-caption-text\">Am Anfang des Krimis steht ein geheimnisvoller Koffer.<\/p><\/div>\n<p>Das St\u00fcck basiert auf einer Romanvorlage von Antje Haugg und wurde vom P-Seminar unter der Leitung von Frau Angelika Guder Sp\u00e4th b\u00fchnentauglich gemacht. Daf\u00fcr waren nicht nur dramaturgisches und schauspielerisches Geschick gefragt, sondern F\u00e4higkeiten in allen Bereichen, die zum Theater dazugeh\u00f6ren, also Maske, Kost\u00fcm, B\u00fchnentechnik, \u00d6ffentlichkeitsarbeit und vieles mehr.<\/p>\n<p>Dies alles fand die Bewertungsjury so \u00fcberzeugend und engagiert umgesetzt, dass das RWG daf\u00fcr den ersten Preis beim allj\u00e4hrlichen Wettbewerb der 19 oberfr\u00e4nkischen Gymnasien gewann.<\/p>\n<div id=\"attachment_18617\" style=\"width: 210px\" class=\"wp-caption alignright\"><a href=\"https:\/\/www.rwg-bayreuth.de\/home\/wp-content\/uploads\/2018\/02\/17-18-P-Sem-Ehrung-Vorleuter-200.jpg\"><img loading=\"lazy\" decoding=\"async\" aria-describedby=\"caption-attachment-18617\" src=\"https:\/\/www.rwg-bayreuth.de\/home\/wp-content\/uploads\/2018\/02\/17-18-P-Sem-Ehrung-Vorleuter-200.jpg\" alt=\"\" width=\"200\" height=\"284\" class=\"size-full wp-image-18617\" \/><\/a><p id=\"caption-attachment-18617\" class=\"wp-caption-text\">Ministerialbeauftragter Dr. Harald Vorleuter lobte das P-Seminar als besonders innovativ.<\/p><\/div>\n<p>Dr. Harald Vorleuter, Ministerialbeauftragter f\u00fcr die Gymnasien in Oberfranken, Jurymitglied und Laudator w\u00fcrdigte bei der Preisverleihung besonders die innovative Grundidee des Seminars. Auch die Verkn\u00fcpfung mit dem W-Seminar, in dem der Krimi geschrieben bzw. in der Entstehung begleitet wurde, stellte Vorleuter als einzigartig heraus. Antje Haugg, die als Krimiautorin in Bayreuth bekannt ist und die Studiob\u00fchne Bayreuth waren externe Partner. <\/p>\n<p>Schulleiterin Ursula Graf stellte die besondere Idee des Projektes heraus, denn so etwas wie einen Schulkrimi habe es ihres Wissens noch nicht gegeben. Auch dass es sowohl eine Buch- wie auch eine B\u00fchnenfassung gebe, sei etwas Besonderes, ebenso wie die Verkn\u00fcpfung mit der 150-j\u00e4hrigen Schulgeschichte. Patrick P\u00fcttner, Gesch\u00e4ftsf\u00fchrer der vbw-Bezirksgruppe Oberfranken, gratulierte dem Seminar von Seiten der oberfr\u00e4nkischen Wirtschaft und \u00fcberreichte ein Preisgeld von 200 Euro. <\/p>\n<div id=\"attachment_18618\" style=\"width: 460px\" class=\"wp-caption aligncenter\"><a href=\"https:\/\/www.rwg-bayreuth.de\/home\/wp-content\/uploads\/2018\/02\/17-18-P-Seminar-Preis-Szene1-450.jpg\"><img loading=\"lazy\" decoding=\"async\" aria-describedby=\"caption-attachment-18618\" src=\"https:\/\/www.rwg-bayreuth.de\/home\/wp-content\/uploads\/2018\/02\/17-18-P-Seminar-Preis-Szene1-450.jpg\" alt=\"\" width=\"450\" height=\"306\" class=\"size-full wp-image-18618\" srcset=\"https:\/\/www.rwg-bayreuth.de\/home\/wp-content\/uploads\/2018\/02\/17-18-P-Seminar-Preis-Szene1-450.jpg 450w, https:\/\/www.rwg-bayreuth.de\/home\/wp-content\/uploads\/2018\/02\/17-18-P-Seminar-Preis-Szene1-450-250x170.jpg 250w\" sizes=\"(max-width: 450px) 100vw, 450px\" \/><\/a><p id=\"caption-attachment-18618\" class=\"wp-caption-text\">Die Kommissare ermitteln die &#8222;Notenspur in Moll&#8220;.<\/p><\/div>\n<p>Es blieb bei der Preisverleihung jedoch nicht nur beim Reden: Damit sich das Publikum, zu dem auch viele der momentan rund 100  Theater spielenden Sch\u00fcler am RWG geh\u00f6rten, einen Eindruck vom preisgekr\u00f6nten Krimi machen konnten, f\u00fchrten die P-Seminar-Sch\u00fcler einige Szenen aus der \u201eNotenspur in Moll\u201c auf. Passend zum Thema tanzten Sch\u00fclerinnen zu \u201eOhne Krimi geht die Mimi nie ins Bett\u201c, und die Theatergruppe der 9. Klasse hatte sich etwas zu Hazy Osterwalds \u201eKriminaltango\u201c \u00fcberlegt. F\u00fcr alle Mitwirkenden und alle G\u00e4ste gab es zum Abschluss einen kleinen Empfang.<\/p>\n<p>Nach 2016 ist es bereits das zweite Mal, dass ein P-Seminar des RWG den oberfr\u00e4nkischen Preis gewonnen hat. Damals ging der Preis an das P-Seminar Sport von Markus Bauer: \u201eSch\u00fcler machen Lehrer fit\u201c, hie\u00df das Motto.<\/p>\n","protected":false},"excerpt":{"rendered":"<p>Der Preis f\u00fcr das beste P-Seminar in Oberfranken geht an unsere Schule: Ausgezeichnet wurde das P-Seminar Deutsch von Angelika Guder-Sp\u00e4th. Das P-Seminar-Projekt bestand darin, einen Regionalkrimi auf die B\u00fchne zu bringen. \u201eNotenspur in Moll\u201c hie\u00df das St\u00fcck, das im Herbst im Zusammenhang mit den Feierlichkeiten zum 150-j\u00e4hrigen Schuljubil\u00e4um aufgef\u00fchrt worden war. Es zeichnet , wie&hellip;<\/p>\n","protected":false},"author":2,"featured_media":18615,"comment_status":"closed","ping_status":"closed","sticky":false,"template":"","format":"standard","meta":{"footnotes":""},"categories":[1],"tags":[59,51,64],"_links":{"self":[{"href":"https:\/\/www.rwg-bayreuth.de\/home\/index.php?rest_route=\/wp\/v2\/posts\/18614"}],"collection":[{"href":"https:\/\/www.rwg-bayreuth.de\/home\/index.php?rest_route=\/wp\/v2\/posts"}],"about":[{"href":"https:\/\/www.rwg-bayreuth.de\/home\/index.php?rest_route=\/wp\/v2\/types\/post"}],"author":[{"embeddable":true,"href":"https:\/\/www.rwg-bayreuth.de\/home\/index.php?rest_route=\/wp\/v2\/users\/2"}],"replies":[{"embeddable":true,"href":"https:\/\/www.rwg-bayreuth.de\/home\/index.php?rest_route=%2Fwp%2Fv2%2Fcomments&post=18614"}],"version-history":[{"count":6,"href":"https:\/\/www.rwg-bayreuth.de\/home\/index.php?rest_route=\/wp\/v2\/posts\/18614\/revisions"}],"predecessor-version":[{"id":18632,"href":"https:\/\/www.rwg-bayreuth.de\/home\/index.php?rest_route=\/wp\/v2\/posts\/18614\/revisions\/18632"}],"wp:featuredmedia":[{"embeddable":true,"href":"https:\/\/www.rwg-bayreuth.de\/home\/index.php?rest_route=\/wp\/v2\/media\/18615"}],"wp:attachment":[{"href":"https:\/\/www.rwg-bayreuth.de\/home\/index.php?rest_route=%2Fwp%2Fv2%2Fmedia&parent=18614"}],"wp:term":[{"taxonomy":"category","embeddable":true,"href":"https:\/\/www.rwg-bayreuth.de\/home\/index.php?rest_route=%2Fwp%2Fv2%2Fcategories&post=18614"},{"taxonomy":"post_tag","embeddable":true,"href":"https:\/\/www.rwg-bayreuth.de\/home\/index.php?rest_route=%2Fwp%2Fv2%2Ftags&post=18614"}],"curies":[{"name":"wp","href":"https:\/\/api.w.org\/{rel}","templated":true}]}}