{"id":18597,"date":"2018-02-17T19:35:46","date_gmt":"2018-02-17T18:35:46","guid":{"rendered":"http:\/\/www.rwg-bayreuth.de\/home\/?p=18597"},"modified":"2019-01-25T11:25:10","modified_gmt":"2019-01-25T10:25:10","slug":"der-nahost-konflikt-im-brennpunkt","status":"publish","type":"post","link":"https:\/\/www.rwg-bayreuth.de\/home\/?p=18597","title":{"rendered":"Der Nahost-Konflikt im Brennpunkt"},"content":{"rendered":"<div id=\"attachment_18598\" style=\"width: 460px\" class=\"wp-caption aligncenter\"><a href=\"https:\/\/www.rwg-bayreuth.de\/home\/wp-content\/uploads\/2018\/02\/17-18-SK-Symposium-450.jpg\"><img loading=\"lazy\" decoding=\"async\" aria-describedby=\"caption-attachment-18598\" src=\"https:\/\/www.rwg-bayreuth.de\/home\/wp-content\/uploads\/2018\/02\/17-18-SK-Symposium-450.jpg\" alt=\"\" class=\"size-full wp-image-18598\" width=\"450\" height=\"299\" srcset=\"https:\/\/www.rwg-bayreuth.de\/home\/wp-content\/uploads\/2018\/02\/17-18-SK-Symposium-450.jpg 450w, https:\/\/www.rwg-bayreuth.de\/home\/wp-content\/uploads\/2018\/02\/17-18-SK-Symposium-450-250x166.jpg 250w\" sizes=\"(max-width: 450px) 100vw, 450px\" \/><\/a><p id=\"caption-attachment-18598\" class=\"wp-caption-text\">Michael Ingber ist Lehrauftr\u00e4ge an den Universit\u00e4ten in Passau und Marburg und ausgewiesener Nahost-Experte.<\/p><\/div>\n<p>Drei Tage lang setzten sich die Sch\u00fcler der Oberstufe  einem jeweils ganzt\u00e4gigen Seminar intensiv mit der Nahost-Region auseinander. Sie wurden dabei von dem Referenten und Nahost-Experten Michael Ingber, der Lehrauftr\u00e4ge an den Universit\u00e4ten in Passau und Marburg hat, professionell durch die Veranstaltung geleitet.<\/p>\n<p>Es handelte sich dabei um eine Veranstaltung der Akademie f\u00fcr politische Bildung, die eigentlich in Tutzing am Starnberger See zu Hause ist. Sie besteht seit 1957 und ist vom Bayerischen Landtag als Anstalt des \u00f6ffentlichen Rechts gegr\u00fcndet worden. Die Akademie f\u00f6rdert die politische Bildung \u00fcberparteilich und festigt die Prinzipien der freiheitlich-demokratischen Staatsordnung. Ihre gesetzlich garantierte Unabh\u00e4ngigkeit und ihr Renommee als Forum f\u00fcr Wissenschaft, Politik und Bildungsarbeit machen sie weltweit einzigartig. Ihre Mitarbeiter veranstalten Tagungen direkt am Starnberger See sowie Akademiegespr\u00e4che und Kongresse in ganz Bayern. Eine dieser Au\u00dfenveranstaltung ist das sogenannte Tutzinger Sch\u00fclerforum, das in diesem Schuljahr zum ersten Mal auch am RWG stattfand und an dem zwei Kurse der Q11 in Sozialkunde und Geschichte teilnehmen konnten.<\/p>\n<p>Im Sch\u00fclerforum wurden neben den aktuellen Konflikten im Nahen Osten (Thema hier: Geographie, Politik, Wirtschaft und Gesellschaft) vor allem der l\u00e4ngste Konflikt in der Region zwischen Israel und Pal\u00e4stina behandelt. Dabei ging es unter anderem um die Rolle von Boden und Ressourcen, die gesellschaftlich-kulturell-religi\u00f6sen, politischen und psychologischen Faktoren, die Rolle der Medien sowie die Lage der Menschenrechte.<\/p>\n<p>Die Oberstufensch\u00fcler begegneten dem anspruchsvollen Seminarthema offen, neugierig und sehr engagiert. Sie recherchierten selbst\u00e4ndig und intensiv in Forschungsgruppen und pr\u00e4sentierten ihre Ergebnisse in Gruppen dem Plenum, lauschten konzentriert den sehr lehrreichen Vortr\u00e4gen des Referenten und diskutierten auch sehr emotional \u00fcber den gezeigten Filmbeitrag.<\/p>\n<p>H\u00f6hepunkt des Sch\u00fclerforums war das Planspiel \u201eInternationale Friedenskonferenz\u201c f\u00fcr den Nahen Osten\u201c, in dem die Sch\u00fcler in einem Rollenspiel als internationale Akteure agierten. Die Vorbereitung f\u00fcr die Konferenz wurde von Sch\u00fclerseite sehr intensiv betrieben, unterst\u00fctzt durch Beratungsgespr\u00e4che mit Herrn Ingber und der Zuhilfenahme der von der Akademie zur Verf\u00fcgung gestellten Bibliothek zum Nahost-Konflikt.<\/p>\n<p>Zwei Stunden diskutierten die Sch\u00fcler professionell und setzten sich dabei intensiv in die jeweilige Rolle und rangen um friedliche L\u00f6sungen. Die Zuschauer waren sehr beeindruckt vom Engagement, dem Interesse und Durchhalteverm\u00f6gen der beteiligten Q11er. Es zeigte sich, dass das Vorurteil der apolitischen Sch\u00fcler nicht auf die beteiligten RWG Sch\u00fcler zutrifft.<\/p>\n<p>Maria Herrmann-Maier<\/p>\n","protected":false},"excerpt":{"rendered":"<p>Drei Tage lang setzten sich die Sch\u00fcler der Oberstufe einem jeweils ganzt\u00e4gigen Seminar intensiv mit der Nahost-Region auseinander. Sie wurden dabei von dem Referenten und Nahost-Experten Michael Ingber, der Lehrauftr\u00e4ge an den Universit\u00e4ten in Passau und Marburg hat, professionell durch die Veranstaltung geleitet. Es handelte sich dabei um eine Veranstaltung der Akademie f\u00fcr politische Bildung,&hellip;<\/p>\n","protected":false},"author":2,"featured_media":18598,"comment_status":"closed","ping_status":"closed","sticky":false,"template":"","format":"standard","meta":{"footnotes":""},"categories":[1],"tags":[90,51,52],"_links":{"self":[{"href":"https:\/\/www.rwg-bayreuth.de\/home\/index.php?rest_route=\/wp\/v2\/posts\/18597"}],"collection":[{"href":"https:\/\/www.rwg-bayreuth.de\/home\/index.php?rest_route=\/wp\/v2\/posts"}],"about":[{"href":"https:\/\/www.rwg-bayreuth.de\/home\/index.php?rest_route=\/wp\/v2\/types\/post"}],"author":[{"embeddable":true,"href":"https:\/\/www.rwg-bayreuth.de\/home\/index.php?rest_route=\/wp\/v2\/users\/2"}],"replies":[{"embeddable":true,"href":"https:\/\/www.rwg-bayreuth.de\/home\/index.php?rest_route=%2Fwp%2Fv2%2Fcomments&post=18597"}],"version-history":[{"count":2,"href":"https:\/\/www.rwg-bayreuth.de\/home\/index.php?rest_route=\/wp\/v2\/posts\/18597\/revisions"}],"predecessor-version":[{"id":20355,"href":"https:\/\/www.rwg-bayreuth.de\/home\/index.php?rest_route=\/wp\/v2\/posts\/18597\/revisions\/20355"}],"wp:featuredmedia":[{"embeddable":true,"href":"https:\/\/www.rwg-bayreuth.de\/home\/index.php?rest_route=\/wp\/v2\/media\/18598"}],"wp:attachment":[{"href":"https:\/\/www.rwg-bayreuth.de\/home\/index.php?rest_route=%2Fwp%2Fv2%2Fmedia&parent=18597"}],"wp:term":[{"taxonomy":"category","embeddable":true,"href":"https:\/\/www.rwg-bayreuth.de\/home\/index.php?rest_route=%2Fwp%2Fv2%2Fcategories&post=18597"},{"taxonomy":"post_tag","embeddable":true,"href":"https:\/\/www.rwg-bayreuth.de\/home\/index.php?rest_route=%2Fwp%2Fv2%2Ftags&post=18597"}],"curies":[{"name":"wp","href":"https:\/\/api.w.org\/{rel}","templated":true}]}}