{"id":18581,"date":"2018-02-10T12:10:50","date_gmt":"2018-02-10T11:10:50","guid":{"rendered":"http:\/\/www.rwg-bayreuth.de\/home\/?p=18581"},"modified":"2019-06-03T09:12:35","modified_gmt":"2019-06-03T07:12:35","slug":"fasching-dass-die-aula-bebte","status":"publish","type":"post","link":"https:\/\/www.rwg-bayreuth.de\/home\/?p=18581","title":{"rendered":"Fasching, dass die Aula bebte"},"content":{"rendered":"<div id=\"attachment_18582\" style=\"width: 460px\" class=\"wp-caption aligncenter\"><a href=\"https:\/\/www.rwg-bayreuth.de\/home\/wp-content\/uploads\/2018\/02\/17-18-Fasching-Saal-450.jpg\"><img loading=\"lazy\" decoding=\"async\" aria-describedby=\"caption-attachment-18582\" src=\"https:\/\/www.rwg-bayreuth.de\/home\/wp-content\/uploads\/2018\/02\/17-18-Fasching-Saal-450.jpg\" alt=\"\" width=\"450\" height=\"298\" class=\"size-full wp-image-18582\" srcset=\"https:\/\/www.rwg-bayreuth.de\/home\/wp-content\/uploads\/2018\/02\/17-18-Fasching-Saal-450.jpg 450w, https:\/\/www.rwg-bayreuth.de\/home\/wp-content\/uploads\/2018\/02\/17-18-Fasching-Saal-450-250x166.jpg 250w\" sizes=\"(max-width: 450px) 100vw, 450px\" \/><\/a><p id=\"caption-attachment-18582\" class=\"wp-caption-text\">In der Aula ging es hoch her.<\/p><\/div>\n<p>Viel Spa\u00df hatten die Sch\u00fclerinnen und Sch\u00fcler der f\u00fcnften Klassen beim Fasching in der Aula, zu dem die SMV geladen hatte.<\/p>\n<p>Kurz vor den Faschingsferien ging es also in der altehrw\u00fcrdigen Aula noch einmal hoch her. Es herrschte ein buntes Treiben, bei dem viele ausgefallene Kost\u00fcme zu sehen waren: Wilde Tiere, Jetpiloten der US Air-Force, jede Menge Hexen und Zombies, ja sogar prominente Fu\u00dfballstars wie Manuel Neuer wurden gesichtet \u2013 alles war vertreten. Auch einige Lehrer konnten der Versuchung nicht widerstehen und waren kost\u00fcmiert erschienen. <\/p>\n<div id=\"attachment_18583\" style=\"width: 460px\" class=\"wp-caption aligncenter\"><a href=\"https:\/\/www.rwg-bayreuth.de\/home\/wp-content\/uploads\/2018\/02\/17-18-Fasching-tutoren-450.jpg\"><img loading=\"lazy\" decoding=\"async\" aria-describedby=\"caption-attachment-18583\" src=\"https:\/\/www.rwg-bayreuth.de\/home\/wp-content\/uploads\/2018\/02\/17-18-Fasching-tutoren-450.jpg\" alt=\"\" width=\"450\" height=\"315\" class=\"size-full wp-image-18583\" srcset=\"https:\/\/www.rwg-bayreuth.de\/home\/wp-content\/uploads\/2018\/02\/17-18-Fasching-tutoren-450.jpg 450w, https:\/\/www.rwg-bayreuth.de\/home\/wp-content\/uploads\/2018\/02\/17-18-Fasching-tutoren-450-250x175.jpg 250w\" sizes=\"(max-width: 450px) 100vw, 450px\" \/><\/a><p id=\"caption-attachment-18583\" class=\"wp-caption-text\">Die SMV hatte sichtlich Vergn\u00fcgen, den Trubel zu dirigieren.<\/p><\/div>\n<p>Damit es nicht langweilig wurde, hatte die SMV ein buntes Programm organisiert mit Tanz, Spielen, Getr\u00e4nken und Verpflegung. Sie sorgten daf\u00fcr, dass die richtige Stimmung aufkam und hatten sichtlich Freude daran, verkleidet und geschminkt in der Aula herumzutollen.<\/p>\n<div id=\"attachment_18584\" style=\"width: 460px\" class=\"wp-caption aligncenter\"><a href=\"https:\/\/www.rwg-bayreuth.de\/home\/wp-content\/uploads\/2018\/02\/17-18-Fasching-Krapfen-450.jpg\"><img loading=\"lazy\" decoding=\"async\" aria-describedby=\"caption-attachment-18584\" src=\"https:\/\/www.rwg-bayreuth.de\/home\/wp-content\/uploads\/2018\/02\/17-18-Fasching-Krapfen-450.jpg\" alt=\"\" width=\"450\" height=\"299\" class=\"size-full wp-image-18584\" srcset=\"https:\/\/www.rwg-bayreuth.de\/home\/wp-content\/uploads\/2018\/02\/17-18-Fasching-Krapfen-450.jpg 450w, https:\/\/www.rwg-bayreuth.de\/home\/wp-content\/uploads\/2018\/02\/17-18-Fasching-Krapfen-450-250x166.jpg 250w\" sizes=\"(max-width: 450px) 100vw, 450px\" \/><\/a><p id=\"caption-attachment-18584\" class=\"wp-caption-text\">Fasching ohne Krapfen geht gar nicht &#8211; die SMV hatte gen\u00fcgend organisiert.<\/p><\/div>\n<p>Gest\u00e4rkt von den leckeren Faschingskrapfen wurde so gefeiert, bis der Boden bebte. Die rundum gelungene Veranstaltung war die richtige Einstimmung f\u00fcr die kommenden \u201eTollen Tage\u201c<br \/>\nVielen Dank an alle Organisatoren und Mitwirkende, durch die diese gro\u00dfartige Veranstaltung so ein Erfolg werden konnte!<\/p>\n","protected":false},"excerpt":{"rendered":"<p>Viel Spa\u00df hatten die Sch\u00fclerinnen und Sch\u00fcler der f\u00fcnften Klassen beim Fasching in der Aula, zu dem die SMV geladen hatte. Kurz vor den Faschingsferien ging es also in der altehrw\u00fcrdigen Aula noch einmal hoch her. Es herrschte ein buntes Treiben, bei dem viele ausgefallene Kost\u00fcme zu sehen waren: Wilde Tiere, Jetpiloten der US Air-Force,&hellip;<\/p>\n","protected":false},"author":2,"featured_media":18582,"comment_status":"closed","ping_status":"closed","sticky":false,"template":"","format":"standard","meta":{"footnotes":""},"categories":[1],"tags":[47,51,35],"_links":{"self":[{"href":"https:\/\/www.rwg-bayreuth.de\/home\/index.php?rest_route=\/wp\/v2\/posts\/18581"}],"collection":[{"href":"https:\/\/www.rwg-bayreuth.de\/home\/index.php?rest_route=\/wp\/v2\/posts"}],"about":[{"href":"https:\/\/www.rwg-bayreuth.de\/home\/index.php?rest_route=\/wp\/v2\/types\/post"}],"author":[{"embeddable":true,"href":"https:\/\/www.rwg-bayreuth.de\/home\/index.php?rest_route=\/wp\/v2\/users\/2"}],"replies":[{"embeddable":true,"href":"https:\/\/www.rwg-bayreuth.de\/home\/index.php?rest_route=%2Fwp%2Fv2%2Fcomments&post=18581"}],"version-history":[{"count":3,"href":"https:\/\/www.rwg-bayreuth.de\/home\/index.php?rest_route=\/wp\/v2\/posts\/18581\/revisions"}],"predecessor-version":[{"id":18589,"href":"https:\/\/www.rwg-bayreuth.de\/home\/index.php?rest_route=\/wp\/v2\/posts\/18581\/revisions\/18589"}],"wp:featuredmedia":[{"embeddable":true,"href":"https:\/\/www.rwg-bayreuth.de\/home\/index.php?rest_route=\/wp\/v2\/media\/18582"}],"wp:attachment":[{"href":"https:\/\/www.rwg-bayreuth.de\/home\/index.php?rest_route=%2Fwp%2Fv2%2Fmedia&parent=18581"}],"wp:term":[{"taxonomy":"category","embeddable":true,"href":"https:\/\/www.rwg-bayreuth.de\/home\/index.php?rest_route=%2Fwp%2Fv2%2Fcategories&post=18581"},{"taxonomy":"post_tag","embeddable":true,"href":"https:\/\/www.rwg-bayreuth.de\/home\/index.php?rest_route=%2Fwp%2Fv2%2Ftags&post=18581"}],"curies":[{"name":"wp","href":"https:\/\/api.w.org\/{rel}","templated":true}]}}