{"id":18559,"date":"2018-02-05T08:07:59","date_gmt":"2018-02-05T07:07:59","guid":{"rendered":"http:\/\/www.rwg-bayreuth.de\/home\/?p=18559"},"modified":"2019-05-21T21:41:25","modified_gmt":"2019-05-21T19:41:25","slug":"in-latein-ganz-oben","status":"publish","type":"post","link":"https:\/\/www.rwg-bayreuth.de\/home\/?p=18559","title":{"rendered":"In Latein ganz oben"},"content":{"rendered":"<div id=\"attachment_18560\" style=\"width: 460px\" class=\"wp-caption aligncenter\"><a href=\"https:\/\/www.rwg-bayreuth.de\/home\/wp-content\/uploads\/2018\/02\/17-18-BW-FS-Latein-Lucas-450.jpg\"><img loading=\"lazy\" decoding=\"async\" aria-describedby=\"caption-attachment-18560\" src=\"https:\/\/www.rwg-bayreuth.de\/home\/wp-content\/uploads\/2018\/02\/17-18-BW-FS-Latein-Lucas-450.jpg\" alt=\"\" width=\"450\" height=\"358\" class=\"size-full wp-image-18560\" srcset=\"https:\/\/www.rwg-bayreuth.de\/home\/wp-content\/uploads\/2018\/02\/17-18-BW-FS-Latein-Lucas-450.jpg 450w, https:\/\/www.rwg-bayreuth.de\/home\/wp-content\/uploads\/2018\/02\/17-18-BW-FS-Latein-Lucas-450-250x199.jpg 250w\" sizes=\"(max-width: 450px) 100vw, 450px\" \/><\/a><p id=\"caption-attachment-18560\" class=\"wp-caption-text\">F\u00fcr den stolzen Sieger gab es Urkunde und B\u00fccher aus den H\u00e4nden der Schulleiterin Ursula Graf (rechts) und seiner Lateinlehrerin Simone Track (links).<\/p><\/div>\n<p>Wir gratulieren Fabian Lucas (Q12) zu seinem tollen Erfolg beim 30. Landeswettbewerb Alte Sprachen.<\/p>\n<p>Durch eine absolut bestechende Leistung in der ersten Runde mit einer hervorragenden \u00dcbersetzung eines Seneca-Briefes sowie der Bearbeitung der weiteren, durchaus kniffligen Zusatzaufgaben hatte sich Fabian auf Platz 1 in Oberfranken f\u00fcr die 2. Runde des Wettbewerbs qualifiziert.<\/p>\n<p>Auch die geforderte Leistung innerhalb der n\u00e4chsten Runde, die Interpretation eines lateinischen Textes aus Ciceros De legibus nach inhaltlichen und sprachlichen Kriterien, gelang Fabian au\u00dferordentlich gut, sodass sich Fabian nun zu den besten 50 Lateinsch\u00fclern seines Jahrgangs in Bayern z\u00e4hlen darf.<br \/>\nPr\u00e4miert wurde die herausragende Leistung von den Wettbewerbsveranstaltern, der Elisabeth-J.-Saal-Stiftung sowie der Eleonora-Schamberger-Stiftung in Zusammenarbeit mit dem Staatsministerium f\u00fcr Bildung, Kultus, Wissenschaft und Kunst, mit einer Urkunde \u2013 standesgem\u00e4\u00df in lateinischer Sprache verfasst \u2013, deren Text nat\u00fcrlich spielend leicht gleich entschl\u00fcsselt werden konnte.<\/p>\n<p>Au\u00dferdem erhielt Fabian von Frau Graf ein umfassendes B\u00fccherpaket \u00fcberreicht, das ebenfalls passend zum Wettbewerb Themen des Lateinkurses der zur\u00fcckliegenden eineinhalb Jahre aufwies \u2013 sehr zur Freude von Fabians Kursleiterin.<\/p>\n<p>Fabian hat damit eindrucksvoll bewiesen, ein welch vielseitiges Sprachentalent am RWG in den modernen Fremdsprachen sowie Latein herangewachsen ist: Trotz seines demn\u00e4chst anstehenden Abiturs stellte er sich erst k\u00fcrzlich erneut der Herausforderung des Bundeswettbewerbs Fremdsprachen in der aktuellen Runde des Sprachenwettbewerbs.<\/p>\n<p>Und auch in diesem Wettbewerb hat er schon eine ganz ansehnliche Erfolgsbilanz aus den letzten Jahren vorzuweisen.<\/p>\n<p>Wir sind schon gespannt auf Fabians weitere Ergebnisse und auch auf die seiner eifrigen Mitstreiter.<br \/>\n<em><br \/>\nS. Track<\/em><\/p>\n","protected":false},"excerpt":{"rendered":"<p>Wir gratulieren Fabian Lucas (Q12) zu seinem tollen Erfolg beim 30. Landeswettbewerb Alte Sprachen. Durch eine absolut bestechende Leistung in der ersten Runde mit einer hervorragenden \u00dcbersetzung eines Seneca-Briefes sowie der Bearbeitung der weiteren, durchaus kniffligen Zusatzaufgaben hatte sich Fabian auf Platz 1 in Oberfranken f\u00fcr die 2. Runde des Wettbewerbs qualifiziert. Auch die geforderte&hellip;<\/p>\n","protected":false},"author":1,"featured_media":18560,"comment_status":"closed","ping_status":"closed","sticky":false,"template":"","format":"standard","meta":{"footnotes":""},"categories":[1],"tags":[51,67,71],"_links":{"self":[{"href":"https:\/\/www.rwg-bayreuth.de\/home\/index.php?rest_route=\/wp\/v2\/posts\/18559"}],"collection":[{"href":"https:\/\/www.rwg-bayreuth.de\/home\/index.php?rest_route=\/wp\/v2\/posts"}],"about":[{"href":"https:\/\/www.rwg-bayreuth.de\/home\/index.php?rest_route=\/wp\/v2\/types\/post"}],"author":[{"embeddable":true,"href":"https:\/\/www.rwg-bayreuth.de\/home\/index.php?rest_route=\/wp\/v2\/users\/1"}],"replies":[{"embeddable":true,"href":"https:\/\/www.rwg-bayreuth.de\/home\/index.php?rest_route=%2Fwp%2Fv2%2Fcomments&post=18559"}],"version-history":[{"count":5,"href":"https:\/\/www.rwg-bayreuth.de\/home\/index.php?rest_route=\/wp\/v2\/posts\/18559\/revisions"}],"predecessor-version":[{"id":18567,"href":"https:\/\/www.rwg-bayreuth.de\/home\/index.php?rest_route=\/wp\/v2\/posts\/18559\/revisions\/18567"}],"wp:featuredmedia":[{"embeddable":true,"href":"https:\/\/www.rwg-bayreuth.de\/home\/index.php?rest_route=\/wp\/v2\/media\/18560"}],"wp:attachment":[{"href":"https:\/\/www.rwg-bayreuth.de\/home\/index.php?rest_route=%2Fwp%2Fv2%2Fmedia&parent=18559"}],"wp:term":[{"taxonomy":"category","embeddable":true,"href":"https:\/\/www.rwg-bayreuth.de\/home\/index.php?rest_route=%2Fwp%2Fv2%2Fcategories&post=18559"},{"taxonomy":"post_tag","embeddable":true,"href":"https:\/\/www.rwg-bayreuth.de\/home\/index.php?rest_route=%2Fwp%2Fv2%2Ftags&post=18559"}],"curies":[{"name":"wp","href":"https:\/\/api.w.org\/{rel}","templated":true}]}}